{"id":46455,"date":"2024-06-25T17:01:00","date_gmt":"2024-06-25T21:01:00","guid":{"rendered":"https:\/\/amazonia.fiocruz.br\/?p=46455"},"modified":"2024-06-25T17:01:01","modified_gmt":"2024-06-25T21:01:01","slug":"seminario-discute-amazonia-no-contexto-dos-eventos-climaticos-extremos","status":"publish","type":"post","link":"https:\/\/amazonia.fiocruz.br\/?p=46455","title":{"rendered":"Semin\u00e1rio discute Amaz\u00f4nia no contexto dos eventos clim\u00e1ticos extremos"},"content":{"rendered":"<section class=\"av_textblock_section \"  itemscope=\"itemscope\" itemtype=\"https:\/\/schema.org\/BlogPosting\" itemprop=\"blogPost\" ><div class='avia_textblock  '   itemprop=\"text\" ><p style=\"text-align: justify;\">O Programa de P\u00f3s-Gradua\u00e7\u00e3o em Sa\u00fade Coletiva (PPGSC) da Universidade do Estado do Amazonas (UEA) e o curso de Doutorado Acad\u00eamico em Sa\u00fade P\u00fablica na Amaz\u00f4nia (DASPAM), desenvolvido em parceria com o Instituto Le\u00f4nidas &amp; Maria Deane (ILMD\/ Fiocruz Amaz\u00f4nia), promoveram nos dias 20 e 21\/6, o semin\u00e1rio \u201cSa\u00fade Coletiva e Sustentabilidade: Amaz\u00f4nia no Contexto dos Eventos Clim\u00e1ticos Extremos\u201d. O evento reuniu especialistas de diversas institui\u00e7\u00f5es para discutir os desafios socioambientais e de sa\u00fade na Amaz\u00f4nia.<\/p>\n<p style=\"text-align: justify;\">Compuseram a mesa de abertura do semin\u00e1rio, o Coordenador da ESA, Ant\u00f4nio Eduardo Martinez; o Pr\u00f3-reitor de Pesquisa e P\u00f3s-gradua\u00e7\u00e3o da UEA, Roberto Sanches Mubarac; o Coordenador do PPGSC, Andr\u00e9 Luiz Machado das Neves; a Coordenadora do evento, Samia Feitoza Miguez; o Coordenador de Extens\u00e3o da UEA, Wagner Ferreira Monteiro, e a pesquisadora, Luiza Garnelo, Docente do DASPAM e, Coordenadora do Laborat\u00f3rio de Situa\u00e7\u00e3o de Sa\u00fade e Gest\u00e3o do Cuidado de Popula\u00e7\u00f5es Ind\u00edgenas e outros grupos vulner\u00e1veis (SAGESPI \u2013 ILMD \/ Fiocruz Amaz\u00f4nia).<\/p>\n<p><img decoding=\"async\" class=\"aligncenter size-full wp-image-46460\" src=\"https:\/\/amazonia.fiocruz.br\/wp-content\/uploads\/2024\/06\/6107a28d-f479-4805-85a5-ddb5cace5eac-scaled.jpg\" alt=\"\" width=\"2560\" height=\"1920\" srcset=\"https:\/\/amazonia.fiocruz.br\/wp-content\/uploads\/2024\/06\/6107a28d-f479-4805-85a5-ddb5cace5eac-scaled.jpg 2560w, https:\/\/amazonia.fiocruz.br\/wp-content\/uploads\/2024\/06\/6107a28d-f479-4805-85a5-ddb5cace5eac-300x225.jpg 300w, https:\/\/amazonia.fiocruz.br\/wp-content\/uploads\/2024\/06\/6107a28d-f479-4805-85a5-ddb5cace5eac-1030x773.jpg 1030w, https:\/\/amazonia.fiocruz.br\/wp-content\/uploads\/2024\/06\/6107a28d-f479-4805-85a5-ddb5cace5eac-768x576.jpg 768w, https:\/\/amazonia.fiocruz.br\/wp-content\/uploads\/2024\/06\/6107a28d-f479-4805-85a5-ddb5cace5eac-1536x1152.jpg 1536w, https:\/\/amazonia.fiocruz.br\/wp-content\/uploads\/2024\/06\/6107a28d-f479-4805-85a5-ddb5cace5eac-2048x1536.jpg 2048w, https:\/\/amazonia.fiocruz.br\/wp-content\/uploads\/2024\/06\/6107a28d-f479-4805-85a5-ddb5cace5eac-1500x1125.jpg 1500w, https:\/\/amazonia.fiocruz.br\/wp-content\/uploads\/2024\/06\/6107a28d-f479-4805-85a5-ddb5cace5eac-705x529.jpg 705w\" sizes=\"(max-width: 2560px) 100vw, 2560px\" \/><\/p>\n<p style=\"text-align: justify;\">Representando a Vice-Diretora de Pesquisa e Inova\u00e7\u00e3o do ILMD\/ Fiocruz Amaz\u00f4nia, a pesquisadora Luiza Garnelo, avalia o semin\u00e1rio de forma positiva, em especial para o estabelecimento de uma agenda que possibilite a discuss\u00e3o das quest\u00f5es clim\u00e1ticas, dado o atual momento de transi\u00e7\u00e3o clim\u00e1tica. \u201c\u00c9 um evento super importante, pois n\u00f3s estamos vivendo essa grande transi\u00e7\u00e3o clim\u00e1tica, absolutamente negativa, mas a gente precisa superar essa unidisciplinaridade que a sa\u00fade muitas vezes adota, e o sanitarismo \u00e9 um ambiente prop\u00edcio para isso, e abrir essa agenda de discuss\u00e3o, da quest\u00e3o clim\u00e1tica, do socioambientalismo, da sociodiversidade e das desigualdades socias, gerando perfis end\u00eamicos diversos, e para al\u00e9m disso, olharmos um pouco a sociedade civil amaz\u00f4nica e essas desigualdades socias que s\u00e3o o pano de fundo\u201d, destaca Garnelo.<\/p>\n<p style=\"text-align: justify;\">Coordenadora do evento, Samia Feitoza Miguez, destacou a import\u00e2ncia do envolvimento dos profissionais que atuam na sa\u00fade coletiva, neste debate. \u201cA sa\u00fade coletiva tem um papel fundamental nessa discuss\u00e3o, n\u00e3o s\u00f3 dos nossos futuros sanitaristas perceberem e problematizarem isso dentro das suas pesquisas como um tema transversal, mas abordarem diretamente os efeitos e consequ\u00eancias sanit\u00e1rias que esse cen\u00e1rio de mudan\u00e7as clim\u00e1ticas tem produzido, principalmente num contexto marcado por desigualdades sociais e econ\u00f4micas. N\u00e3o temos mais como pensar em adentrar esses m\u00faltiplos territ\u00f3rios amaz\u00f4nicos de unidades de conserva\u00e7\u00e3o, de terras ind\u00edgenas, de assentamentos, de \u00e1reas de v\u00e1rzea, sem pensar nessa problem\u00e1tica, sem pensar que ela \u00e9 o nosso pano de fundo\u201d, explica.<\/p>\n<p><img decoding=\"async\" class=\"aligncenter size-full wp-image-46461\" src=\"https:\/\/amazonia.fiocruz.br\/wp-content\/uploads\/2024\/06\/59c39833-a024-44f3-84b4-2fa0e31a0ccb-scaled.jpg\" alt=\"\" width=\"2560\" height=\"1920\" srcset=\"https:\/\/amazonia.fiocruz.br\/wp-content\/uploads\/2024\/06\/59c39833-a024-44f3-84b4-2fa0e31a0ccb-scaled.jpg 2560w, https:\/\/amazonia.fiocruz.br\/wp-content\/uploads\/2024\/06\/59c39833-a024-44f3-84b4-2fa0e31a0ccb-300x225.jpg 300w, https:\/\/amazonia.fiocruz.br\/wp-content\/uploads\/2024\/06\/59c39833-a024-44f3-84b4-2fa0e31a0ccb-1030x773.jpg 1030w, https:\/\/amazonia.fiocruz.br\/wp-content\/uploads\/2024\/06\/59c39833-a024-44f3-84b4-2fa0e31a0ccb-768x576.jpg 768w, https:\/\/amazonia.fiocruz.br\/wp-content\/uploads\/2024\/06\/59c39833-a024-44f3-84b4-2fa0e31a0ccb-1536x1152.jpg 1536w, https:\/\/amazonia.fiocruz.br\/wp-content\/uploads\/2024\/06\/59c39833-a024-44f3-84b4-2fa0e31a0ccb-2048x1536.jpg 2048w, https:\/\/amazonia.fiocruz.br\/wp-content\/uploads\/2024\/06\/59c39833-a024-44f3-84b4-2fa0e31a0ccb-1500x1125.jpg 1500w, https:\/\/amazonia.fiocruz.br\/wp-content\/uploads\/2024\/06\/59c39833-a024-44f3-84b4-2fa0e31a0ccb-705x529.jpg 705w\" sizes=\"(max-width: 2560px) 100vw, 2560px\" \/><\/p>\n<p style=\"text-align: justify;\">Segundo Samia, o atual momento clim\u00e1tico, reafirma a necessidade de novos olhares e discuss\u00f5es sobre novos quadros sanit\u00e1rios. \u201cEm outro momento, pens\u00e1vamos que a sustentabilidade era o nosso pano de fundo, era preciso discutir o desenvolvimento sustent\u00e1vel, os objetivos do mil\u00eanio, a agenda 2030. Agora, a gente chegou no momento, que precisamos discutir tamb\u00e9m as din\u00e2micas e atividades de regenera\u00e7\u00e3o dessas \u00e1reas que est\u00e3o sendo impactadas. A gente j\u00e1 precisa pensar em problematizar esses novos quadros sanit\u00e1rios, e pensar nos efeitos que isso tem ocasionado na produ\u00e7\u00e3o de doen\u00e7as, de agravos emergentes, reemergentes, dentro dessas situa\u00e7\u00f5es todas\u201d, enfatiza.<\/p>\n<p style=\"text-align: justify;\">Roberto Sanches Mubarac, avaliou de forma positiva a realiza\u00e7\u00e3o do evento. \u201cOs dois programas tiveram muita felicidade em fazer essa articula\u00e7\u00e3o entre a sa\u00fade e a sustentabilidade, fazendo essa transversalidade extremamente importante, n\u00e3o focando apenas no p\u00fablico da p\u00f3s-gradua\u00e7\u00e3o, mas trazer tamb\u00e9m os alunos da gradua\u00e7\u00e3o para fazer essa discuss\u00e3o. A gente precisa formar essas novas gera\u00e7\u00f5es para lidar com problemas t\u00e3o s\u00e9rios que a nossa gera\u00e7\u00e3o deixou. Esse evento \u00e9 essencial para que a gente possa aprender com os povos ind\u00edgenas, com as novas gera\u00e7\u00f5es, para que a gente possa lutar por perspectivas melhores para nossa sociedade\u201d, destaca.<\/p>\n<p style=\"text-align: justify;\"><strong>SOBRE O PPGSC<\/strong><\/p>\n<p style=\"text-align: justify;\">O curso estrutura-se em torno de uma \u00fanica \u00e1rea de concentra\u00e7\u00e3o, SA\u00daDE COLETIVA. A \u00e1rea produz saberes e conhecimentos acerca do objeto \u201csa\u00fade\u201d, articulando distintas disciplinas (epidemiologia; ci\u00eancias sociais e humanas em sa\u00fade; pol\u00edticas, planejamento e gest\u00e3o de sistemas e servi\u00e7os de sa\u00fade) que o contemplam sob v\u00e1rios \u00e2ngulos; e um \u00e2mbito de pr\u00e1ticas, onde se realizam a\u00e7\u00f5es em diferentes contextos por diversos atores, dentro e fora do espa\u00e7o convencionalmente reconhecido como \u201csetor sa\u00fade\u201d.<\/p>\n<p style=\"text-align: justify;\">Como campo de conhecimento, a Sa\u00fade Coletiva estuda o fen\u00f4meno sa\u00fade-doen\u00e7a enquanto processo social em popula\u00e7\u00f5es; investiga a produ\u00e7\u00e3o e distribui\u00e7\u00e3o das doen\u00e7as na sociedade como resultado de processos de produ\u00e7\u00e3o e reprodu\u00e7\u00e3o social; analisa as pr\u00e1ticas de sa\u00fade na sua articula\u00e7\u00e3o com as demais pr\u00e1ticas sociais; procura compreender as formas pelas quais a sociedade identifica suas necessidades e problemas de sa\u00fade, busca sua explica\u00e7\u00e3o e se organiza para enfrent\u00e1-los. O programa se prop\u00f5e a aprofundar o conhecimento t\u00e9cnico e acad\u00eamico na sa\u00fade coletiva no contexto amaz\u00f4nico, aliado ao desenvolvimento de compet\u00eancias e habilidades na condu\u00e7\u00e3o de estudos na \u00e1rea de Sa\u00fade Coletiva.<\/p>\n<p style=\"text-align: justify;\"><strong>SOBRE O DASPAM<\/strong><\/p>\n<p style=\"text-align: justify;\">O curso tem como objetivos: Capacitar pesquisadores para exercitar an\u00e1lises cr\u00edticas, utilizando, de forma integrada, conceitos e recursos metodol\u00f3gicos da sa\u00fade coletiva, biologia parasit\u00e1ria, epidemiologia, ci\u00eancias sociais aplicadas \u00e0 sa\u00fade, e de outras \u00e1reas conexas; Desenvolver modelos anal\u00edticos de processos de sa\u00fade\/doen\u00e7a\/cuidados, tomando como refer\u00eancia o quadro epidemiol\u00f3gico, econ\u00f4mico, s\u00f3cio antropol\u00f3gico, hist\u00f3rico, biol\u00f3gico e ambiental no cen\u00e1rio regional e suas interfaces com os contextos nacional e internacional de globaliza\u00e7\u00e3o da Amaz\u00f4nia; Contribuir, te\u00f3rica e tecnicamente, para a formula\u00e7\u00e3o, implementa\u00e7\u00e3o e gest\u00e3o de pol\u00edticas setoriais, bem como atuar, neste campo, na doc\u00eancia e na pesquisa.<\/p>\n<h6 style=\"text-align: justify;\"><em><strong>ILMD \/ Fiocruz Amaz\u00f4nia, por Eduardo Gomes<\/strong><\/em><\/h6>\n<h6 style=\"text-align: justify;\"><em><strong>Fotos: Eduardo Gomes<\/strong><\/em><\/h6>\n<\/div><\/section>\n","protected":false},"excerpt":{"rendered":"<p>O evento reuniu especialistas de diversas institui\u00e7\u00f5es para discutir os desafios socioambientais e de sa\u00fade na Amaz\u00f4nia.<\/p>\n","protected":false},"author":20,"featured_media":46456,"comment_status":"closed","ping_status":"closed","sticky":true,"template":"","format":"image","meta":{"footnotes":""},"categories":[15],"tags":[1032,136,120,131,682],"class_list":["post-46455","post","type-post","status-publish","format-image","has-post-thumbnail","hentry","category-noticias","tag-daspam","tag-fiocruz","tag-fiocruz-amazonia","tag-ilmdfiocruz-amazonia","tag-saude-coletiva","post_format-post-format-image"],"_links":{"self":[{"href":"https:\/\/amazonia.fiocruz.br\/index.php?rest_route=\/wp\/v2\/posts\/46455","targetHints":{"allow":["GET"]}}],"collection":[{"href":"https:\/\/amazonia.fiocruz.br\/index.php?rest_route=\/wp\/v2\/posts"}],"about":[{"href":"https:\/\/amazonia.fiocruz.br\/index.php?rest_route=\/wp\/v2\/types\/post"}],"author":[{"embeddable":true,"href":"https:\/\/amazonia.fiocruz.br\/index.php?rest_route=\/wp\/v2\/users\/20"}],"replies":[{"embeddable":true,"href":"https:\/\/amazonia.fiocruz.br\/index.php?rest_route=%2Fwp%2Fv2%2Fcomments&post=46455"}],"version-history":[{"count":1,"href":"https:\/\/amazonia.fiocruz.br\/index.php?rest_route=\/wp\/v2\/posts\/46455\/revisions"}],"predecessor-version":[{"id":46462,"href":"https:\/\/amazonia.fiocruz.br\/index.php?rest_route=\/wp\/v2\/posts\/46455\/revisions\/46462"}],"wp:featuredmedia":[{"embeddable":true,"href":"https:\/\/amazonia.fiocruz.br\/index.php?rest_route=\/wp\/v2\/media\/46456"}],"wp:attachment":[{"href":"https:\/\/amazonia.fiocruz.br\/index.php?rest_route=%2Fwp%2Fv2%2Fmedia&parent=46455"}],"wp:term":[{"taxonomy":"category","embeddable":true,"href":"https:\/\/amazonia.fiocruz.br\/index.php?rest_route=%2Fwp%2Fv2%2Fcategories&post=46455"},{"taxonomy":"post_tag","embeddable":true,"href":"https:\/\/amazonia.fiocruz.br\/index.php?rest_route=%2Fwp%2Fv2%2Ftags&post=46455"}],"curies":[{"name":"wp","href":"https:\/\/api.w.org\/{rel}","templated":true}]}}