{"id":46450,"date":"2024-06-23T14:16:10","date_gmt":"2024-06-23T18:16:10","guid":{"rendered":"https:\/\/amazonia.fiocruz.br\/?p=46450"},"modified":"2024-06-23T14:16:11","modified_gmt":"2024-06-23T18:16:11","slug":"profsaude-divulga-resultado-da-terceira-etapa-prova-oral-do-processo-de-selecao-para-o-mestrado","status":"publish","type":"post","link":"https:\/\/amazonia.fiocruz.br\/?p=46450","title":{"rendered":"<strong>PROFSAUDE divulga resultado da terceira etapa \u2013 Prova Oral do processo de sele\u00e7\u00e3o para o Mestrado<\/strong>"},"content":{"rendered":"<section class=\"av_textblock_section \"  itemscope=\"itemscope\" itemtype=\"https:\/\/schema.org\/BlogPosting\" itemprop=\"blogPost\" ><div class='avia_textblock  '   itemprop=\"text\" ><p style=\"text-align: justify;\">A Comiss\u00e3o de Sele\u00e7\u00e3o do Mestrado Profissional em Sa\u00fade da Fam\u00edlia \u2013 PROFSA\u00daDE, polo Fiocruz Amaz\u00f4nia, torna p\u00fablico o resultado da terceira etapa \u2013 Prova Oral, conforme Edital n\u00ba 01\/2023. Confira <a href=\"https:\/\/amazonia.fiocruz.br\/wp-content\/uploads\/2024\/06\/profsaude_resultado3etapa_provaoral.pdf\">aqui<\/a> o resultado.<\/p>\n<p style=\"text-align: justify;\">As provas foram aplicadas na Sala 101, primeiro andar do Instituto Le\u00f4nidas &amp; Maria Deane (ILMD\/Fiocruz Amaz\u00f4nia), situado na Rua Teresina, 476, Adrian\u00f3polis, Manaus\/AM, conforme disposi\u00e7\u00e3o de hor\u00e1rios estabelecida pela Comiss\u00e3o de Sele\u00e7\u00e3o.<\/p>\n<p style=\"text-align: justify;\"><strong>SOBRE O PROFSA\u00daDE<\/strong><\/p>\n<p style=\"text-align: justify;\">O ProfSa\u00fade\/ MPSF \u00e9 um programa de p\u00f3s-gradua\u00e7\u00e3o stricto sensu em Sa\u00fade da Fam\u00edlia, reconhecido pela Coordena\u00e7\u00e3o de Aperfei\u00e7oamento de Pessoal de N\u00edvel Superior (CAPES) do Minist\u00e9rio da Educa\u00e7\u00e3o.<\/p>\n<p style=\"text-align: justify;\">O curso visa formar profissionais aptos a atuarem como preceptores para gradua\u00e7\u00e3o e resid\u00eancia m\u00e9dica em Sa\u00fade da Fam\u00edlia, com o intuito de contribuir para a melhoria do atendimento dos usu\u00e1rios do Sistema \u00danico de Sa\u00fade (SUS), fortalecer as atividades educacionais de produ\u00e7\u00e3o do conhecimento e de gest\u00e3o na Sa\u00fade da Fam\u00edlia nas diversas regi\u00f5es do pa\u00eds e estabelecer uma rela\u00e7\u00e3o integradora entre o servi\u00e7o de sa\u00fade, os trabalhadores, os estudantes na \u00e1rea de sa\u00fade e os usu\u00e1rios.<\/p>\n<p style=\"text-align: justify;\">O ProfSa\u00fade\/MPSF \u00e9 semipresencial, com oferta nacional, realizado na modalidade de ensino a dist\u00e2ncia com previs\u00e3o de 9 encontros presenciais. As institui\u00e7\u00f5es de Ensino Superior (IES) que integram a Rede Nacional do ProfSa\u00fade\/ MPSF s\u00e3o denominadas Institui\u00e7\u00f5es Associadas, e s\u00e3o respons\u00e1veis pela execu\u00e7\u00e3o do curso.<\/p>\n<p><em>ILMD\/Fiocruz Amaz\u00f4nia, Por J\u00falio Pedrosa<\/em><\/p>\n<p><em>Imagem: Mackesy Nascimento<\/em><\/p>\n<\/div><\/section>\n","protected":false},"excerpt":{"rendered":"<p>Resultados est\u00e3o dispon\u00edveis no site da Fiocruz Amaz\u00f4nia. Provas foram aplicadas na Sala 101, ILMD\/Fiocruz Amaz\u00f4nia,, conforme disposi\u00e7\u00e3o de hor\u00e1rios estabelecida pela Comiss\u00e3o de Sele\u00e7\u00e3o<\/p>\n","protected":false},"author":60,"featured_media":46451,"comment_status":"closed","ping_status":"closed","sticky":true,"template":"","format":"image","meta":{"footnotes":""},"categories":[15],"tags":[],"class_list":["post-46450","post","type-post","status-publish","format-image","has-post-thumbnail","hentry","category-noticias","post_format-post-format-image"],"_links":{"self":[{"href":"https:\/\/amazonia.fiocruz.br\/index.php?rest_route=\/wp\/v2\/posts\/46450","targetHints":{"allow":["GET"]}}],"collection":[{"href":"https:\/\/amazonia.fiocruz.br\/index.php?rest_route=\/wp\/v2\/posts"}],"about":[{"href":"https:\/\/amazonia.fiocruz.br\/index.php?rest_route=\/wp\/v2\/types\/post"}],"author":[{"embeddable":true,"href":"https:\/\/amazonia.fiocruz.br\/index.php?rest_route=\/wp\/v2\/users\/60"}],"replies":[{"embeddable":true,"href":"https:\/\/amazonia.fiocruz.br\/index.php?rest_route=%2Fwp%2Fv2%2Fcomments&post=46450"}],"version-history":[{"count":1,"href":"https:\/\/amazonia.fiocruz.br\/index.php?rest_route=\/wp\/v2\/posts\/46450\/revisions"}],"predecessor-version":[{"id":46452,"href":"https:\/\/amazonia.fiocruz.br\/index.php?rest_route=\/wp\/v2\/posts\/46450\/revisions\/46452"}],"wp:featuredmedia":[{"embeddable":true,"href":"https:\/\/amazonia.fiocruz.br\/index.php?rest_route=\/wp\/v2\/media\/46451"}],"wp:attachment":[{"href":"https:\/\/amazonia.fiocruz.br\/index.php?rest_route=%2Fwp%2Fv2%2Fmedia&parent=46450"}],"wp:term":[{"taxonomy":"category","embeddable":true,"href":"https:\/\/amazonia.fiocruz.br\/index.php?rest_route=%2Fwp%2Fv2%2Fcategories&post=46450"},{"taxonomy":"post_tag","embeddable":true,"href":"https:\/\/amazonia.fiocruz.br\/index.php?rest_route=%2Fwp%2Fv2%2Ftags&post=46450"}],"curies":[{"name":"wp","href":"https:\/\/api.w.org\/{rel}","templated":true}]}}