{"id":46444,"date":"2024-06-23T11:41:27","date_gmt":"2024-06-23T15:41:27","guid":{"rendered":"https:\/\/amazonia.fiocruz.br\/?p=46444"},"modified":"2024-06-23T11:42:03","modified_gmt":"2024-06-23T15:42:03","slug":"fiocruz-amazonia-passa-a-integrar-conselho-estadual-de-recursos-hidricos-do-amazonas","status":"publish","type":"post","link":"https:\/\/amazonia.fiocruz.br\/?p=46444","title":{"rendered":"<strong>Fiocruz Amaz\u00f4nia passa a integrar Conselho Estadual de Recursos H\u00eddricos do Amazonas<\/strong>"},"content":{"rendered":"<section class=\"av_textblock_section \"  itemscope=\"itemscope\" itemtype=\"https:\/\/schema.org\/BlogPosting\" itemprop=\"blogPost\" ><div class='avia_textblock  '   itemprop=\"text\" ><p style=\"text-align: justify;\">O Instituto Le\u00f4nidas &amp; Maria Deane (ILMD\/Fiocruz Amaz\u00f4nia) passou a integrar, desde o \u00faltimo dia 13\/06, o Conselho Estadual de Recursos H\u00eddricos, \u00f3rg\u00e3o consultivo, deliberativo e normativo ligado \u00e0 Secretaria de Estado de Meio Ambiente (Sema) do Amazonas, respons\u00e1vel pela cria\u00e7\u00e3o de instrumentos de gest\u00e3o integrada e participativa das \u00e1guas subterr\u00e2neas e superficiais no Estado. Representando a Fiocruz Amaz\u00f4nia, a bi\u00f3loga Luciete Almeida, chefe do N\u00facleo de Bacteriologia do Laborat\u00f3rio Diversidade Microbiana da Amaz\u00f4nia com Import\u00e2ncia para a Sa\u00fade (DMAIS), fez a defesa da participa\u00e7\u00e3o da Fiocruz Amaz\u00f4nia no colegiado, realizando uma apresenta\u00e7\u00e3o acerca do trabalho desenvolvido pela institui\u00e7\u00e3o no monitoramento da qualidade da \u00e1gua em comunidades ribeirinhas no interior do Estado, por meio de projeto financiado pela Funda\u00e7\u00e3o de Amparo \u00e0 Pesquisa do Estado do Amazonas (Fapeam).<\/p>\n<p style=\"text-align: justify;\"><img decoding=\"async\" class=\"alignnone wp-image-46445\" src=\"https:\/\/amazonia.fiocruz.br\/wp-content\/uploads\/2024\/06\/IMG_9859-300x200.jpg\" alt=\"\" width=\"1692\" height=\"1126\" srcset=\"https:\/\/amazonia.fiocruz.br\/wp-content\/uploads\/2024\/06\/IMG_9859-300x200.jpg 300w, https:\/\/amazonia.fiocruz.br\/wp-content\/uploads\/2024\/06\/IMG_9859-768x512.jpg 768w, https:\/\/amazonia.fiocruz.br\/wp-content\/uploads\/2024\/06\/IMG_9859-705x470.jpg 705w\" sizes=\"(max-width: 1692px) 100vw, 1692px\" \/><\/p>\n<p style=\"text-align: justify;\">As pesquisas de monitoramento da qualidade da \u00e1gua s\u00e3o objeto de estudo da pesquisadora Luciete Almeida, que tamb\u00e9m trabalha a quest\u00e3o da educa\u00e7\u00e3o ambiental junto aos ribeirinhos. Com base nessa experi\u00eancia, o ILMD\/ Fiocruz Amaz\u00f4nia passou a tomar assento no CERH, como convidado fixo. O pedido de inser\u00e7\u00e3o foi feito durante a 57\u00aa Reuni\u00e3o Ordin\u00e1ria, ocorrida em 13 de setembro de 2023. O pedido foi aprovado por unanimidade pela plen\u00e1ria. A apresenta\u00e7\u00e3o institucional foi realizada no audit\u00f3rio da Sema. Para Luciete Almeida, a participa\u00e7\u00e3o no Conselho abre a possibilidade de participa\u00e7\u00e3o efetiva da Fiocruz Amaz\u00f4nia na discuss\u00e3o e aprova\u00e7\u00e3o de pol\u00edticas p\u00fablicas de recursos h\u00eddricos, com \u00eanfase na quest\u00e3o da potabilidade.<\/p>\n<p style=\"text-align: justify;\">O Projeto de Educa\u00e7\u00e3o Ambiental em Comunidades Rurais do Estado do Amazonas: Uma proposta de pesquisa-a\u00e7\u00e3o para o monitoramento da qualidade da \u00e1gua\u201d, desenvolvido por Luciete Almeida, foi apresentado no workshop \u201c\u00c1gua e Clima: Saberes da Amaz\u00f4nia\u201d, promovido pela Sema, em mar\u00e7o deste ano, destacando o compromisso da Fiocruz Amaz\u00f4nia em conscientizar as comunidades tradicionais amaz\u00f4nicas, sobre o consumo da \u00e1gua pot\u00e1vel e os riscos oferecidos pela contamina\u00e7\u00e3o h\u00eddrica.<\/p>\n<p style=\"text-align: justify;\"><img decoding=\"async\" class=\"alignnone wp-image-46446\" src=\"https:\/\/amazonia.fiocruz.br\/wp-content\/uploads\/2024\/06\/salete-almeida-foto-editada-300x238.jpg\" alt=\"\" width=\"1676\" height=\"1330\" srcset=\"https:\/\/amazonia.fiocruz.br\/wp-content\/uploads\/2024\/06\/salete-almeida-foto-editada-300x238.jpg 300w, https:\/\/amazonia.fiocruz.br\/wp-content\/uploads\/2024\/06\/salete-almeida-foto-editada-1030x816.jpg 1030w, https:\/\/amazonia.fiocruz.br\/wp-content\/uploads\/2024\/06\/salete-almeida-foto-editada-768x609.jpg 768w, https:\/\/amazonia.fiocruz.br\/wp-content\/uploads\/2024\/06\/salete-almeida-foto-editada-1500x1189.jpg 1500w, https:\/\/amazonia.fiocruz.br\/wp-content\/uploads\/2024\/06\/salete-almeida-foto-editada-705x559.jpg 705w\" sizes=\"(max-width: 1676px) 100vw, 1676px\" \/><\/p>\n<p style=\"text-align: justify;\">\u201cA Fiocruz Amaz\u00f4nia, al\u00e9m de pesquisar tamb\u00e9m tem por responsabilidade levar o conhecimento \u00e0s comunidades, e trabalhar para que elas se conscientizem quanto ao consumo correto da \u00e1gua, a import\u00e2ncia de a\u00e7\u00f5es simples e pontuais que amenizam o impacto da contamina\u00e7\u00e3o h\u00eddrica, al\u00e9m de orientar as prefeituras quanto \u00e0 ado\u00e7\u00e3o de pol\u00edticas p\u00fablicas, que solucionem ou reduzam o consumo de \u00e1gua contaminada por estas comunidades\u201d, explica Luciete.<\/p>\n<p style=\"text-align: justify;\">O projeto j\u00e1 foi executado em comunidades rurais de 12 munic\u00edpios amazonenses. Como forma de orientar os moradores, s\u00e3o realizadas oficinas nas quais a equipe explica a import\u00e2ncia do consumo da \u00e1gua pot\u00e1vel, os impactos da contamina\u00e7\u00e3o h\u00eddrica, al\u00e9m de realizar a coleta e an\u00e1lise da \u00e1gua consumida pela comunidade. Os moradores tamb\u00e9m recebem cartilhas do projeto contendo orienta\u00e7\u00f5es sobre a import\u00e2ncia do consumo da \u00e1gua pot\u00e1vel e dicas simples de como lavar as m\u00e3os, higienizar os vasilhames, a utiliza\u00e7\u00e3o correta do hipoclorito, entre outras.<\/p>\n<p><em>ILMD\/Fiocruz Amaz\u00f4nia, Por J\u00falio Pedrosa<\/em><\/p>\n<p><em>Fotos: Arquivo\/Fiocruz Amaz\u00f4nia<\/em><\/p>\n<\/div><\/section>\n","protected":false},"excerpt":{"rendered":"<p>Representando a Fiocruz Amaz\u00f4nia no colegiado, a bi\u00f3loga Luciete Almeida, chefe do N\u00facleo de Bacteriologia do Laborat\u00f3rio Diversidade Microbiana da Amaz\u00f4nia com Import\u00e2ncia para a Sa\u00fade (DMAIS) <\/p>\n","protected":false},"author":60,"featured_media":46447,"comment_status":"closed","ping_status":"closed","sticky":true,"template":"","format":"image","meta":{"footnotes":""},"categories":[15],"tags":[],"class_list":["post-46444","post","type-post","status-publish","format-image","has-post-thumbnail","hentry","category-noticias","post_format-post-format-image"],"_links":{"self":[{"href":"https:\/\/amazonia.fiocruz.br\/index.php?rest_route=\/wp\/v2\/posts\/46444","targetHints":{"allow":["GET"]}}],"collection":[{"href":"https:\/\/amazonia.fiocruz.br\/index.php?rest_route=\/wp\/v2\/posts"}],"about":[{"href":"https:\/\/amazonia.fiocruz.br\/index.php?rest_route=\/wp\/v2\/types\/post"}],"author":[{"embeddable":true,"href":"https:\/\/amazonia.fiocruz.br\/index.php?rest_route=\/wp\/v2\/users\/60"}],"replies":[{"embeddable":true,"href":"https:\/\/amazonia.fiocruz.br\/index.php?rest_route=%2Fwp%2Fv2%2Fcomments&post=46444"}],"version-history":[{"count":2,"href":"https:\/\/amazonia.fiocruz.br\/index.php?rest_route=\/wp\/v2\/posts\/46444\/revisions"}],"predecessor-version":[{"id":46449,"href":"https:\/\/amazonia.fiocruz.br\/index.php?rest_route=\/wp\/v2\/posts\/46444\/revisions\/46449"}],"wp:featuredmedia":[{"embeddable":true,"href":"https:\/\/amazonia.fiocruz.br\/index.php?rest_route=\/wp\/v2\/media\/46447"}],"wp:attachment":[{"href":"https:\/\/amazonia.fiocruz.br\/index.php?rest_route=%2Fwp%2Fv2%2Fmedia&parent=46444"}],"wp:term":[{"taxonomy":"category","embeddable":true,"href":"https:\/\/amazonia.fiocruz.br\/index.php?rest_route=%2Fwp%2Fv2%2Fcategories&post=46444"},{"taxonomy":"post_tag","embeddable":true,"href":"https:\/\/amazonia.fiocruz.br\/index.php?rest_route=%2Fwp%2Fv2%2Ftags&post=46444"}],"curies":[{"name":"wp","href":"https:\/\/api.w.org\/{rel}","templated":true}]}}