{"id":45755,"date":"2024-06-04T20:02:14","date_gmt":"2024-06-05T00:02:14","guid":{"rendered":"https:\/\/amazonia.fiocruz.br\/?p=45755"},"modified":"2024-06-04T20:02:14","modified_gmt":"2024-06-05T00:02:14","slug":"21a-raic-da-fiocruz-amazonia-inicia-com-palestra-sobre-combate-a-desinformacao-na-saude-publica","status":"publish","type":"post","link":"https:\/\/amazonia.fiocruz.br\/?p=45755","title":{"rendered":"21\u00aa RAIC da Fiocruz Amaz\u00f4nia inicia com palestra sobre combate \u00e0 desinforma\u00e7\u00e3o na sa\u00fade p\u00fablica"},"content":{"rendered":"<section class=\"av_textblock_section \"  itemscope=\"itemscope\" itemtype=\"https:\/\/schema.org\/BlogPosting\" itemprop=\"blogPost\" ><div class='avia_textblock  '   itemprop=\"text\" ><p style=\"text-align: justify;\">Discutir os impactos negativos da desinforma\u00e7\u00e3o no campo da sa\u00fade p\u00fablica, al\u00e9m de capacitar estudantes e pesquisadores para identificar, compreender e combater a prolifera\u00e7\u00e3o de informa\u00e7\u00f5es falsas e enganosas, especialmente em tempos de crise sanit\u00e1ria, foi um dos objetivos da palestra de abertura, da 21\u00aa edi\u00e7\u00e3o da Reuni\u00e3o Anual de Inicia\u00e7\u00e3o Cient\u00edfica (Raic), no \u00e2mbito do Programa Institucional de Bolsas de Inicia\u00e7\u00e3o Cient\u00edfica (PIC) do Instituto Le\u00f4nidas &amp; Maria Deane (ILMD\/Fiocruz Amaz\u00f4nia).<\/p>\n<p style=\"text-align: justify;\">A palestra \u201cInfodemia: Como Combat\u00ea-la na Era da Informa\u00e7\u00e3o?\u201d, foi ministrada pela Dra. Em Ci\u00eancias da Informa\u00e7\u00e3o, Cristiane Barbosa, professora do curso de Jornalismo da Faculdade de Informa\u00e7\u00e3o e Comunica\u00e7\u00e3o, da Universidade Federal do Amazonas (Ufam), nesta ter\u00e7a-feira, 4\/6, durante a abertura do evento. A 21\u00aa Raic da Fiocruz Amaz\u00f4nia, ocorre at\u00e9 sexta-feira, 7\/6, no Sal\u00e3o Canoas, audit\u00f3rio da Institui\u00e7\u00e3o, situado \u00e0 Rua Teresina, 476, Adrian\u00f3polis, zona centro-sul de Manaus.<\/p>\n<p><img decoding=\"async\" class=\"aligncenter size-full wp-image-45757\" src=\"https:\/\/amazonia.fiocruz.br\/wp-content\/uploads\/2024\/06\/MG_8040-scaled.jpg\" alt=\"\" width=\"2560\" height=\"1707\" srcset=\"https:\/\/amazonia.fiocruz.br\/wp-content\/uploads\/2024\/06\/MG_8040-scaled.jpg 2560w, https:\/\/amazonia.fiocruz.br\/wp-content\/uploads\/2024\/06\/MG_8040-300x200.jpg 300w, https:\/\/amazonia.fiocruz.br\/wp-content\/uploads\/2024\/06\/MG_8040-1030x687.jpg 1030w, https:\/\/amazonia.fiocruz.br\/wp-content\/uploads\/2024\/06\/MG_8040-768x512.jpg 768w, https:\/\/amazonia.fiocruz.br\/wp-content\/uploads\/2024\/06\/MG_8040-1536x1024.jpg 1536w, https:\/\/amazonia.fiocruz.br\/wp-content\/uploads\/2024\/06\/MG_8040-2048x1365.jpg 2048w, https:\/\/amazonia.fiocruz.br\/wp-content\/uploads\/2024\/06\/MG_8040-1500x1000.jpg 1500w, https:\/\/amazonia.fiocruz.br\/wp-content\/uploads\/2024\/06\/MG_8040-705x470.jpg 705w\" sizes=\"(max-width: 2560px) 100vw, 2560px\" \/><\/p>\n<p style=\"text-align: justify;\">\u201cfalar na abertura da 21\u00aa Raic da Fiocruz Amaz\u00f4nia, sobre infodemia para jovens e pesquisadores, que trabalham na perspectiva da inicia\u00e7\u00e3o cient\u00edfica \u00e9 muito importante. Trouxe para ele conceitos sobre infodemia, desinforma\u00e7\u00e3o, exemplos na sociedade que buscam enganar as pessoas. A Fiocruz promover esse di\u00e1logo \u00e9 essencial e, seria muito importante que outras institui\u00e7\u00f5es seguissem nessa linha da comunica\u00e7\u00e3o eficaz para promover a sa\u00fade e combater a desinforma\u00e7\u00e3o\u201d, enfatiza Cristiane Barbosa.<\/p>\n<p style=\"text-align: justify;\"><a href=\"https:\/\/amazonia.fiocruz.br\/wp-content\/uploads\/2024\/05\/Programacao_RAIC-2024-1.pdf\">Confira AQUI a programa\u00e7\u00e3o<\/a>.<\/p>\n<p style=\"text-align: justify;\">Compuseram a mesa de abertura do evento, a Diretora substituta e Vice-Diretora de Pesquisa e Inova\u00e7\u00e3o do ILMD\/Fiocruz Amaz\u00f4nia, Michele El Kadri; o Coordenador do Programa de Inicia\u00e7\u00e3o Cient\u00edfica da Fiocruz Amaz\u00f4nia, Yury Chaves; a representante do Programa Pol\u00edticas P\u00fablicas e Modelos de Aten\u00e7\u00e3o e Gest\u00e3o \u00e0 Sa\u00fade da Vice-Presid\u00eancia de Pesquisa e Cole\u00e7\u00f5es Biol\u00f3gicas da Funda\u00e7\u00e3o Oswaldo Cruz (VPPCB\/Fiocruz), Rosane Souza; a Chefe do Departamento de Acompanhamento e Avalia\u00e7\u00e3o da Funda\u00e7\u00e3o de Amparo \u00e0 Pesquisa do Estado do Amazonas (DEAC\/Fapeam), Ana Cl\u00e1udia Maquin\u00e9; e a Reitora do Centro Universit\u00e1rio Fametro, Maria do Carmo Seffair.<\/p>\n<p><img decoding=\"async\" class=\"aligncenter size-full wp-image-45758\" src=\"https:\/\/amazonia.fiocruz.br\/wp-content\/uploads\/2024\/06\/MG_8015-scaled.jpg\" alt=\"\" width=\"2560\" height=\"1707\" srcset=\"https:\/\/amazonia.fiocruz.br\/wp-content\/uploads\/2024\/06\/MG_8015-scaled.jpg 2560w, https:\/\/amazonia.fiocruz.br\/wp-content\/uploads\/2024\/06\/MG_8015-300x200.jpg 300w, https:\/\/amazonia.fiocruz.br\/wp-content\/uploads\/2024\/06\/MG_8015-1030x687.jpg 1030w, https:\/\/amazonia.fiocruz.br\/wp-content\/uploads\/2024\/06\/MG_8015-768x512.jpg 768w, https:\/\/amazonia.fiocruz.br\/wp-content\/uploads\/2024\/06\/MG_8015-1536x1024.jpg 1536w, https:\/\/amazonia.fiocruz.br\/wp-content\/uploads\/2024\/06\/MG_8015-2048x1365.jpg 2048w, https:\/\/amazonia.fiocruz.br\/wp-content\/uploads\/2024\/06\/MG_8015-1500x1000.jpg 1500w, https:\/\/amazonia.fiocruz.br\/wp-content\/uploads\/2024\/06\/MG_8015-705x470.jpg 705w\" sizes=\"(max-width: 2560px) 100vw, 2560px\" \/><\/p>\n<p style=\"text-align: justify;\">Na oportunidade, Michele El Kadri, destacou a import\u00e2ncia do programa para a institui\u00e7\u00e3o e falou sobre a atua\u00e7\u00e3o desses estudantes nos laborat\u00f3rios de pesquisa. \u201cEsse ano a RAIC tem um sentido especial, pois \u00e9 um ano importante para o ILMD, onde completamos os nossos 30 anos, dos quais a maior parte dele, contamos com a execu\u00e7\u00e3o do programa de inicia\u00e7\u00e3o cient\u00edfica. Muitos dos nossos pesquisadores, bolsistas, ou aqueles que at\u00e9 hoje continuam ligados aos nossos laborat\u00f3rios de pesquisa foram alunos de inicia\u00e7\u00e3o cient\u00edfica n\u00e3o \u00f3 do ILMD, mas tamb\u00e9m espalhados por outras intui\u00e7\u00f5es de pesquisa e ensino no Amazonas. Esse \u00e9 um programa institucional de grande aceita\u00e7\u00e3o entre os laborat\u00f3rios, onde nossos pesquisadores contam com o trabalho da gradua\u00e7\u00e3o e tem a satisfa\u00e7\u00e3o de trabalhar na forma\u00e7\u00e3o de novos cientistas\u201d.<\/p>\n<p><img decoding=\"async\" class=\"aligncenter size-full wp-image-45759\" src=\"https:\/\/amazonia.fiocruz.br\/wp-content\/uploads\/2024\/06\/MG_8003-scaled.jpg\" alt=\"\" width=\"2560\" height=\"1707\" srcset=\"https:\/\/amazonia.fiocruz.br\/wp-content\/uploads\/2024\/06\/MG_8003-scaled.jpg 2560w, https:\/\/amazonia.fiocruz.br\/wp-content\/uploads\/2024\/06\/MG_8003-300x200.jpg 300w, https:\/\/amazonia.fiocruz.br\/wp-content\/uploads\/2024\/06\/MG_8003-1030x687.jpg 1030w, https:\/\/amazonia.fiocruz.br\/wp-content\/uploads\/2024\/06\/MG_8003-768x512.jpg 768w, https:\/\/amazonia.fiocruz.br\/wp-content\/uploads\/2024\/06\/MG_8003-1536x1024.jpg 1536w, https:\/\/amazonia.fiocruz.br\/wp-content\/uploads\/2024\/06\/MG_8003-2048x1365.jpg 2048w, https:\/\/amazonia.fiocruz.br\/wp-content\/uploads\/2024\/06\/MG_8003-1500x1000.jpg 1500w, https:\/\/amazonia.fiocruz.br\/wp-content\/uploads\/2024\/06\/MG_8003-705x470.jpg 705w\" sizes=\"(max-width: 2560px) 100vw, 2560px\" \/><\/p>\n<p style=\"text-align: justify;\">A Raic \u00e9 um evento que acontece em todas as unidades da Fiocruz. Durante a reuni\u00e3o, os bolsistas do PIC-ILMD\/Fiocruz Amaz\u00f4nia apresentam os resultados dos projetos desenvolvidos no per\u00edodo de vig\u00eancia do Programa, por meio da exposi\u00e7\u00e3o e discuss\u00e3o de seus trabalhos, para avalia\u00e7\u00e3o dos projetos e interc\u00e2mbio de experi\u00eancias entre estudantes, pesquisadores e demais profissionais. Essa experi\u00eancia refor\u00e7a a import\u00e2ncia da inicia\u00e7\u00e3o cient\u00edfica na constru\u00e7\u00e3o do conhecimento e incentiva os jovens pesquisadores a prosseguirem nas carreiras acad\u00eamicas.<\/p>\n<p><img decoding=\"async\" class=\"aligncenter size-full wp-image-45760\" src=\"https:\/\/amazonia.fiocruz.br\/wp-content\/uploads\/2024\/06\/MG_7980-scaled.jpg\" alt=\"\" width=\"2560\" height=\"1707\" srcset=\"https:\/\/amazonia.fiocruz.br\/wp-content\/uploads\/2024\/06\/MG_7980-scaled.jpg 2560w, https:\/\/amazonia.fiocruz.br\/wp-content\/uploads\/2024\/06\/MG_7980-300x200.jpg 300w, https:\/\/amazonia.fiocruz.br\/wp-content\/uploads\/2024\/06\/MG_7980-1030x687.jpg 1030w, https:\/\/amazonia.fiocruz.br\/wp-content\/uploads\/2024\/06\/MG_7980-768x512.jpg 768w, https:\/\/amazonia.fiocruz.br\/wp-content\/uploads\/2024\/06\/MG_7980-1536x1024.jpg 1536w, https:\/\/amazonia.fiocruz.br\/wp-content\/uploads\/2024\/06\/MG_7980-2048x1365.jpg 2048w, https:\/\/amazonia.fiocruz.br\/wp-content\/uploads\/2024\/06\/MG_7980-1500x1000.jpg 1500w, https:\/\/amazonia.fiocruz.br\/wp-content\/uploads\/2024\/06\/MG_7980-705x470.jpg 705w\" sizes=\"(max-width: 2560px) 100vw, 2560px\" \/><\/p>\n<p style=\"text-align: justify;\">O coordenador do Programa, Yury Chaves, destacou a qualidade dos trabalhos apresentados no primeiro dia de evento. \u201c\u00c9 gratificante estar participante, \u00e0 frente dessa nova coordena\u00e7\u00e3o da inicia\u00e7\u00e3o cient\u00edfica. Iniciamos o evento com apresenta\u00e7\u00f5es de \u00f3timo trabalhos, com grande qualidade, tivemos a presen\u00e7a de avaliadores com doutorado nas \u00e1reas que a gente estabeleceu. Esperamos que os pr\u00f3ximos dias tenhamos \u00f3timas apresenta\u00e7\u00f5es, mostrando a for\u00e7a cient\u00edfica da nossa Fiocruz Amaz\u00f4nia\u201d, avalia.<\/p>\n<p><img decoding=\"async\" class=\"aligncenter size-full wp-image-45764\" src=\"https:\/\/amazonia.fiocruz.br\/wp-content\/uploads\/2024\/06\/MG_8086-scaled.jpg\" alt=\"\" width=\"2560\" height=\"1707\" srcset=\"https:\/\/amazonia.fiocruz.br\/wp-content\/uploads\/2024\/06\/MG_8086-scaled.jpg 2560w, https:\/\/amazonia.fiocruz.br\/wp-content\/uploads\/2024\/06\/MG_8086-300x200.jpg 300w, https:\/\/amazonia.fiocruz.br\/wp-content\/uploads\/2024\/06\/MG_8086-1030x687.jpg 1030w, https:\/\/amazonia.fiocruz.br\/wp-content\/uploads\/2024\/06\/MG_8086-768x512.jpg 768w, https:\/\/amazonia.fiocruz.br\/wp-content\/uploads\/2024\/06\/MG_8086-1536x1024.jpg 1536w, https:\/\/amazonia.fiocruz.br\/wp-content\/uploads\/2024\/06\/MG_8086-2048x1365.jpg 2048w, https:\/\/amazonia.fiocruz.br\/wp-content\/uploads\/2024\/06\/MG_8086-1500x1000.jpg 1500w, https:\/\/amazonia.fiocruz.br\/wp-content\/uploads\/2024\/06\/MG_8086-705x470.jpg 705w\" sizes=\"(max-width: 2560px) 100vw, 2560px\" \/><\/p>\n<p style=\"text-align: justify;\">O Programa de Inicia\u00e7\u00e3o Cient\u00edfica da Fiocruz Amaz\u00f4nia, desenvolvido com recursos da Funda\u00e7\u00e3o de Amparo \u00e0 Pesquisa do Estado do Amazonas (Fapeam) e do Conselho Nacional de Desenvolvimento Cient\u00edfico e Tecnol\u00f3gico (CNPq), tem o objetivo de despertar a voca\u00e7\u00e3o cient\u00edfica e incentivar novos talentos potenciais entre estudantes de gradua\u00e7\u00e3o, bem como estimular o desenvolvimento do pensamento cient\u00edfico e da criatividade, decorrentes das condi\u00e7\u00f5es criadas pelo confronto direto com os problemas estudados ou alvo da pesquisa.<\/p>\n<p><img decoding=\"async\" class=\"aligncenter size-full wp-image-45765\" src=\"https:\/\/amazonia.fiocruz.br\/wp-content\/uploads\/2024\/06\/MG_8159-scaled.jpg\" alt=\"\" width=\"2560\" height=\"1707\" srcset=\"https:\/\/amazonia.fiocruz.br\/wp-content\/uploads\/2024\/06\/MG_8159-scaled.jpg 2560w, https:\/\/amazonia.fiocruz.br\/wp-content\/uploads\/2024\/06\/MG_8159-300x200.jpg 300w, https:\/\/amazonia.fiocruz.br\/wp-content\/uploads\/2024\/06\/MG_8159-1030x687.jpg 1030w, https:\/\/amazonia.fiocruz.br\/wp-content\/uploads\/2024\/06\/MG_8159-768x512.jpg 768w, https:\/\/amazonia.fiocruz.br\/wp-content\/uploads\/2024\/06\/MG_8159-1536x1024.jpg 1536w, https:\/\/amazonia.fiocruz.br\/wp-content\/uploads\/2024\/06\/MG_8159-2048x1365.jpg 2048w, https:\/\/amazonia.fiocruz.br\/wp-content\/uploads\/2024\/06\/MG_8159-1500x1000.jpg 1500w, https:\/\/amazonia.fiocruz.br\/wp-content\/uploads\/2024\/06\/MG_8159-705x470.jpg 705w\" sizes=\"(max-width: 2560px) 100vw, 2560px\" \/><\/p>\n<p style=\"text-align: justify;\">Representando a Vice-Presid\u00eancia de Pesquisa e Cole\u00e7\u00f5es Biol\u00f3gicas da Fiocruz, Rosane Souza, falou sobre a satisfa\u00e7\u00e3o de participar presencialmente da 21\u00aa Raic da Fiocruz Amaz\u00f4nia. \u201cA VPPCB tem um carinho especial por este programa e sempre apoia com a concess\u00e3o de bolsas tanto de inicia\u00e7\u00e3o cient\u00edfica como de outras modalidades, ent\u00e3o para a gente \u00e9 uma satisfa\u00e7\u00e3o estar aqui. Esse tipo de evento \u00e9 maravilhoso para quem trabalha com pesquisa e s\u00f3 enriquece o trabalho que j\u00e1 \u00e9 feito aqui na Fiocruz Amaz\u00f4nia\u201d, pontua.<\/p>\n<p style=\"text-align: justify;\">Participam do programa, estudantes regularmente matriculados em curso de gradua\u00e7\u00e3o de institui\u00e7\u00f5es de ensino superior p\u00fablicas ou privadas reconhecidas pelo Minist\u00e9rio da Educa\u00e7\u00e3o. A Inicia\u00e7\u00e3o Cient\u00edfica \u00e9 um instrumento de forma\u00e7\u00e3o de recursos humanos que permite colocar o estudante de gradua\u00e7\u00e3o em contato direto com as atividades de pesquisa e o pensar cient\u00edfico.<\/p>\n<p><img decoding=\"async\" class=\"aligncenter size-full wp-image-45761\" src=\"https:\/\/amazonia.fiocruz.br\/wp-content\/uploads\/2024\/06\/MG_8119-scaled.jpg\" alt=\"\" width=\"2560\" height=\"1707\" srcset=\"https:\/\/amazonia.fiocruz.br\/wp-content\/uploads\/2024\/06\/MG_8119-scaled.jpg 2560w, https:\/\/amazonia.fiocruz.br\/wp-content\/uploads\/2024\/06\/MG_8119-300x200.jpg 300w, https:\/\/amazonia.fiocruz.br\/wp-content\/uploads\/2024\/06\/MG_8119-1030x687.jpg 1030w, https:\/\/amazonia.fiocruz.br\/wp-content\/uploads\/2024\/06\/MG_8119-768x512.jpg 768w, https:\/\/amazonia.fiocruz.br\/wp-content\/uploads\/2024\/06\/MG_8119-1536x1024.jpg 1536w, https:\/\/amazonia.fiocruz.br\/wp-content\/uploads\/2024\/06\/MG_8119-2048x1365.jpg 2048w, https:\/\/amazonia.fiocruz.br\/wp-content\/uploads\/2024\/06\/MG_8119-1500x1000.jpg 1500w, https:\/\/amazonia.fiocruz.br\/wp-content\/uploads\/2024\/06\/MG_8119-705x470.jpg 705w\" sizes=\"(max-width: 2560px) 100vw, 2560px\" \/><\/p>\n<p style=\"text-align: justify;\">Durante o evento, a reitora do Centro Universit\u00e1rio Fametro, destacou a relev\u00e2ncia do programa, para os alunos que durante a gradua\u00e7\u00e3o, passam a ter o primeiro contado com o universo da pesquisa cient\u00edfica. \u201c\u00c9 um orgulho ter os nossos alunos inseridos nos programas de pesquisa, especialmente da Fiocruz, n\u00f3s precisamos realmente mostrar para esses alunos a import\u00e2ncia da inicia\u00e7\u00e3o cient\u00edfica e, como isso vai impactar a vida da sociedade, com as descobertas das vacinas, das novas tecnologias, pois \u00e9 na pesquisa que a gente descobre esse mundo. Entendemos que \u00e9 preciso investir na pesquisa\u201d, defendeu Maria do Carmo.<\/p>\n<p><img decoding=\"async\" class=\"aligncenter size-full wp-image-45762\" src=\"https:\/\/amazonia.fiocruz.br\/wp-content\/uploads\/2024\/06\/MG_8148-scaled.jpg\" alt=\"\" width=\"2560\" height=\"1707\" srcset=\"https:\/\/amazonia.fiocruz.br\/wp-content\/uploads\/2024\/06\/MG_8148-scaled.jpg 2560w, https:\/\/amazonia.fiocruz.br\/wp-content\/uploads\/2024\/06\/MG_8148-300x200.jpg 300w, https:\/\/amazonia.fiocruz.br\/wp-content\/uploads\/2024\/06\/MG_8148-1030x687.jpg 1030w, https:\/\/amazonia.fiocruz.br\/wp-content\/uploads\/2024\/06\/MG_8148-768x512.jpg 768w, https:\/\/amazonia.fiocruz.br\/wp-content\/uploads\/2024\/06\/MG_8148-1536x1024.jpg 1536w, https:\/\/amazonia.fiocruz.br\/wp-content\/uploads\/2024\/06\/MG_8148-2048x1365.jpg 2048w, https:\/\/amazonia.fiocruz.br\/wp-content\/uploads\/2024\/06\/MG_8148-1500x1000.jpg 1500w, https:\/\/amazonia.fiocruz.br\/wp-content\/uploads\/2024\/06\/MG_8148-705x470.jpg 705w\" sizes=\"(max-width: 2560px) 100vw, 2560px\" \/><\/p>\n<p style=\"text-align: justify;\">At\u00e9 o \u00faltimo dia de evento, 42 trabalhos de graduandos de diferentes Institui\u00e7\u00f5es de Ensino de Manaus, divididos nas sess\u00f5es tem\u00e1ticas de Microbiologia, Biotecnologia e Bioprospec\u00e7\u00e3o, Parasitologia e Imunologia, Entomologia, Sa\u00fade Coletiva e Epidemiologia, ser\u00e3o apresentados.<\/p>\n<p style=\"text-align: justify;\"><strong>PREMIA\u00c7\u00c3O<\/strong><\/p>\n<p><img decoding=\"async\" class=\"aligncenter size-full wp-image-45763\" src=\"https:\/\/amazonia.fiocruz.br\/wp-content\/uploads\/2024\/06\/MG_8112-scaled.jpg\" alt=\"\" width=\"2560\" height=\"1707\" srcset=\"https:\/\/amazonia.fiocruz.br\/wp-content\/uploads\/2024\/06\/MG_8112-scaled.jpg 2560w, https:\/\/amazonia.fiocruz.br\/wp-content\/uploads\/2024\/06\/MG_8112-300x200.jpg 300w, https:\/\/amazonia.fiocruz.br\/wp-content\/uploads\/2024\/06\/MG_8112-1030x687.jpg 1030w, https:\/\/amazonia.fiocruz.br\/wp-content\/uploads\/2024\/06\/MG_8112-768x512.jpg 768w, https:\/\/amazonia.fiocruz.br\/wp-content\/uploads\/2024\/06\/MG_8112-1536x1024.jpg 1536w, https:\/\/amazonia.fiocruz.br\/wp-content\/uploads\/2024\/06\/MG_8112-2048x1365.jpg 2048w, https:\/\/amazonia.fiocruz.br\/wp-content\/uploads\/2024\/06\/MG_8112-1500x1000.jpg 1500w, https:\/\/amazonia.fiocruz.br\/wp-content\/uploads\/2024\/06\/MG_8112-705x470.jpg 705w\" sizes=\"(max-width: 2560px) 100vw, 2560px\" \/><\/p>\n<p style=\"text-align: justify;\">Os projetos que se destacarem durante a 21\u00aa Raic, recebem premia\u00e7\u00e3o, sendo um em cada categoria. A premia\u00e7\u00e3o destaca anualmente projetos desenvolvidos por estudantes que integram o Programa Institucional de Bolsas de Inicia\u00e7\u00e3o Cient\u00edfica (PIC) da Fiocruz Amaz\u00f4nia. Os bolsistas s\u00e3o avaliados por relat\u00f3rios submetidos a uma banca de especialistas de diversas institui\u00e7\u00f5es do Estado e nacionais, de acordo com a tem\u00e1tica.<\/p>\n<h6 style=\"text-align: justify;\"><em><strong>ILMD \/ Fiocruz Amaz\u00f4nia, por Eduardo Gomes<\/strong><\/em><\/h6>\n<h6 style=\"text-align: justify;\"><em><strong>Fotos: Eduardo Gomes<\/strong><\/em><\/h6>\n<\/div><\/section>\n","protected":false},"excerpt":{"rendered":"<p>At\u00e9 o \u00faltimo dia de evento, 42 trabalhos de graduandos de diferentes Institui\u00e7\u00f5es de Ensino de Manaus, ser\u00e3o apresentados. <\/p>\n","protected":false},"author":20,"featured_media":45756,"comment_status":"closed","ping_status":"closed","sticky":true,"template":"","format":"image","meta":{"footnotes":""},"categories":[15],"tags":[1159,136,120,119,131,256,332,583],"class_list":["post-45755","post","type-post","status-publish","format-image","has-post-thumbnail","hentry","category-noticias","tag-21a-raic","tag-fiocruz","tag-fiocruz-amazonia","tag-ilmd","tag-ilmdfiocruz-amazonia","tag-iniciacao-cientifica","tag-programa-de-iniciacao-cientifica","tag-raic","post_format-post-format-image"],"_links":{"self":[{"href":"https:\/\/amazonia.fiocruz.br\/index.php?rest_route=\/wp\/v2\/posts\/45755","targetHints":{"allow":["GET"]}}],"collection":[{"href":"https:\/\/amazonia.fiocruz.br\/index.php?rest_route=\/wp\/v2\/posts"}],"about":[{"href":"https:\/\/amazonia.fiocruz.br\/index.php?rest_route=\/wp\/v2\/types\/post"}],"author":[{"embeddable":true,"href":"https:\/\/amazonia.fiocruz.br\/index.php?rest_route=\/wp\/v2\/users\/20"}],"replies":[{"embeddable":true,"href":"https:\/\/amazonia.fiocruz.br\/index.php?rest_route=%2Fwp%2Fv2%2Fcomments&post=45755"}],"version-history":[{"count":1,"href":"https:\/\/amazonia.fiocruz.br\/index.php?rest_route=\/wp\/v2\/posts\/45755\/revisions"}],"predecessor-version":[{"id":45766,"href":"https:\/\/amazonia.fiocruz.br\/index.php?rest_route=\/wp\/v2\/posts\/45755\/revisions\/45766"}],"wp:featuredmedia":[{"embeddable":true,"href":"https:\/\/amazonia.fiocruz.br\/index.php?rest_route=\/wp\/v2\/media\/45756"}],"wp:attachment":[{"href":"https:\/\/amazonia.fiocruz.br\/index.php?rest_route=%2Fwp%2Fv2%2Fmedia&parent=45755"}],"wp:term":[{"taxonomy":"category","embeddable":true,"href":"https:\/\/amazonia.fiocruz.br\/index.php?rest_route=%2Fwp%2Fv2%2Fcategories&post=45755"},{"taxonomy":"post_tag","embeddable":true,"href":"https:\/\/amazonia.fiocruz.br\/index.php?rest_route=%2Fwp%2Fv2%2Ftags&post=45755"}],"curies":[{"name":"wp","href":"https:\/\/api.w.org\/{rel}","templated":true}]}}