{"id":45711,"date":"2024-06-01T10:54:41","date_gmt":"2024-06-01T14:54:41","guid":{"rendered":"https:\/\/amazonia.fiocruz.br\/?p=45711"},"modified":"2024-06-01T10:55:22","modified_gmt":"2024-06-01T14:55:22","slug":"profsaude-divulga-resultado-definitivo-da-segunda-etapa-e-prova-oral-dos-candidatos-classificados","status":"publish","type":"post","link":"https:\/\/amazonia.fiocruz.br\/?p=45711","title":{"rendered":"<strong>PROFSAUDE divulga resultado definitivo da segunda etapa e prova oral dos candidatos classificados<\/strong>"},"content":{"rendered":"<section class=\"av_textblock_section \"  itemscope=\"itemscope\" itemtype=\"https:\/\/schema.org\/BlogPosting\" itemprop=\"blogPost\" ><div class='avia_textblock  '   itemprop=\"text\" ><p style=\"text-align: justify;\">A Comiss\u00e3o de Sele\u00e7\u00e3o do Mestrado Profissional em Sa\u00fade da Fam\u00edlia \u2013 PROFSA\u00daDE, polo Fiocruz Amaz\u00f4nia, torna p\u00fablico o resultado definitivo da segunda etapa \u2013 An\u00e1lise de curr\u00edculo Lattes e da proposta preliminar de trabalho ap\u00f3s an\u00e1lise de pedido de recurso, conforme Edital n\u00ba 01\/2023, bem como informar o local onde ser\u00e1 aplicada a prova oral dos candidatos classificados nas fases anteriores do certame do Processo Seletivo do PROFSA\u00daDE, a ser realizada no dia 12 de junho de 2024, das 9h \u00e0s 15h30, hor\u00e1rio de Bras\u00edlia.<\/p>\n<p style=\"text-align: justify;\">Confira aqui o resultado em <a href=\"https:\/\/amazonia.fiocruz.br\/?page_id=40580\">https:\/\/amazonia.fiocruz.br\/?page_id=40580<\/a>\u00a0e <a href=\"https:\/\/www.sigass.fiocruz.br\/pub\/inscricao.do?codP=126\">https:\/\/www.sigass.fiocruz.br\/pub\/inscricao.do?codP=126<\/a>.<\/p>\n<p style=\"text-align: justify;\">As provas ser\u00e3o aplicadas na Sala 101, primeiro andar do Instituto Le\u00f4nidas &amp; Maria Deane (ILMD\/Fiocruz Amaz\u00f4nia), situado na Rua Teresina, 476, Adrian\u00f3polis, Manaus\/AM, conforme disposi\u00e7\u00e3o de hor\u00e1rios estabelecida pela Comiss\u00e3o de Sele\u00e7\u00e3o.<\/p>\n<p style=\"text-align: justify;\"><strong>SOBRE O PROFSA\u00daDE<\/strong><\/p>\n<p style=\"text-align: justify;\">O ProfSa\u00fade\/ MPSF \u00e9 um programa de p\u00f3s-gradua\u00e7\u00e3o stricto sensu em Sa\u00fade da Fam\u00edlia, reconhecido pela Coordena\u00e7\u00e3o de Aperfei\u00e7oamento de Pessoal de N\u00edvel Superior (CAPES) do Minist\u00e9rio da Educa\u00e7\u00e3o.<\/p>\n<p style=\"text-align: justify;\">O curso visa formar profissionais aptos a atuarem como preceptores para gradua\u00e7\u00e3o e resid\u00eancia m\u00e9dica em Sa\u00fade da Fam\u00edlia, com o intuito de contribuir para a melhoria do atendimento dos usu\u00e1rios do Sistema \u00danico de Sa\u00fade (SUS), fortalecer as atividades educacionais de produ\u00e7\u00e3o do conhecimento e de gest\u00e3o na Sa\u00fade da Fam\u00edlia nas diversas regi\u00f5es do pa\u00eds e estabelecer uma rela\u00e7\u00e3o integradora entre o servi\u00e7o de sa\u00fade, os trabalhadores, os estudantes na \u00e1rea de sa\u00fade e os usu\u00e1rios.<\/p>\n<p>O ProfSa\u00fade\/MPSF \u00e9 semipresencial, com oferta nacional, realizado na modalidade de ensino a dist\u00e2ncia com previs\u00e3o de 9 encontros presenciais. As institui\u00e7\u00f5es de Ensino Superior (IES) que integram a Rede Nacional do ProfSa\u00fade\/ MPSF s\u00e3o denominadas Institui\u00e7\u00f5es Associadas, e s\u00e3o respons\u00e1veis pela execu\u00e7\u00e3o do curso.<\/p>\n<p><em>ILMD\/Fiocruz Amaz\u00f4nia, Por J\u00falio Pedrosa<\/em><\/p>\n<p><em>Imagem: Mackesy Nascimento<\/em><\/p>\n<\/div><\/section>\n","protected":false},"excerpt":{"rendered":"<p>Prova ser\u00e1 no dia 12\/06, na Sala 101, primeiro andar do Instituto Le\u00f4nidas &#038; Maria Deane (ILMD\/Fiocruz Amaz\u00f4nia), das 9h \u00e0s 15h30<\/p>\n","protected":false},"author":60,"featured_media":45712,"comment_status":"closed","ping_status":"closed","sticky":true,"template":"","format":"image","meta":{"footnotes":""},"categories":[15],"tags":[],"class_list":["post-45711","post","type-post","status-publish","format-image","has-post-thumbnail","hentry","category-noticias","post_format-post-format-image"],"_links":{"self":[{"href":"https:\/\/amazonia.fiocruz.br\/index.php?rest_route=\/wp\/v2\/posts\/45711","targetHints":{"allow":["GET"]}}],"collection":[{"href":"https:\/\/amazonia.fiocruz.br\/index.php?rest_route=\/wp\/v2\/posts"}],"about":[{"href":"https:\/\/amazonia.fiocruz.br\/index.php?rest_route=\/wp\/v2\/types\/post"}],"author":[{"embeddable":true,"href":"https:\/\/amazonia.fiocruz.br\/index.php?rest_route=\/wp\/v2\/users\/60"}],"replies":[{"embeddable":true,"href":"https:\/\/amazonia.fiocruz.br\/index.php?rest_route=%2Fwp%2Fv2%2Fcomments&post=45711"}],"version-history":[{"count":2,"href":"https:\/\/amazonia.fiocruz.br\/index.php?rest_route=\/wp\/v2\/posts\/45711\/revisions"}],"predecessor-version":[{"id":45714,"href":"https:\/\/amazonia.fiocruz.br\/index.php?rest_route=\/wp\/v2\/posts\/45711\/revisions\/45714"}],"wp:featuredmedia":[{"embeddable":true,"href":"https:\/\/amazonia.fiocruz.br\/index.php?rest_route=\/wp\/v2\/media\/45712"}],"wp:attachment":[{"href":"https:\/\/amazonia.fiocruz.br\/index.php?rest_route=%2Fwp%2Fv2%2Fmedia&parent=45711"}],"wp:term":[{"taxonomy":"category","embeddable":true,"href":"https:\/\/amazonia.fiocruz.br\/index.php?rest_route=%2Fwp%2Fv2%2Fcategories&post=45711"},{"taxonomy":"post_tag","embeddable":true,"href":"https:\/\/amazonia.fiocruz.br\/index.php?rest_route=%2Fwp%2Fv2%2Ftags&post=45711"}],"curies":[{"name":"wp","href":"https:\/\/api.w.org\/{rel}","templated":true}]}}