{"id":45699,"date":"2024-05-29T17:51:42","date_gmt":"2024-05-29T21:51:42","guid":{"rendered":"https:\/\/amazonia.fiocruz.br\/?p=45699"},"modified":"2024-05-30T14:23:13","modified_gmt":"2024-05-30T18:23:13","slug":"20a-raic-da-fiocruz-amazonia-destacara-infodemia-e-maneiras-de-combate-la-na-era-da-informacao","status":"publish","type":"post","link":"https:\/\/amazonia.fiocruz.br\/?p=45699","title":{"rendered":"21\u00aa RAIC da Fiocruz Amaz\u00f4nia destacar\u00e1 \u201cInfodemia\u201d e maneiras de combat\u00ea-la na era da informa\u00e7\u00e3o"},"content":{"rendered":"<section class=\"av_textblock_section \"  itemscope=\"itemscope\" itemtype=\"https:\/\/schema.org\/BlogPosting\" itemprop=\"blogPost\" ><div class='avia_textblock  '   itemprop=\"text\" ><p style=\"text-align: justify;\">Entre os dias 4 e 7\/6, o Instituto Le\u00f4nidas &amp; Maria Deane (ILMD\/Fiocruz Amaz\u00f4nia) realizar\u00e1 a 21\u00aa Reuni\u00e3o Anual de Inicia\u00e7\u00e3o Cient\u00edfica (Raic), no \u00e2mbito do Programa Institucional de Bolsas de Inicia\u00e7\u00e3o Cient\u00edfica (PIC) da Fiocruz Amaz\u00f4nia, com recursos da Funda\u00e7\u00e3o de Amparo \u00e0 Pesquisa do Estado do Amazonas (Fapeam) e do Conselho Nacional de Desenvolvimento Cient\u00edfico e Tecnol\u00f3gico (CNPq). A abertura do evento acontece na pr\u00f3xima ter\u00e7a-feira, \u00e0s 8h, no Sal\u00e3o Canoas, audit\u00f3rio da Institui\u00e7\u00e3o.<\/p>\n<p style=\"text-align: justify;\">A Raic \u00e9 um evento que acontece anualmente em todas as unidades da Fiocruz. Durante a reuni\u00e3o, os bolsistas do PIC-ILMD\/Fiocruz Amaz\u00f4nia apresentam os resultados dos projetos desenvolvidos no per\u00edodo de vig\u00eancia do Programa, por meio da exposi\u00e7\u00e3o e discuss\u00e3o de seus trabalhos, para avalia\u00e7\u00e3o dos projetos e interc\u00e2mbio de experi\u00eancias entre estudantes, pesquisadores e demais profissionais.<\/p>\n<p style=\"text-align: justify;\">Para o coordenador do Programa no ILMD\/ Fiocruz Amaz\u00f4nia, Yury Chaves, O evento representa um marco na trajet\u00f3ria dos acad\u00eamicos. \u201cA 21\u00aa Reuni\u00e3o Anual de Inicia\u00e7\u00e3o Cient\u00edfica constitui um evento de grande relev\u00e2ncia na trajet\u00f3ria acad\u00eamica dos alunos de gradua\u00e7\u00e3o. Esperamos contar com a ampla participa\u00e7\u00e3o da comunidade do ILMD, a fim de prestigiar as apresenta\u00e7\u00f5es dos excelentes projetos cient\u00edficos desenvolvidos por esses alunos, evidenciando a elevada qualidade da produ\u00e7\u00e3o cient\u00edfica da Amaz\u00f4nia\u201d, destaca.<\/p>\n<p style=\"text-align: justify;\"><a href=\"https:\/\/amazonia.fiocruz.br\/wp-content\/uploads\/2024\/05\/Programacao_RAIC-2024-1.pdf\" target=\"_blank\" rel=\"noopener\"><strong>Confira AQUI a programa\u00e7\u00e3o<\/strong><\/a>.<\/p>\n<p style=\"text-align: justify;\">Essa experi\u00eancia refor\u00e7a a import\u00e2ncia da inicia\u00e7\u00e3o cient\u00edfica na constru\u00e7\u00e3o do conhecimento e incentiva os jovens pesquisadores a prosseguirem nas carreiras acad\u00eamicas. Durante os quatro dias de Raic, ser\u00e3o apresentados 42 trabalhos de graduandos de diferentes Institui\u00e7\u00f5es de Ensino de Manaus, divididos nas seguintes sess\u00f5es tem\u00e1ticas: Microbiologia, Biotecnologia e Bioprospec\u00e7\u00e3o, Parasitologia e Imunologia, Entomologia, Sa\u00fade Coletiva e Epidemiologia.<\/p>\n<p style=\"text-align: justify;\"><strong>PAINEL DE ABERTURA<\/strong><\/p>\n<p style=\"text-align: justify;\">Com o tema &#8220;Infodemia: Como Combat\u00ea-la na Era da Informa\u00e7\u00e3o?&#8221;, a palestra de abertura ser\u00e1 apresentada por Cristiane Barbosa, professora do curso de Jornalismo da Faculdade de Informa\u00e7\u00e3o e Comunica\u00e7\u00e3o, da Universidade Federal do Amazonas (Ufam). O objetivo \u00e9 capacitar os participantes a identificarem, compreender e combater a prolifera\u00e7\u00e3o de informa\u00e7\u00f5es falsas e enganosas, especialmente em tempos de crise sanit\u00e1ria.<\/p>\n<p style=\"text-align: justify;\">Durante a apresenta\u00e7\u00e3o, a palestrante abordar\u00e1 temas cruciais como a defini\u00e7\u00e3o e caracter\u00edsticas da infodemia, os mecanismos de dissemina\u00e7\u00e3o de desinforma\u00e7\u00e3o nas redes sociais e m\u00eddias tradicionais, e os impactos negativos dessa desinforma\u00e7\u00e3o na sa\u00fade p\u00fablica. Al\u00e9m disso, ser\u00e3o discutidas estrat\u00e9gias eficazes de combate, incluindo o papel das institui\u00e7\u00f5es de sa\u00fade, a import\u00e2ncia da educa\u00e7\u00e3o midi\u00e1tica e digital, e a utiliza\u00e7\u00e3o de ferramentas de verifica\u00e7\u00e3o de fatos. Casos de estudo reais ser\u00e3o analisados para ilustrar os desafios enfrentados e as melhores pr\u00e1ticas desenvolvidas, proporcionando uma compreens\u00e3o aprofundada e pr\u00e1tica do tema.<\/p>\n<p style=\"text-align: justify;\">Cristiane \u00e9 doutora em Ci\u00eancias da Informa\u00e7\u00e3o com especialidade em Jornalismo e Estudos Medi\u00e1ticos (UFP\/Portugal-UFRGS). Graduada em Comunica\u00e7\u00e3o Social &#8211; Jornalismo (Ufam) e Mestre em Ci\u00eancias da Comunica\u00e7\u00e3o (Ufam). \u00c9 professora adjunta do curso de Jornalismo da Faculdade de Informa\u00e7\u00e3o e Comunica\u00e7\u00e3o (FIC\/Ufam). Vice-l\u00edder do Grupo de Pesquisa em Comunica\u00e7\u00e3o, Cultura e Amaz\u00f4nia (Trokano\/Ufam), coordenadora do projeto de extens\u00e3o Portal da Ci\u00eancia (FIC\/Ufam). Tem interesse por temas como Divulga\u00e7\u00e3o Cient\u00edfica e Tecnol\u00f3gica, Intelig\u00eancia Artificial e Desinforma\u00e7\u00e3o.<\/p>\n<p style=\"text-align: justify;\"><strong>SOBRE O PIC<\/strong><\/p>\n<p style=\"text-align: justify;\">O Programa de Inicia\u00e7\u00e3o Cient\u00edfica da Fiocruz Amaz\u00f4nia tem como objetivos despertar a voca\u00e7\u00e3o cient\u00edfica e incentivar novos talentos potenciais entre estudantes de gradua\u00e7\u00e3o; contribuir para a forma\u00e7\u00e3o de recursos humanos para a pesquisa e inova\u00e7\u00e3o tecnol\u00f3gica nos Determinantes Socioculturais, Ambientais e Biol\u00f3gicos do Processo Sa\u00fade-Doen\u00e7a-Cuidado para a melhoria das condi\u00e7\u00f5es sociossanit\u00e1rias na Amaz\u00f4nia;\u00a0 estimular pesquisadores produtivos a envolverem estudantes de gradua\u00e7\u00e3o em suas atividades cient\u00edficas, tecnol\u00f3gicas e profissionais; e proporcionar ao bolsista, orientado por pesquisador qualificado, a aprendizagem de t\u00e9cnicas e m\u00e9todos de pesquisa, bem como estimular o desenvolvimento do pensamento cient\u00edfico e da criatividade, decorrentes das condi\u00e7\u00f5es criadas pelo confronto direto com os problemas estudados ou alvo da pesquisa.<\/p>\n<p style=\"text-align: justify;\"><strong>PREMIA\u00c7\u00c3O<\/strong><\/p>\n<p style=\"text-align: justify;\">Os projetos que se destacarem durante a 21\u00aa Raic, recebem premia\u00e7\u00e3o, sendo um em cada categoria. A premia\u00e7\u00e3o destaca anualmente projetos desenvolvidos por estudantes que integram o Programa Institucional de Bolsas de Inicia\u00e7\u00e3o Cient\u00edfica (PIC) da Fiocruz Amaz\u00f4nia. Os bolsistas s\u00e3o avaliados por relat\u00f3rios submetidos a uma banca de especialistas de diversas institui\u00e7\u00f5es do Estado e nacionais, de acordo com a tem\u00e1tica.<\/p>\n<h6 style=\"text-align: justify;\"><strong><em>ILMD \/ Fiocruz Amaz\u00f4nia, Por Eduardo Gomes<\/em><\/strong><\/h6>\n<h6 style=\"text-align: justify;\"><strong><em>Imagem: Mackesy Nascimento<\/em><\/strong><\/h6>\n<\/div><\/section>\n","protected":false},"excerpt":{"rendered":"<p>A Raic \u00e9 um evento que acontece anualmente em todas as unidades da Fiocruz. Durante a reuni\u00e3o, os bolsistas do PIC-ILMD\/Fiocruz Amaz\u00f4nia apresentam os resultados dos projetos desenvolvidos no per\u00edodo de vig\u00eancia do Programa<\/p>\n","protected":false},"author":20,"featured_media":45709,"comment_status":"closed","ping_status":"closed","sticky":true,"template":"","format":"image","meta":{"footnotes":""},"categories":[15],"tags":[1157,136,120,256,332,583],"class_list":["post-45699","post","type-post","status-publish","format-image","has-post-thumbnail","hentry","category-noticias","tag-21araic","tag-fiocruz","tag-fiocruz-amazonia","tag-iniciacao-cientifica","tag-programa-de-iniciacao-cientifica","tag-raic","post_format-post-format-image"],"_links":{"self":[{"href":"https:\/\/amazonia.fiocruz.br\/index.php?rest_route=\/wp\/v2\/posts\/45699","targetHints":{"allow":["GET"]}}],"collection":[{"href":"https:\/\/amazonia.fiocruz.br\/index.php?rest_route=\/wp\/v2\/posts"}],"about":[{"href":"https:\/\/amazonia.fiocruz.br\/index.php?rest_route=\/wp\/v2\/types\/post"}],"author":[{"embeddable":true,"href":"https:\/\/amazonia.fiocruz.br\/index.php?rest_route=\/wp\/v2\/users\/20"}],"replies":[{"embeddable":true,"href":"https:\/\/amazonia.fiocruz.br\/index.php?rest_route=%2Fwp%2Fv2%2Fcomments&post=45699"}],"version-history":[{"count":4,"href":"https:\/\/amazonia.fiocruz.br\/index.php?rest_route=\/wp\/v2\/posts\/45699\/revisions"}],"predecessor-version":[{"id":45706,"href":"https:\/\/amazonia.fiocruz.br\/index.php?rest_route=\/wp\/v2\/posts\/45699\/revisions\/45706"}],"wp:featuredmedia":[{"embeddable":true,"href":"https:\/\/amazonia.fiocruz.br\/index.php?rest_route=\/wp\/v2\/media\/45709"}],"wp:attachment":[{"href":"https:\/\/amazonia.fiocruz.br\/index.php?rest_route=%2Fwp%2Fv2%2Fmedia&parent=45699"}],"wp:term":[{"taxonomy":"category","embeddable":true,"href":"https:\/\/amazonia.fiocruz.br\/index.php?rest_route=%2Fwp%2Fv2%2Fcategories&post=45699"},{"taxonomy":"post_tag","embeddable":true,"href":"https:\/\/amazonia.fiocruz.br\/index.php?rest_route=%2Fwp%2Fv2%2Ftags&post=45699"}],"curies":[{"name":"wp","href":"https:\/\/api.w.org\/{rel}","templated":true}]}}