{"id":44781,"date":"2024-05-15T17:02:50","date_gmt":"2024-05-15T21:02:50","guid":{"rendered":"https:\/\/amazonia.fiocruz.br\/?p=44781"},"modified":"2024-05-15T17:02:51","modified_gmt":"2024-05-15T21:02:51","slug":"fiocruz-amazonia-e-presidencia-da-comissao-de-saude-da-aleam-reunem-se-para-tratativas-estrategicas-institucionais","status":"publish","type":"post","link":"https:\/\/amazonia.fiocruz.br\/?p=44781","title":{"rendered":"Fiocruz Amaz\u00f4nia e presid\u00eancia da Comiss\u00e3o de Sa\u00fade da ALEAM re\u00fanem-se para tratativas estrat\u00e9gicas institucionais"},"content":{"rendered":"<section class=\"av_textblock_section \"  itemscope=\"itemscope\" itemtype=\"https:\/\/schema.org\/BlogPosting\" itemprop=\"blogPost\" ><div class='avia_textblock  '   itemprop=\"text\" ><p style=\"text-align: justify;\">A diretora do <a href=\"https:\/\/amazonia.fiocruz.br\/?p=42387\">Instituto Le\u00f4nidas &amp; Maria Deane<\/a> (ILMD\/Fiocruz Amaz\u00f4nia), Stefanie Lopes, esteve na manh\u00e3 desta quarta-feira, 15\/5, na Assembleia Legislativa do Estado do Amazonas (ALEAM), em uma visita institucional \u00e0 deputada Dra. Mayara Pinheiro, Presidente da <a href=\"https:\/\/www.aleam.gov.br\/comissoes\/\">Comiss\u00e3o de Sa\u00fade e Previd\u00eancia<\/a> da Assembleia. Projetos de pesquisa desenvolvidos pelo Instituto nas \u00e1reas de Ci\u00eancia, Tecnologia, Inova\u00e7\u00e3o, Ensino, al\u00e9m da melhoria de infraestrutura, estiveram na pauta da reuni\u00e3o que abordou ainda a programa\u00e7\u00e3o das atividades alusivas ao anivers\u00e1rio de 30 anos da Fiocruz Amaz\u00f4nia.<\/p>\n<p><img decoding=\"async\" class=\"aligncenter size-full wp-image-44783\" src=\"https:\/\/amazonia.fiocruz.br\/wp-content\/uploads\/2024\/05\/MG_7870-scaled.jpg\" alt=\"\" width=\"2560\" height=\"1707\" srcset=\"https:\/\/amazonia.fiocruz.br\/wp-content\/uploads\/2024\/05\/MG_7870-scaled.jpg 2560w, https:\/\/amazonia.fiocruz.br\/wp-content\/uploads\/2024\/05\/MG_7870-300x200.jpg 300w, https:\/\/amazonia.fiocruz.br\/wp-content\/uploads\/2024\/05\/MG_7870-1030x687.jpg 1030w, https:\/\/amazonia.fiocruz.br\/wp-content\/uploads\/2024\/05\/MG_7870-768x512.jpg 768w, https:\/\/amazonia.fiocruz.br\/wp-content\/uploads\/2024\/05\/MG_7870-1536x1024.jpg 1536w, https:\/\/amazonia.fiocruz.br\/wp-content\/uploads\/2024\/05\/MG_7870-2048x1365.jpg 2048w, https:\/\/amazonia.fiocruz.br\/wp-content\/uploads\/2024\/05\/MG_7870-1500x1000.jpg 1500w, https:\/\/amazonia.fiocruz.br\/wp-content\/uploads\/2024\/05\/MG_7870-705x470.jpg 705w\" sizes=\"(max-width: 2560px) 100vw, 2560px\" \/><\/p>\n<p style=\"text-align: justify;\">Segundo a Diretora, Stefanie Lopes, a visita al\u00e9m de tratativas estrat\u00e9gicas para as atividades desenvolvidas no instituto, visa aproximar ainda mais as a\u00e7\u00f5es da Fiocruz Amaz\u00f4nia e a Comiss\u00e3o de Sa\u00fade da assembleia. \u201cHoje visitamos o gabinete da deputada Mayara, nessa aproxima\u00e7\u00e3o da Fiocruz em seus 30 anos, com a Comiss\u00e3o de Sa\u00fade aqui da ALEAM, para tratar sobra as atividades comemorativas, sobre a possibilidade de fomento das nossas atividades por emendas e, convidando-a para visitar nossa institui\u00e7\u00e3o, para conhecer nossas a\u00e7\u00f5es <em>in loco<\/em>. Foi muito bom conversar com ela\u201d, explica.<\/p>\n<p><img decoding=\"async\" class=\"aligncenter size-full wp-image-44784\" src=\"https:\/\/amazonia.fiocruz.br\/wp-content\/uploads\/2024\/05\/MG_7866-scaled.jpg\" alt=\"\" width=\"2560\" height=\"1707\" srcset=\"https:\/\/amazonia.fiocruz.br\/wp-content\/uploads\/2024\/05\/MG_7866-scaled.jpg 2560w, https:\/\/amazonia.fiocruz.br\/wp-content\/uploads\/2024\/05\/MG_7866-300x200.jpg 300w, https:\/\/amazonia.fiocruz.br\/wp-content\/uploads\/2024\/05\/MG_7866-1030x687.jpg 1030w, https:\/\/amazonia.fiocruz.br\/wp-content\/uploads\/2024\/05\/MG_7866-768x512.jpg 768w, https:\/\/amazonia.fiocruz.br\/wp-content\/uploads\/2024\/05\/MG_7866-1536x1024.jpg 1536w, https:\/\/amazonia.fiocruz.br\/wp-content\/uploads\/2024\/05\/MG_7866-2048x1365.jpg 2048w, https:\/\/amazonia.fiocruz.br\/wp-content\/uploads\/2024\/05\/MG_7866-1500x1000.jpg 1500w, https:\/\/amazonia.fiocruz.br\/wp-content\/uploads\/2024\/05\/MG_7866-705x470.jpg 705w\" sizes=\"(max-width: 2560px) 100vw, 2560px\" \/><\/p>\n<p style=\"text-align: justify;\">M\u00e9dica por forma\u00e7\u00e3o, a Deputada Mayara Pinheiro, ressaltou o trabalho desenvolvido pelo ILMD\/Fiocruz Amaz\u00f4nia, e demonstrou-se entusiasmada em conhecer de perto os projetos de pesquisa em andamento na Unidade. \u201cRecebemos aqui com muito prazer a Stefanie, diretora dessa institui\u00e7\u00e3o que \u00e9 a Fiocruz, t\u00e3o respeitada no nosso Estado e, coloco meu mandato \u00e0 disposi\u00e7\u00e3o da Fiocruz. Tenho muita admira\u00e7\u00e3o pelo trabalho executado por essa institui\u00e7\u00e3o, at\u00e9 mesmo por ter sido egressa, j\u00e1 tendo desenvolvido projetos de pesquisa no instituto. Em breve visitarei a Fiocruz Amaz\u00f4nia pessoalmente, para conhecer de perto os projetos que est\u00e3o sendo executados\u201d, pontua.<\/p>\n<p><img decoding=\"async\" class=\"aligncenter size-full wp-image-44785\" src=\"https:\/\/amazonia.fiocruz.br\/wp-content\/uploads\/2024\/05\/MG_7872-scaled.jpg\" alt=\"\" width=\"2560\" height=\"1707\" srcset=\"https:\/\/amazonia.fiocruz.br\/wp-content\/uploads\/2024\/05\/MG_7872-scaled.jpg 2560w, https:\/\/amazonia.fiocruz.br\/wp-content\/uploads\/2024\/05\/MG_7872-300x200.jpg 300w, https:\/\/amazonia.fiocruz.br\/wp-content\/uploads\/2024\/05\/MG_7872-1030x687.jpg 1030w, https:\/\/amazonia.fiocruz.br\/wp-content\/uploads\/2024\/05\/MG_7872-768x512.jpg 768w, https:\/\/amazonia.fiocruz.br\/wp-content\/uploads\/2024\/05\/MG_7872-1536x1024.jpg 1536w, https:\/\/amazonia.fiocruz.br\/wp-content\/uploads\/2024\/05\/MG_7872-2048x1365.jpg 2048w, https:\/\/amazonia.fiocruz.br\/wp-content\/uploads\/2024\/05\/MG_7872-1500x1000.jpg 1500w, https:\/\/amazonia.fiocruz.br\/wp-content\/uploads\/2024\/05\/MG_7872-705x470.jpg 705w\" sizes=\"(max-width: 2560px) 100vw, 2560px\" \/><\/p>\n<p style=\"text-align: justify;\">Na oportunidade, Stefanie agradeceu ainda pelo <a href=\"https:\/\/amazonia.fiocruz.br\/?p=42387\">Diploma Mulher Cidad\u00e3 Amazonense<\/a>, de propositura da deputada estadual Mayara Pinheiro, que durante Sess\u00e3o Especial na ALEAM, homenageou v\u00e1rias mulheres com atua\u00e7\u00e3o destacada em diversas \u00e1reas no Amazonas. A diretora da Fiocruz Amaz\u00f4nia recebeu o diploma, em refer\u00eancia ao Dia Internacional da Mulher, 8 de mar\u00e7o, como destaque na \u00e1rea da pesquisa cient\u00edfica.<\/p>\n<p style=\"text-align: justify;\"><strong>30 ANOS ILMD\/ FIOCRUZ AMAZ\u00d4NIA<\/strong><\/p>\n<p style=\"text-align: justify;\">Institu\u00eddo oficialmente por meio da Portaria Fiocruz n\u00ba 195, de 19 de agosto de 1994, como Escrit\u00f3rio T\u00e9cnico da Amaz\u00f4nia (ETA-Fiocruz), o ILMD\/ Fiocruz Amaz\u00f4nia completa, no dia 19 de agosto de 2024, seus 30 anos. Eventos cient\u00edficos, culturais, de populariza\u00e7\u00e3o da ci\u00eancia e difus\u00e3o do conhecimento cient\u00edfico e tecnol\u00f3gico, marcam as comemora\u00e7\u00f5es, que v\u00e3o ocorrer este ano.<\/p>\n<p style=\"text-align: justify;\">O an\u00fancio da programa\u00e7\u00e3o com todas as a\u00e7\u00f5es e eventos, ocorrer\u00e1 no dia 27\/5, durante a Cerim\u00f4nia de Lan\u00e7amento do Slogan alusivo aos 30 anos, bem como do Selo Comemorativo.<\/p>\n<h6 style=\"text-align: justify;\"><strong><em>ILMD \/ Fiocruz Amaz\u00f4nia, Por Eduardo Gomes<\/em><\/strong><\/h6>\n<h6 style=\"text-align: justify;\"><strong><em>Fotos: Eduardo Gomes<\/em><\/strong><\/h6>\n<\/div><\/section>\n","protected":false},"excerpt":{"rendered":"<p>Projetos de pesquisa desenvolvidos pelo Instituto nas \u00e1reas de Ci\u00eancia, Tecnologia, Inova\u00e7\u00e3o, Ensino, al\u00e9m da melhoria de infraestrutura, estiveram na pauta da reuni\u00e3o.<\/p>\n","protected":false},"author":20,"featured_media":44782,"comment_status":"closed","ping_status":"closed","sticky":true,"template":"","format":"image","meta":{"footnotes":""},"categories":[15],"tags":[254,136,120,119,131,424,125,435],"class_list":["post-44781","post","type-post","status-publish","format-image","has-post-thumbnail","hentry","category-noticias","tag-aleam","tag-fiocruz","tag-fiocruz-amazonia","tag-ilmd","tag-ilmdfiocruz-amazonia","tag-inovacao","tag-pesquisa","tag-tecnologia","post_format-post-format-image"],"_links":{"self":[{"href":"https:\/\/amazonia.fiocruz.br\/index.php?rest_route=\/wp\/v2\/posts\/44781","targetHints":{"allow":["GET"]}}],"collection":[{"href":"https:\/\/amazonia.fiocruz.br\/index.php?rest_route=\/wp\/v2\/posts"}],"about":[{"href":"https:\/\/amazonia.fiocruz.br\/index.php?rest_route=\/wp\/v2\/types\/post"}],"author":[{"embeddable":true,"href":"https:\/\/amazonia.fiocruz.br\/index.php?rest_route=\/wp\/v2\/users\/20"}],"replies":[{"embeddable":true,"href":"https:\/\/amazonia.fiocruz.br\/index.php?rest_route=%2Fwp%2Fv2%2Fcomments&post=44781"}],"version-history":[{"count":1,"href":"https:\/\/amazonia.fiocruz.br\/index.php?rest_route=\/wp\/v2\/posts\/44781\/revisions"}],"predecessor-version":[{"id":44786,"href":"https:\/\/amazonia.fiocruz.br\/index.php?rest_route=\/wp\/v2\/posts\/44781\/revisions\/44786"}],"wp:featuredmedia":[{"embeddable":true,"href":"https:\/\/amazonia.fiocruz.br\/index.php?rest_route=\/wp\/v2\/media\/44782"}],"wp:attachment":[{"href":"https:\/\/amazonia.fiocruz.br\/index.php?rest_route=%2Fwp%2Fv2%2Fmedia&parent=44781"}],"wp:term":[{"taxonomy":"category","embeddable":true,"href":"https:\/\/amazonia.fiocruz.br\/index.php?rest_route=%2Fwp%2Fv2%2Fcategories&post=44781"},{"taxonomy":"post_tag","embeddable":true,"href":"https:\/\/amazonia.fiocruz.br\/index.php?rest_route=%2Fwp%2Fv2%2Ftags&post=44781"}],"curies":[{"name":"wp","href":"https:\/\/api.w.org\/{rel}","templated":true}]}}