{"id":44409,"date":"2024-05-04T18:50:36","date_gmt":"2024-05-04T22:50:36","guid":{"rendered":"https:\/\/amazonia.fiocruz.br\/?p=44409"},"modified":"2024-05-04T18:54:17","modified_gmt":"2024-05-04T22:54:17","slug":"apg-fiocruz-amazonia-inscreve-chapas-para-eleicao-da-diretoria-ate-o-dia-10-05-2024-para-mandato-2024-2025","status":"publish","type":"post","link":"https:\/\/amazonia.fiocruz.br\/?p=44409","title":{"rendered":"<strong>APG Fiocruz Amaz\u00f4nia inscreve chapas para elei\u00e7\u00e3o da diretoria at\u00e9 o dia 10\/05\/2024 para mandato 2024\/2025<\/strong>"},"content":{"rendered":"<section class=\"av_textblock_section \"  itemscope=\"itemscope\" itemtype=\"https:\/\/schema.org\/BlogPosting\" itemprop=\"blogPost\" ><div class='avia_textblock  '   itemprop=\"text\" ><p style=\"text-align: justify;\">A Associa\u00e7\u00e3o de P\u00f3s-Graduandos da Fiocruz Amaz\u00f4nia (APG) comunica que est\u00e3o abertas at\u00e9 o pr\u00f3ximo dia 10\/05\/2024 as inscri\u00e7\u00f5es de chapas para a elei\u00e7\u00e3o da diretoria da entidade, gest\u00e3o 2004\/2025. As inscri\u00e7\u00f5es devem ser enviadas para o email <a href=\"mailto:apgfiocruzamazonia@gmail.com\">apgfiocruzamazonia@gmail.com<\/a>. De acordo com o Regimento Eleitoral da APG, as chapas dever\u00e3o ser inscritas em sua totalidade, ou seja, com todos os seis membros (coordenador, vice-coordenador, secret\u00e1rio, coordenador de articula\u00e7\u00e3o pol\u00edtica e assist\u00eancia apoio ao p\u00f3s-graduando, coordenador de ensino, educa\u00e7\u00e3o e eventos e coordenador de comunica\u00e7\u00e3o e divulga\u00e7\u00e3o), ficando vedada inscri\u00e7\u00e3o individual. A elei\u00e7\u00e3o acontecer\u00e1 no dia 21\/05\/2024, com o per\u00edodo de 11 a 19\/05 destinado a campanha das chapas.<\/p>\n<p style=\"text-align: justify;\"><img decoding=\"async\" class=\"alignnone wp-image-44410\" src=\"https:\/\/amazonia.fiocruz.br\/wp-content\/uploads\/2024\/05\/apg3-300x225.jpg\" alt=\"\" width=\"1681\" height=\"1261\" srcset=\"https:\/\/amazonia.fiocruz.br\/wp-content\/uploads\/2024\/05\/apg3-300x225.jpg 300w, https:\/\/amazonia.fiocruz.br\/wp-content\/uploads\/2024\/05\/apg3-1030x773.jpg 1030w, https:\/\/amazonia.fiocruz.br\/wp-content\/uploads\/2024\/05\/apg3-768x576.jpg 768w, https:\/\/amazonia.fiocruz.br\/wp-content\/uploads\/2024\/05\/apg3-1536x1152.jpg 1536w, https:\/\/amazonia.fiocruz.br\/wp-content\/uploads\/2024\/05\/apg3-2048x1536.jpg 2048w, https:\/\/amazonia.fiocruz.br\/wp-content\/uploads\/2024\/05\/apg3-1500x1125.jpg 1500w, https:\/\/amazonia.fiocruz.br\/wp-content\/uploads\/2024\/05\/apg3-705x529.jpg 705w\" sizes=\"(max-width: 1681px) 100vw, 1681px\" \/><\/p>\n<p style=\"text-align: justify;\">\u00c0 frente da gest\u00e3o da APG Fiocruz Amaz\u00f4nia, entre 2023 e 2024, Lenina Jordana Bastos de Macedo, mestranda do Programa de P\u00f3s Gradua\u00e7\u00e3o em Condi\u00e7\u00f5es de Vida e Sa\u00fade na Amaz\u00f4nia (PPGVIDA), afirma que o ano de mandato foi marcado por bastante aprendizado e uma maior representatividade, tendo a APG Fiocruz Amaz\u00f4nia participando de debates e discuss\u00f5es importantes, com direito a voz em nome dos p\u00f3s-graduandos da Amaz\u00f4nia. \u201cEm um ano, marcamos presen\u00e7a na SBPC, no lan\u00e7amento da Pol\u00edtica Nacional de Apoio ao Estudante da P\u00f3s-Gradua\u00e7\u00e3o na Fiocruz-Rio de Janeiro, al\u00e9m de encontros nas ag\u00eancias de fomento \u00e0 pesquisa, com participa\u00e7\u00e3o nas discuss\u00f5es junto com docentes sobre quest\u00f5es importantes, a exemplo de financiamento de pesquisas. Por tudo isso, podemos considerar que foi um ano de bastante visibilidade para a APG\u201d, avalia Lenina.<\/p>\n<p style=\"text-align: justify;\"><img decoding=\"async\" class=\"alignnone wp-image-44411\" src=\"https:\/\/amazonia.fiocruz.br\/wp-content\/uploads\/2024\/05\/apg2-300x225.jpg\" alt=\"\" width=\"1691\" height=\"1268\" srcset=\"https:\/\/amazonia.fiocruz.br\/wp-content\/uploads\/2024\/05\/apg2-300x225.jpg 300w, https:\/\/amazonia.fiocruz.br\/wp-content\/uploads\/2024\/05\/apg2-1030x773.jpg 1030w, https:\/\/amazonia.fiocruz.br\/wp-content\/uploads\/2024\/05\/apg2-768x576.jpg 768w, https:\/\/amazonia.fiocruz.br\/wp-content\/uploads\/2024\/05\/apg2-1536x1152.jpg 1536w, https:\/\/amazonia.fiocruz.br\/wp-content\/uploads\/2024\/05\/apg2-1500x1125.jpg 1500w, https:\/\/amazonia.fiocruz.br\/wp-content\/uploads\/2024\/05\/apg2-705x529.jpg 705w, https:\/\/amazonia.fiocruz.br\/wp-content\/uploads\/2024\/05\/apg2.jpg 1600w\" sizes=\"(max-width: 1691px) 100vw, 1691px\" \/><\/p>\n<p style=\"text-align: justify;\">Ela destaca tamb\u00e9m o papel da APG Fiocruz Amaz\u00f4nia na defesa da Ci\u00eancia, de um modo geral, a partir da luta em favor de direitos e deveres dos p\u00f3s-granduandos. \u201cO objetivo \u00e9 fazer com que a Ci\u00eancia possa caminhar melhor, por estarmos permitindo que o p\u00f3s-graduando possa tamb\u00e9m contribuir de forma melhor, com mais qualidade, com condi\u00e7\u00f5es de se manter e ter estabilidade dentro da pesquisa, contribuindo com mais qualidade para a Ci\u00eancia de forma geral\u201d, observou.<\/p>\n<p style=\"text-align: justify;\"><strong>CRIA\u00c7\u00c3O<\/strong><\/p>\n<p style=\"text-align: justify;\">A cria\u00e7\u00e3o da APG Fiocruz Amaz\u00f4nia foi homologada em assembleia geral de p\u00f3s-graduandos, em 31 de mar\u00e7o de 2022. A posse da primeira diretoria ocorreu em abril do mesmo ano. A entidade re\u00fane p\u00f3s-graduandos matriculados nos cursos de especializa\u00e7\u00e3o lato sensu, mestrado e doutorado das unidades da Fiocruz na Amaz\u00f4nia Legal. No estatuto da associa\u00e7\u00e3o, est\u00e3o todas as diretrizes de funcionamento e objetivos da entidade. A nova gest\u00e3o inicia em 22\/05\/2024, indo at\u00e9 22\/05\/2025. O mandato \u00e9 anual.<\/p>\n<p style=\"text-align: justify;\"><img decoding=\"async\" class=\"alignnone wp-image-44412\" src=\"https:\/\/amazonia.fiocruz.br\/wp-content\/uploads\/2024\/05\/apg-300x139.jpg\" alt=\"\" width=\"1692\" height=\"784\" srcset=\"https:\/\/amazonia.fiocruz.br\/wp-content\/uploads\/2024\/05\/apg-300x139.jpg 300w, https:\/\/amazonia.fiocruz.br\/wp-content\/uploads\/2024\/05\/apg-1030x476.jpg 1030w, https:\/\/amazonia.fiocruz.br\/wp-content\/uploads\/2024\/05\/apg-768x355.jpg 768w, https:\/\/amazonia.fiocruz.br\/wp-content\/uploads\/2024\/05\/apg-705x326.jpg 705w\" sizes=\"(max-width: 1692px) 100vw, 1692px\" \/><\/p>\n<p style=\"text-align: justify;\">Para este ano, a nova diretoria da APG Fiocruz Amaz\u00f4nia se far\u00e1 presente no 29\u00ba Congresso da Associa\u00e7\u00e3o Nacional de P\u00f3s-Graduandos (CNPG) da Associa\u00e7\u00e3o Nacional de P\u00f3s-Graduandos, a se realizar nos dias 11, 12, 13 e 14 de julho na cidade de Belo Horizonte. \u201cConsiderando que a Diretoria da APG atua nos direitos dos discentes vinculados ao PPGs da Fiocruz Amaz\u00f4nia\/ILMD ou em associa\u00e7\u00e3o\/cons\u00f3rcio\/parceria, vale ressaltar a import\u00e2ncia de gest\u00e3o anual para rotatividade dos discentes, possibilitando que alunos de especializa\u00e7\u00f5es e mestrados possam ter tempo matriculados como alunos para integrarem a mesa diretora da APG Fiocruz Amaz\u00f4nia\u201d, informa o edital.<\/p>\n<p style=\"text-align: justify;\">Para a efetiva\u00e7\u00e3o das chapas, \u00e9 obrigat\u00f3rio a apresenta\u00e7\u00e3o da declara\u00e7\u00e3o de matr\u00edcula de todos os alunos\/discentes vinculados ao ILMD e\/ou institui\u00e7\u00f5es associadas, que compor\u00e3o a mesa diretora da APG Fiocruz Amaz\u00f4nia. \u00c9 facultativa a inscri\u00e7\u00e3o de suplentes aos cargos dos membros da diretoria, assim como conselho consultivo. Importante ressalta que, na ocasi\u00e3o de n\u00e3o haver chapa inscrita, ser\u00e1 eleita uma composi\u00e7\u00e3o de mesa diretora na Assembl\u00e9ia Geral no dia 21\/05\/2024, \u00e0s 19h30 (hor\u00e1rio Manaus). Caso haja apenas uma chapa inscrita, esta ser\u00e1 aclamada na Assembl\u00e9ia.<\/p>\n<p style=\"text-align: justify;\">A inscri\u00e7\u00e3o de candidaturas para delegado(a) e suplente para o 29\u00ba Congresso da Associa\u00e7\u00e3o Nacional de P\u00f3s-Graduandos (CNPG) acontecer\u00e1 no mesmo per\u00edodo de inscri\u00e7\u00e3o de chapas para a diretoria da APG Fiocruz Amaz\u00f4nia.<\/p>\n<p><em><strong>ILMD\/Fiocruz Amaz\u00f4nia, por J\u00falio Pedrosa<\/strong><\/em><\/p>\n<p><em><strong>Fotos: Arquivo\/APG Fiocruz Amaz\u00f4nia<\/strong><\/em><\/p>\n<\/div><\/section>\n","protected":false},"excerpt":{"rendered":"<p>De acordo com o Regimento Eleitoral da APG, as chapas dever\u00e3o ser inscritas em sua totalidade, ou seja, com todos os seis membros<\/p>\n","protected":false},"author":60,"featured_media":44413,"comment_status":"closed","ping_status":"closed","sticky":true,"template":"","format":"image","meta":{"footnotes":""},"categories":[15],"tags":[],"class_list":["post-44409","post","type-post","status-publish","format-image","has-post-thumbnail","hentry","category-noticias","post_format-post-format-image"],"_links":{"self":[{"href":"https:\/\/amazonia.fiocruz.br\/index.php?rest_route=\/wp\/v2\/posts\/44409","targetHints":{"allow":["GET"]}}],"collection":[{"href":"https:\/\/amazonia.fiocruz.br\/index.php?rest_route=\/wp\/v2\/posts"}],"about":[{"href":"https:\/\/amazonia.fiocruz.br\/index.php?rest_route=\/wp\/v2\/types\/post"}],"author":[{"embeddable":true,"href":"https:\/\/amazonia.fiocruz.br\/index.php?rest_route=\/wp\/v2\/users\/60"}],"replies":[{"embeddable":true,"href":"https:\/\/amazonia.fiocruz.br\/index.php?rest_route=%2Fwp%2Fv2%2Fcomments&post=44409"}],"version-history":[{"count":3,"href":"https:\/\/amazonia.fiocruz.br\/index.php?rest_route=\/wp\/v2\/posts\/44409\/revisions"}],"predecessor-version":[{"id":44417,"href":"https:\/\/amazonia.fiocruz.br\/index.php?rest_route=\/wp\/v2\/posts\/44409\/revisions\/44417"}],"wp:featuredmedia":[{"embeddable":true,"href":"https:\/\/amazonia.fiocruz.br\/index.php?rest_route=\/wp\/v2\/media\/44413"}],"wp:attachment":[{"href":"https:\/\/amazonia.fiocruz.br\/index.php?rest_route=%2Fwp%2Fv2%2Fmedia&parent=44409"}],"wp:term":[{"taxonomy":"category","embeddable":true,"href":"https:\/\/amazonia.fiocruz.br\/index.php?rest_route=%2Fwp%2Fv2%2Fcategories&post=44409"},{"taxonomy":"post_tag","embeddable":true,"href":"https:\/\/amazonia.fiocruz.br\/index.php?rest_route=%2Fwp%2Fv2%2Ftags&post=44409"}],"curies":[{"name":"wp","href":"https:\/\/api.w.org\/{rel}","templated":true}]}}