{"id":44276,"date":"2024-04-29T19:55:11","date_gmt":"2024-04-29T23:55:11","guid":{"rendered":"https:\/\/amazonia.fiocruz.br\/?p=44276"},"modified":"2024-04-29T19:57:40","modified_gmt":"2024-04-29T23:57:40","slug":"pesquisadores-do-ilmd-sao-reconhecidos-com-medalha-ze-do-sus-pelas-contribuicoes-para-a-melhoria-dos-sus-no-amazonas","status":"publish","type":"post","link":"https:\/\/amazonia.fiocruz.br\/?p=44276","title":{"rendered":"<strong>Pesquisadores do ILMD s\u00e3o reconhecidos com Medalha Z\u00e9 do SUS pelas contribui\u00e7\u00f5es para a melhoria dos SUS no Amazonas<\/strong>"},"content":{"rendered":"<section class=\"av_textblock_section \"  itemscope=\"itemscope\" itemtype=\"https:\/\/schema.org\/BlogPosting\" itemprop=\"blogPost\" ><div class='avia_textblock  '   itemprop=\"text\" ><p style=\"text-align: justify;\">As contribui\u00e7\u00f5es em pesquisas e projetos voltados para a melhoria do Sistema \u00danico de Sa\u00fade (SUS), no Amazonas, realizados pelos pesquisadores do Instituto Le\u00f4nidas &amp; Maria Deane (ILMD\/Fiocruz Amaz\u00f4nia), J\u00falio C\u00e9sar Schweickardt e Rodrigo Tobias, foram reconhecidas e homenageadas no \u00faltimo dia 26\/4, pelo Conselho de Secretarias Municipais de Sa\u00fade do Amazonas (Cosems-AM), com a entrega da medalha \u201cZ\u00e9 do SUS\u201d aos dois cientistas sociais. O evento realizado no audit\u00f3rio do Tribunal de Contas do Estado (TCE-AM), no bairro Aleixo, zona Centro-Sul, tamb\u00e9m integrou o encerramento da 5\u00aa Mostra Aqui tem SUS e a 2\u00aa Oficina Imuniza SUS, com a presen\u00e7a de gestores municipais de sa\u00fade, pesquisadores, servidores e agentes da \u00e1rea de sa\u00fade do Amazonas.<\/p>\n<p style=\"text-align: justify;\">Compondo a mesa de autoridades do evento, a vice-diretora de Pesquisa e Inova\u00e7\u00e3o da Fiocruz Amaz\u00f4nia, Michele Rocha El Kadri, parabenizou o Cosems-AM pela iniciativa e destacou o empenho daquelas pessoas que diariamente atuam, de alguma forma, para melhorar o SUS. \u201cApesar das dificuldades encontradas, \u00e9 poss\u00edvel fazer a diferen\u00e7a no cotidiano das pessoas, e um evento como este promovido pelo Cosems-AM est\u00e1 de parab\u00e9ns e mostra o trabalho feito no nosso Estado. Tenho certeza de que os reais vencedores deste pr\u00eamio s\u00e3o aquelas pessoas para quem nos dedicamos nos munic\u00edpios\u201d, comentou.<\/p>\n<p><img decoding=\"async\" class=\"alignnone  wp-image-44282\" src=\"https:\/\/amazonia.fiocruz.br\/wp-content\/uploads\/2024\/04\/michele-homenagem-ze-do-sus-300x200.jpg\" alt=\"\" width=\"1691\" height=\"1127\" srcset=\"https:\/\/amazonia.fiocruz.br\/wp-content\/uploads\/2024\/04\/michele-homenagem-ze-do-sus-300x200.jpg 300w, https:\/\/amazonia.fiocruz.br\/wp-content\/uploads\/2024\/04\/michele-homenagem-ze-do-sus-1030x686.jpg 1030w, https:\/\/amazonia.fiocruz.br\/wp-content\/uploads\/2024\/04\/michele-homenagem-ze-do-sus-768x512.jpg 768w, https:\/\/amazonia.fiocruz.br\/wp-content\/uploads\/2024\/04\/michele-homenagem-ze-do-sus-1536x1023.jpg 1536w, https:\/\/amazonia.fiocruz.br\/wp-content\/uploads\/2024\/04\/michele-homenagem-ze-do-sus-1500x999.jpg 1500w, https:\/\/amazonia.fiocruz.br\/wp-content\/uploads\/2024\/04\/michele-homenagem-ze-do-sus-705x470.jpg 705w, https:\/\/amazonia.fiocruz.br\/wp-content\/uploads\/2024\/04\/michele-homenagem-ze-do-sus.jpg 1600w\" sizes=\"(max-width: 1691px) 100vw, 1691px\" \/><\/p>\n<p style=\"text-align: justify;\">O presidente do Cosems-AM, Manuel Barbosa, destacou que a premia\u00e7\u00e3o busca reconhecer o m\u00e9rito das pessoas que n\u00e3o medem esfor\u00e7os para a melhoria da sa\u00fade p\u00fablica no Amazonas. \u201cO SUS \u00e9 o nosso maior patrim\u00f4nio, e diariamente, todos que aqui est\u00e3o e que atuam nele, buscam oferecer um bom atendimento, um atendimento mais humanizado, buscam construir pol\u00edticas p\u00fablicas de sa\u00fade no Amazonas, que engrande\u00e7am o atendimento de quem procura pelos servi\u00e7os p\u00fablicos de sa\u00fade, e elas merecem ser reconhecidas\u201d, afirmou Manuel.<\/p>\n<p style=\"text-align: justify;\"><strong>HOMENAGENS<\/strong><\/p>\n<p style=\"text-align: justify;\">Doutor em Hist\u00f3ria das Ci\u00eancias e da Sa\u00fade, pesquisador do Laborat\u00f3rio de Hist\u00f3ria, Pol\u00edticas P\u00fablicas e Sa\u00fade na Amaz\u00f4nia (Lahpsa), da Fiocruz Amazonas, e membro da Rede Unida, o pesquisador J\u00falio C\u00e9sar Schweickardt, agradeceu a homenagem e disse ter ficado surpreso com a escolha, por n\u00e3o esperar o reconhecimento. \u201cEstou emocionado com esta homenagem, n\u00e3o esperava por ela. Como servidor p\u00fablico, entendo que tenho a miss\u00e3o de servir, de contribuir para que o Sistema \u00danico de Sa\u00fade seja de qualidade, oferecendo um atendimento humanizado a quem o procurar\u201d, salientou.<\/p>\n<p><img decoding=\"async\" class=\"alignnone wp-image-44277\" src=\"https:\/\/amazonia.fiocruz.br\/wp-content\/uploads\/2024\/04\/IMG_9013-300x200.jpg\" alt=\"\" width=\"1691\" height=\"1127\" srcset=\"https:\/\/amazonia.fiocruz.br\/wp-content\/uploads\/2024\/04\/IMG_9013-300x200.jpg 300w, https:\/\/amazonia.fiocruz.br\/wp-content\/uploads\/2024\/04\/IMG_9013-1030x687.jpg 1030w, https:\/\/amazonia.fiocruz.br\/wp-content\/uploads\/2024\/04\/IMG_9013-768x512.jpg 768w, https:\/\/amazonia.fiocruz.br\/wp-content\/uploads\/2024\/04\/IMG_9013-1536x1024.jpg 1536w, https:\/\/amazonia.fiocruz.br\/wp-content\/uploads\/2024\/04\/IMG_9013-2048x1365.jpg 2048w, https:\/\/amazonia.fiocruz.br\/wp-content\/uploads\/2024\/04\/IMG_9013-1500x1000.jpg 1500w, https:\/\/amazonia.fiocruz.br\/wp-content\/uploads\/2024\/04\/IMG_9013-705x470.jpg 705w\" sizes=\"(max-width: 1691px) 100vw, 1691px\" \/><\/p>\n<p style=\"text-align: justify;\">P\u00f3s-Doutor em Sa\u00fade Coletiva pela Universidade de Bras\u00edlia (UnB), o tamb\u00e9m pesquisador do Lahpsa, Rodrigo Tobias, foi representado pela discente do laborat\u00f3rio, Mayra Farias, por se encontrar em viagem fora do Estado. Tobias agradeceu a premia\u00e7\u00e3o e disse sentir-se lisonjeado e feliz por acreditar que esse tipo de reconhecimento motiva a todos a constru\u00edrem uma sa\u00fade p\u00fablica mais equitativa e de qualidade. \u201cAinda mais quando sabemos que a escolha partiu dos titulares das secretarias de Sa\u00fade dos munic\u00edpios do Estado do Amazonas, que vivenciam as necessidades de sa\u00fade da popula\u00e7\u00e3o\u201d, comentou.<\/p>\n<p style=\"text-align: justify;\"><strong>MEDALHA<\/strong><\/p>\n<p style=\"text-align: justify;\">A medalha Z\u00e9 do SUS foi institu\u00edda pelo Cosems-AM, como forma de homenagear o servidor p\u00fablico manauense Jos\u00e9 Rodrigues da Silva, um entusiasta de um sistema p\u00fablico de sa\u00fade capaz de atender a popula\u00e7\u00e3o com qualidade. A concess\u00e3o da medalha tamb\u00e9m \u00e9 uma forma de homenagear pessoas que n\u00e3o medem esfor\u00e7os para a melhoria da sa\u00fade p\u00fablica do Estado do Amazonas. Jos\u00e9 Rodrigues tamb\u00e9m d\u00e1 nome a uma Unidade de Pronto Atendimento (UPA), localizada no bairro Novo Aleixo, na zona Norte de Manaus.<\/p>\n<p style=\"text-align: justify;\">&#8212; &#8212; &#8212;<\/p>\n<p style=\"text-align: justify;\"><em><strong>ILMD\/Fiocruz Amaz\u00f4nia, por S\u00edntia Maciel<\/strong><\/em><\/p>\n<p style=\"text-align: justify;\"><em><strong>Fotos \u2013 Eduardo Gomes (ILMD\/Fiocruz Amaz\u00f4nia)<\/strong><\/em><\/p>\n<\/div><\/section>\n","protected":false},"excerpt":{"rendered":"<p>Homenagem integrou o encerramento da 5\u00aa Mostra Aqui tem SUS e a 2\u00aa Oficina Imuniza SUS, com a presen\u00e7a de gestores municipais de sa\u00fade, pesquisadores, servidores e agentes da \u00e1rea de sa\u00fade do Amazonas<\/p>\n","protected":false},"author":60,"featured_media":44279,"comment_status":"closed","ping_status":"closed","sticky":true,"template":"","format":"image","meta":{"footnotes":""},"categories":[15],"tags":[],"class_list":["post-44276","post","type-post","status-publish","format-image","has-post-thumbnail","hentry","category-noticias","post_format-post-format-image"],"_links":{"self":[{"href":"https:\/\/amazonia.fiocruz.br\/index.php?rest_route=\/wp\/v2\/posts\/44276","targetHints":{"allow":["GET"]}}],"collection":[{"href":"https:\/\/amazonia.fiocruz.br\/index.php?rest_route=\/wp\/v2\/posts"}],"about":[{"href":"https:\/\/amazonia.fiocruz.br\/index.php?rest_route=\/wp\/v2\/types\/post"}],"author":[{"embeddable":true,"href":"https:\/\/amazonia.fiocruz.br\/index.php?rest_route=\/wp\/v2\/users\/60"}],"replies":[{"embeddable":true,"href":"https:\/\/amazonia.fiocruz.br\/index.php?rest_route=%2Fwp%2Fv2%2Fcomments&post=44276"}],"version-history":[{"count":3,"href":"https:\/\/amazonia.fiocruz.br\/index.php?rest_route=\/wp\/v2\/posts\/44276\/revisions"}],"predecessor-version":[{"id":44283,"href":"https:\/\/amazonia.fiocruz.br\/index.php?rest_route=\/wp\/v2\/posts\/44276\/revisions\/44283"}],"wp:featuredmedia":[{"embeddable":true,"href":"https:\/\/amazonia.fiocruz.br\/index.php?rest_route=\/wp\/v2\/media\/44279"}],"wp:attachment":[{"href":"https:\/\/amazonia.fiocruz.br\/index.php?rest_route=%2Fwp%2Fv2%2Fmedia&parent=44276"}],"wp:term":[{"taxonomy":"category","embeddable":true,"href":"https:\/\/amazonia.fiocruz.br\/index.php?rest_route=%2Fwp%2Fv2%2Fcategories&post=44276"},{"taxonomy":"post_tag","embeddable":true,"href":"https:\/\/amazonia.fiocruz.br\/index.php?rest_route=%2Fwp%2Fv2%2Ftags&post=44276"}],"curies":[{"name":"wp","href":"https:\/\/api.w.org\/{rel}","templated":true}]}}