{"id":43972,"date":"2024-04-23T11:09:09","date_gmt":"2024-04-23T15:09:09","guid":{"rendered":"https:\/\/amazonia.fiocruz.br\/?p=43972"},"modified":"2024-04-23T11:10:05","modified_gmt":"2024-04-23T15:10:05","slug":"pesquisadores-da-fiocruz-amazonia-abordam-avancos-e-perspectivas-no-enfrentamento-a-dengue-em-coloquio-do-ministerio-da-saude","status":"publish","type":"post","link":"https:\/\/amazonia.fiocruz.br\/?p=43972","title":{"rendered":"Pesquisadores da Fiocruz Amaz\u00f4nia abordam avan\u00e7os e perspectivas no enfrentamento \u00e0 dengue, em col\u00f3quio do Minist\u00e9rio da Sa\u00fade"},"content":{"rendered":"<section class=\"av_textblock_section \"  itemscope=\"itemscope\" itemtype=\"https:\/\/schema.org\/BlogPosting\" itemprop=\"blogPost\" ><div class='avia_textblock  '   itemprop=\"text\" ><p style=\"text-align: justify;\">O Instituto Le\u00f4nidas &amp; Maria Deane (<a href=\"https:\/\/amazonia.fiocruz.br\/?page_id=40580\">ILMD\/Fiocruz Amaz\u00f4nia<\/a>), representado pelos pesquisadores, Felipe Naveca, Coordenador do N\u00facleo de Vigil\u00e2ncia de V\u00edrus Emergentes, Reemergentes ou Negligenciados, e S\u00e9rgio Luz, Coordenador do N\u00facleo de Pat\u00f3genos Reservat\u00f3rios e Vetores na Amaz\u00f4nia (PReV-Amaz\u00f4nia), vinculado ao Laborat\u00f3rio Ecologia de Doen\u00e7as Transmiss\u00edveis na Amaz\u00f4nia (EDTA), esteve presente no col\u00f3quio \u201c<a href=\"https:\/\/www.youtube.com\/watch?v=YY3xNbXvPWo\">Avan\u00e7os e Perspectivas no Enfrentamento \u00e0 Dengue<\/a>\u201d, ocorrido na \u00faltima quarta-feira,17\/4, na sede da Organiza\u00e7\u00e3o Pan-Americana da Sa\u00fade (OPAS), em Bras\u00edlia.<\/p>\n<p style=\"text-align: justify;\">O evento reuniu, especialistas brasileiros em arboviroses e representantes da OPAS e Organiza\u00e7\u00e3o Mundial da Sa\u00fade (OMS). O col\u00f3quio foi dividido em mesas e pain\u00e9is que discutiram o cen\u00e1rio epidemiol\u00f3gico da dengue no mundo, nas Am\u00e9ricas e no Brasil, a\u00e7\u00f5es de enfrentamento da epidemia de dengue, desafios da assist\u00eancia e da vigil\u00e2ncia, al\u00e9m de preven\u00e7\u00e3o e resposta a emerg\u00eancias em sa\u00fade.<\/p>\n<p style=\"text-align: justify;\">Compondo a mesa tem\u00e1tica \u201cDesafios da assist\u00eancia e da vigil\u00e2ncia\u201d, o virologista e pesquisador da Fiocruz, Felipe Naveca, destacou que v\u00ea como aspecto positivo a aproxima\u00e7\u00e3o entre a ponta e os laborat\u00f3rios de refer\u00eancia dos institutos de pesquisa. O pesquisador pontuou ainda que os aprendizados adquiridos nos Laborat\u00f3rios Centrais de Sa\u00fade P\u00fablica t\u00eam sido de grande import\u00e2ncia para as expertises acumuladas, que podem ser utilizadas no enfretamento a emerg\u00eancias.<\/p>\n<p style=\"text-align: justify;\">\u201cGostaria de ressaltar que vejo na melhoria de diagn\u00f3stico, nos \u00faltimos anos, muitas vezes se deu por uma maior aproxima\u00e7\u00e3o entre a ponta e n\u00f3s que estamos nos laborat\u00f3rios de refer\u00eancia ou nos institutos de pesquisa. Cito especialmente a experi\u00eancia que tive em alguns LACENs, como por exemplo o de Roraima, que j\u00e1 trabalha conosco h\u00e1 mais de 15 anos, e no final de 2022, percebeu que tinha alguma coisa errada com a baixa positividade nos testes ZDC . Era justamente o come\u00e7o de subida de casos de Oropouche, o surto atual, mas que desde o final de 2022, temos a mesma linhagem circulando. Assim como a detec\u00e7\u00e3o dos primeiros casos de Dengue 3 no Brasil, que tamb\u00e9m chamaram aten\u00e7\u00e3o por ser algo que a gente n\u00e3o via h\u00e1 algum tempo. Essa proximidade tem sido algo muito interessante na experi\u00eancia que a gente tem acumulado\u201d, explica Naveca.<\/p>\n<p><img decoding=\"async\" class=\"aligncenter size-full wp-image-43974\" src=\"https:\/\/amazonia.fiocruz.br\/wp-content\/uploads\/2024\/04\/MG_7252-scaled.jpg\" alt=\"\" width=\"2560\" height=\"1707\" srcset=\"https:\/\/amazonia.fiocruz.br\/wp-content\/uploads\/2024\/04\/MG_7252-scaled.jpg 2560w, https:\/\/amazonia.fiocruz.br\/wp-content\/uploads\/2024\/04\/MG_7252-300x200.jpg 300w, https:\/\/amazonia.fiocruz.br\/wp-content\/uploads\/2024\/04\/MG_7252-1030x687.jpg 1030w, https:\/\/amazonia.fiocruz.br\/wp-content\/uploads\/2024\/04\/MG_7252-768x512.jpg 768w, https:\/\/amazonia.fiocruz.br\/wp-content\/uploads\/2024\/04\/MG_7252-1536x1024.jpg 1536w, https:\/\/amazonia.fiocruz.br\/wp-content\/uploads\/2024\/04\/MG_7252-2048x1365.jpg 2048w, https:\/\/amazonia.fiocruz.br\/wp-content\/uploads\/2024\/04\/MG_7252-1500x1000.jpg 1500w, https:\/\/amazonia.fiocruz.br\/wp-content\/uploads\/2024\/04\/MG_7252-705x470.jpg 705w\" sizes=\"(max-width: 2560px) 100vw, 2560px\" \/><\/p>\n<p style=\"text-align: justify;\">S\u00e9rgio Luz, falou sobre os resultados positivos dos estudos com o uso das esta\u00e7\u00f5es disseminadoras de larvicida. \u201cVenho desenvolvendo estudos com esta\u00e7\u00f5es disseminadoras de larvicidas, que usa o princ\u00edpio da dissemina\u00e7\u00e3o, onde n\u00f3s testamos em larga escala. Fizemos em um bairro da cidade de Manaus, e depois repetimos isso em toda uma cidade isolada, onde tivemos resultados muito surpreendentes e, de l\u00e1 pra c\u00e1, com o advento da Zika em 2016, estamos desenvolvendo isso juntamente com o Minist\u00e9rio, no sentido de tentarmos colocar essa estrat\u00e9gia nas outras cidades, para conhecer como essa a\u00e7\u00e3o pode ser avaliada em diferentes paisagens, locais, e principalmente avaliar as intercorr\u00eancias dessa estrat\u00e9gia dentro da realidade do servi\u00e7o\u201d, explica Luz.<\/p>\n<p style=\"text-align: justify;\">Durante a fala, S\u00e9rgio tamb\u00e9m compartilhou relatos de experi\u00eancia com a coleta de vetores e, ponderou a necessidade de mais estudos para que seja poss\u00edvel a compreens\u00e3o de grandes epidemias e infec\u00e7\u00f5es de arbov\u00edrus no Brasil e no mundo. \u201cO Oropouche sempre esteve rondando as infec\u00e7\u00f5es de arbov\u00edrus no Brasil e no mundo, sendo considerado inclusive o segundo maior arbov\u00edrus at\u00e9 chegar o <em>Chikungunya<\/em> e o <em>Zika<\/em>. N\u00f3s enfrentamos uma epidemia, estamos ainda enfrentando uma epidemia com mais de dois mil casos detectados de Oropouche, e eu gostaria de chamar aten\u00e7\u00e3o nesse sentido, para o seguinte: Eu trabalhei coletando os vetores para vermos quem realmente est\u00e1 infectado, pois existem poucos estudos que acompanham a transmiss\u00e3o do Oropouche. Tradicionalmente, o que se existe mais antigo na literatura \u00e9 que ele \u00e9 transmitido pelo <em>Culicoides paraensis<\/em>, e existem outros mosquitos envolvidos na transmiss\u00e3o como o <em>Culex quinquefasciatus<\/em>, existem alguns mosquitos silvestres como <em>Aedes serratus <\/em>e <em>Coquillettidia<\/em>, que foram pegos infectados, mas h\u00e1 uma diferen\u00e7a bem grande entre os que foram detectados infectados e os que realmente est\u00e3o transmitindo e mantendo a circula\u00e7\u00e3o do v\u00edrus. A gente precisa conhecer melhor isso\u201d, pontuou.<\/p>\n<p style=\"text-align: justify;\">Na ocasi\u00e3o, a secret\u00e1ria de Vigil\u00e2ncia em Sa\u00fade e Ambiente, Ethel Maciel, atualizou o cen\u00e1rio epidemiol\u00f3gico da dengue no pa\u00eds e apresentou as principais a\u00e7\u00f5es para preven\u00e7\u00e3o e controle da doen\u00e7a. Ao final do encontro, representantes da Secretaria de Vigil\u00e2ncia em Sa\u00fade e Ambiente (SVSA), respons\u00e1vel pela organiza\u00e7\u00e3o do col\u00f3quio, informaram que ele dever\u00e1 ser repetido no pr\u00f3ximo m\u00eas para condensar as experi\u00eancias trocadas sobre o momento em que o mundo passa com as mudan\u00e7as clim\u00e1tica e o fen\u00f4meno do El Ni\u00f1o, bem como a possibilidade de que as vacinas sejam amplamente produzidas para atender a popula\u00e7\u00e3o em m\u00e9dio e longo prazo. O evento foi realizado de forma h\u00edbrida, e contou com participa\u00e7\u00e3o de tamb\u00e9m de especialistas e pesquisadores de fora do Brasil.<\/p>\n<h6 style=\"text-align: justify;\"><strong><em>ILMD Fiocruz Amaz\u00f4nia, por Eduardo Gomes.<\/em><\/strong><\/h6>\n<h6 style=\"text-align: justify;\"><em>*Com informa\u00e7\u00f5es do Minist\u00e9rio da Sa\u00fade.<\/em><\/h6>\n<\/div><\/section>\n","protected":false},"excerpt":{"rendered":"<p>O evento foi realizado de forma h\u00edbrida, e contou com participa\u00e7\u00e3o de tamb\u00e9m de especialistas e pesquisadores de fora do Brasil.<\/p>\n","protected":false},"author":20,"featured_media":43973,"comment_status":"closed","ping_status":"closed","sticky":true,"template":"","format":"image","meta":{"footnotes":""},"categories":[15],"tags":[388,136,120,119,131],"class_list":["post-43972","post","type-post","status-publish","format-image","has-post-thumbnail","hentry","category-noticias","tag-arboviroses","tag-fiocruz","tag-fiocruz-amazonia","tag-ilmd","tag-ilmdfiocruz-amazonia","post_format-post-format-image"],"_links":{"self":[{"href":"https:\/\/amazonia.fiocruz.br\/index.php?rest_route=\/wp\/v2\/posts\/43972","targetHints":{"allow":["GET"]}}],"collection":[{"href":"https:\/\/amazonia.fiocruz.br\/index.php?rest_route=\/wp\/v2\/posts"}],"about":[{"href":"https:\/\/amazonia.fiocruz.br\/index.php?rest_route=\/wp\/v2\/types\/post"}],"author":[{"embeddable":true,"href":"https:\/\/amazonia.fiocruz.br\/index.php?rest_route=\/wp\/v2\/users\/20"}],"replies":[{"embeddable":true,"href":"https:\/\/amazonia.fiocruz.br\/index.php?rest_route=%2Fwp%2Fv2%2Fcomments&post=43972"}],"version-history":[{"count":2,"href":"https:\/\/amazonia.fiocruz.br\/index.php?rest_route=\/wp\/v2\/posts\/43972\/revisions"}],"predecessor-version":[{"id":43976,"href":"https:\/\/amazonia.fiocruz.br\/index.php?rest_route=\/wp\/v2\/posts\/43972\/revisions\/43976"}],"wp:featuredmedia":[{"embeddable":true,"href":"https:\/\/amazonia.fiocruz.br\/index.php?rest_route=\/wp\/v2\/media\/43973"}],"wp:attachment":[{"href":"https:\/\/amazonia.fiocruz.br\/index.php?rest_route=%2Fwp%2Fv2%2Fmedia&parent=43972"}],"wp:term":[{"taxonomy":"category","embeddable":true,"href":"https:\/\/amazonia.fiocruz.br\/index.php?rest_route=%2Fwp%2Fv2%2Fcategories&post=43972"},{"taxonomy":"post_tag","embeddable":true,"href":"https:\/\/amazonia.fiocruz.br\/index.php?rest_route=%2Fwp%2Fv2%2Ftags&post=43972"}],"curies":[{"name":"wp","href":"https:\/\/api.w.org\/{rel}","templated":true}]}}