{"id":43517,"date":"2024-04-15T14:57:23","date_gmt":"2024-04-15T18:57:23","guid":{"rendered":"https:\/\/amazonia.fiocruz.br\/?p=43517"},"modified":"2024-04-15T14:58:00","modified_gmt":"2024-04-15T18:58:00","slug":"fiocruz-amazonia-abre-vagas-de-estagio-para-cursos-das-areas-de-ti-biologicas-e-saude","status":"publish","type":"post","link":"https:\/\/amazonia.fiocruz.br\/?p=43517","title":{"rendered":"<strong>Fiocruz Amaz\u00f4nia abre vagas de est\u00e1gio para cursos das \u00e1reas de TI, Biol\u00f3gicas e Sa\u00fade<\/strong>"},"content":{"rendered":"<section class=\"av_textblock_section \"  itemscope=\"itemscope\" itemtype=\"https:\/\/schema.org\/BlogPosting\" itemprop=\"blogPost\" ><div class='avia_textblock  '   itemprop=\"text\" ><p style=\"text-align: justify;\">O Instituto Le\u00f4nidas e Maria Deane (ILMD\/Fiocruz Amaz\u00f4nia) est\u00e1 com inscri\u00e7\u00f5es abertas para a sele\u00e7\u00e3o de estagi\u00e1rios, na modalidade est\u00e1gio n\u00e3o-obrigat\u00f3rio para n\u00edvel superior, nos cursos de Administra\u00e7\u00e3o, Ci\u00eancias da Computa\u00e7\u00e3o, Processamento de Dados, Gerenciamento de Redes, Ci\u00eancias Biol\u00f3gicas e Farm\u00e1cia. O total de cinco vagas est\u00e1 sendo oferecido, e os interessados podem se candidatar at\u00e9 as 12h (hor\u00e1rio Bras\u00edlia) do dia 30\/4. N\u00e3o h\u00e1 taxa de inscri\u00e7\u00e3o.<\/p>\n<p style=\"text-align: justify;\">O edital para a modalidade de est\u00e1gio n\u00e3o-obrigat\u00f3rio pode ser acessado no site do Centro de Integra\u00e7\u00e3o Empresa-Escola (CIEE), no endere\u00e7o <a href=\"https:\/\/pp.ciee.org.br\/vitrine\/12153\/detalhe\">https:\/\/pp.ciee.org.br\/vitrine\/12153\/detalhe<\/a>, onde pode ser conferido o cronograma de sele\u00e7\u00e3o, documenta\u00e7\u00e3o exigida, tabela de benef\u00edcios, entre outros itens.<\/p>\n<p style=\"text-align: justify;\">Podem se inscrever alunos que estiverem cursando a partir do 3\u00b0 per\u00edodo. O valor da bolsa-aux\u00edlio varia de R$ 787,98 (4h) a R$ 1.125,69 (6h), al\u00e9m do aux\u00edlio-transporte. Ap\u00f3s a inscri\u00e7\u00e3o, os candidatos passar\u00e3o pela fase de an\u00e1lise de documenta\u00e7\u00e3o e posteriormente por uma entrevista, prova ou din\u00e2micas de grupos, que ser\u00e3o realizadas e aplicadas pela Fiocruz Amaz\u00f4nia.<\/p>\n<p style=\"text-align: justify;\"><strong>RESERVAS<\/strong><\/p>\n<p style=\"text-align: justify;\">No \u00faltimo dia 9\/04, a Fiocruz lan\u00e7ou dois editais, com um total de 239 vagas, distribu\u00eddas para todas as unidades da institui\u00e7\u00e3o espalhadas pelo pa\u00eds, nas modalidades est\u00e1gio n\u00e3o-obrigat\u00f3rio e est\u00e1gio obrigat\u00f3rio. Do total de vagas disponibilizadas, 216 s\u00e3o na modalidade de est\u00e1gio n\u00e3o obrigat\u00f3rio e 23 para realiza\u00e7\u00e3o de est\u00e1gio obrigat\u00f3rio, e haver\u00e1 reserva para pessoas com defici\u00eancia (10%), para estudantes negros (30%), para ind\u00edgenas (5%) e para pessoas trans (5).<\/p>\n<p style=\"text-align: justify;\"><em><strong>ILMD\/Fiocruz Amaz\u00f4nia, por S\u00edntia Maciel<\/strong><\/em><\/p>\n<p style=\"text-align: justify;\"><em><strong>Foto: Arquivo<\/strong><\/em><\/p>\n<\/div><\/section>\n","protected":false},"excerpt":{"rendered":"<p>Podem se inscrever alunos que estiverem cursando a partir do 3\u00b0 per\u00edodo. Os interessados podem se candidatar at\u00e9 as 12h (hor\u00e1rio Bras\u00edlia) do dia 30\/4<\/p>\n","protected":false},"author":60,"featured_media":39039,"comment_status":"closed","ping_status":"closed","sticky":true,"template":"","format":"image","meta":{"footnotes":""},"categories":[15],"tags":[],"class_list":["post-43517","post","type-post","status-publish","format-image","has-post-thumbnail","hentry","category-noticias","post_format-post-format-image"],"_links":{"self":[{"href":"https:\/\/amazonia.fiocruz.br\/index.php?rest_route=\/wp\/v2\/posts\/43517","targetHints":{"allow":["GET"]}}],"collection":[{"href":"https:\/\/amazonia.fiocruz.br\/index.php?rest_route=\/wp\/v2\/posts"}],"about":[{"href":"https:\/\/amazonia.fiocruz.br\/index.php?rest_route=\/wp\/v2\/types\/post"}],"author":[{"embeddable":true,"href":"https:\/\/amazonia.fiocruz.br\/index.php?rest_route=\/wp\/v2\/users\/60"}],"replies":[{"embeddable":true,"href":"https:\/\/amazonia.fiocruz.br\/index.php?rest_route=%2Fwp%2Fv2%2Fcomments&post=43517"}],"version-history":[{"count":2,"href":"https:\/\/amazonia.fiocruz.br\/index.php?rest_route=\/wp\/v2\/posts\/43517\/revisions"}],"predecessor-version":[{"id":43519,"href":"https:\/\/amazonia.fiocruz.br\/index.php?rest_route=\/wp\/v2\/posts\/43517\/revisions\/43519"}],"wp:featuredmedia":[{"embeddable":true,"href":"https:\/\/amazonia.fiocruz.br\/index.php?rest_route=\/wp\/v2\/media\/39039"}],"wp:attachment":[{"href":"https:\/\/amazonia.fiocruz.br\/index.php?rest_route=%2Fwp%2Fv2%2Fmedia&parent=43517"}],"wp:term":[{"taxonomy":"category","embeddable":true,"href":"https:\/\/amazonia.fiocruz.br\/index.php?rest_route=%2Fwp%2Fv2%2Fcategories&post=43517"},{"taxonomy":"post_tag","embeddable":true,"href":"https:\/\/amazonia.fiocruz.br\/index.php?rest_route=%2Fwp%2Fv2%2Ftags&post=43517"}],"curies":[{"name":"wp","href":"https:\/\/api.w.org\/{rel}","templated":true}]}}