{"id":43236,"date":"2024-04-09T20:07:55","date_gmt":"2024-04-10T00:07:55","guid":{"rendered":"https:\/\/amazonia.fiocruz.br\/?p=43236"},"modified":"2024-04-09T20:13:31","modified_gmt":"2024-04-10T00:13:31","slug":"bolsistas-do-projeto-moeta-participam-de-capacitacao-em-hanseniase-e-analise-de-dados","status":"publish","type":"post","link":"https:\/\/amazonia.fiocruz.br\/?p=43236","title":{"rendered":"<strong>Bolsistas do projeto Moet\u00e1 participam de capacita\u00e7\u00e3o em hansen\u00edase e an\u00e1lise de dados<\/strong>"},"content":{"rendered":"<section class=\"av_textblock_section \"  itemscope=\"itemscope\" itemtype=\"https:\/\/schema.org\/BlogPosting\" itemprop=\"blogPost\" ><div class='avia_textblock  '   itemprop=\"text\" ><p style=\"text-align: justify;\">Durante dois dias (8 e 9\/04), bolsistas do Projeto Moet\u00e1, do Instituto Le\u00f4nidas &amp; Maria Deane (ILMD\/Fiocruz Amaz\u00f4nia), participaram de capacita\u00e7\u00e3o com palestras sobre hansen\u00edase e capta\u00e7\u00e3o e an\u00e1lise de dados, como parte da forma\u00e7\u00e3o de Comunicadores Populares Especializados em Sa\u00fade (CPES). As atividades ocorreram no Sal\u00e3o Canoas, na sede da Fiocruz Amaz\u00f4nia, no bairro Adrian\u00f3polis, zona Centro-Sul.<\/p>\n<p style=\"text-align: justify;\"><img decoding=\"async\" class=\"alignnone wp-image-43237\" src=\"https:\/\/amazonia.fiocruz.br\/wp-content\/uploads\/2024\/04\/moeta-1-300x169.jpg\" alt=\"\" width=\"1692\" height=\"953\" srcset=\"https:\/\/amazonia.fiocruz.br\/wp-content\/uploads\/2024\/04\/moeta-1-300x169.jpg 300w, https:\/\/amazonia.fiocruz.br\/wp-content\/uploads\/2024\/04\/moeta-1-1030x579.jpg 1030w, https:\/\/amazonia.fiocruz.br\/wp-content\/uploads\/2024\/04\/moeta-1-768x432.jpg 768w, https:\/\/amazonia.fiocruz.br\/wp-content\/uploads\/2024\/04\/moeta-1-1536x864.jpg 1536w, https:\/\/amazonia.fiocruz.br\/wp-content\/uploads\/2024\/04\/moeta-1-1500x844.jpg 1500w, https:\/\/amazonia.fiocruz.br\/wp-content\/uploads\/2024\/04\/moeta-1-705x397.jpg 705w, https:\/\/amazonia.fiocruz.br\/wp-content\/uploads\/2024\/04\/moeta-1.jpg 1600w\" sizes=\"(max-width: 1692px) 100vw, 1692px\" \/><\/p>\n<p style=\"text-align: justify;\">\u201cNum primeiro momento, enfatizamos o debate sobre sa\u00fade com foco na hansen\u00edase, considerando que faremos uma visita \u00e0 Col\u00f4nia Ant\u00f4nio Aleixo, cuja realidade est\u00e1 dentro do contexto da hansen\u00edase, e na sequ\u00eancia abordamos a import\u00e2ncia da an\u00e1lise de dados estat\u00edsticos e como essas informa\u00e7\u00f5es podem ser utilizadas nos projetos de pesquisa e elabora\u00e7\u00e3o de pol\u00edticas p\u00fablicas\u201d, resumiu o coordenador do Moet\u00e1, o enfermeiro Elton Aleme.<\/p>\n<p style=\"text-align: justify;\">O primeiro dia de palestra, na segunda-feira, 8, abordou o tema sa\u00fade no contexto da hansen\u00edase, com \u00eanfase na hist\u00f3ria do bairro Col\u00f4nia Ant\u00f4nio Aleixo, localizado na zona Leste de Manaus. A palestra foi ministrada pelos enfermeiros Gercy Nei Castelo Branco e Raquel Serique, da Funda\u00e7\u00e3o Alfredo da Matta. Eles abordaram aspectos cl\u00ednicos, terap\u00eauticos e hist\u00f3ricos da doen\u00e7a no Amazonas e, mais especificamente, na capital, Manaus, onde a Col\u00f4nia Ant\u00f4nio Aleixo surgiu como espa\u00e7o para abrigar pessoas acometidas pela doen\u00e7a, na d\u00e9cada de 1940. O local foi desativado anos mais tarde, dando origem ao bairro de mesmo nome.<\/p>\n<p style=\"text-align: justify;\"><img decoding=\"async\" class=\"alignnone wp-image-43238\" src=\"https:\/\/amazonia.fiocruz.br\/wp-content\/uploads\/2024\/04\/IMG_8332-300x200.jpg\" alt=\"\" width=\"1698\" height=\"1132\" srcset=\"https:\/\/amazonia.fiocruz.br\/wp-content\/uploads\/2024\/04\/IMG_8332-300x200.jpg 300w, https:\/\/amazonia.fiocruz.br\/wp-content\/uploads\/2024\/04\/IMG_8332-1030x687.jpg 1030w, https:\/\/amazonia.fiocruz.br\/wp-content\/uploads\/2024\/04\/IMG_8332-768x512.jpg 768w, https:\/\/amazonia.fiocruz.br\/wp-content\/uploads\/2024\/04\/IMG_8332-1536x1024.jpg 1536w, https:\/\/amazonia.fiocruz.br\/wp-content\/uploads\/2024\/04\/IMG_8332-2048x1365.jpg 2048w, https:\/\/amazonia.fiocruz.br\/wp-content\/uploads\/2024\/04\/IMG_8332-1500x1000.jpg 1500w, https:\/\/amazonia.fiocruz.br\/wp-content\/uploads\/2024\/04\/IMG_8332-705x470.jpg 705w\" sizes=\"(max-width: 1698px) 100vw, 1698px\" \/><\/p>\n<p style=\"text-align: justify;\">\u201cEsse tipo de palestra \u00e9 fundamental para que os bolsistas tenham seguran\u00e7a, no momento de abordar a comunidade, conversar com os moradores, e levar as informa\u00e7\u00f5es sobre sa\u00fade, considerando que eles ir\u00e3o atuar em um bairro que tem um contexto pr\u00f3prio, em rela\u00e7\u00e3o a outros bairros da cidade. Essa iniciativa tamb\u00e9m ajuda a quebrar estigmas em rela\u00e7\u00e3o ao bairro\u201d, comentou Raquel.<\/p>\n<p style=\"text-align: justify;\">Na ter\u00e7a-feira, 9\/04, a palestra foi do secret\u00e1rio municipal de Meio Ambiente de Presidente Figueiredo, Luiz Schwade, que abordou a import\u00e2ncia da coleta e an\u00e1lise de dados na execu\u00e7\u00e3o de projetos, bem como a utiliza\u00e7\u00e3o deles na elabora\u00e7\u00e3o de pol\u00edticas p\u00fablicas.<\/p>\n<p><img decoding=\"async\" class=\"alignnone  wp-image-43243\" src=\"https:\/\/amazonia.fiocruz.br\/wp-content\/uploads\/2024\/04\/IMG_8324-300x200.jpg\" alt=\"\" width=\"1667\" height=\"1111\" srcset=\"https:\/\/amazonia.fiocruz.br\/wp-content\/uploads\/2024\/04\/IMG_8324-300x200.jpg 300w, https:\/\/amazonia.fiocruz.br\/wp-content\/uploads\/2024\/04\/IMG_8324-1030x687.jpg 1030w, https:\/\/amazonia.fiocruz.br\/wp-content\/uploads\/2024\/04\/IMG_8324-768x512.jpg 768w, https:\/\/amazonia.fiocruz.br\/wp-content\/uploads\/2024\/04\/IMG_8324-1536x1024.jpg 1536w, https:\/\/amazonia.fiocruz.br\/wp-content\/uploads\/2024\/04\/IMG_8324-2048x1365.jpg 2048w, https:\/\/amazonia.fiocruz.br\/wp-content\/uploads\/2024\/04\/IMG_8324-1500x1000.jpg 1500w, https:\/\/amazonia.fiocruz.br\/wp-content\/uploads\/2024\/04\/IMG_8324-705x470.jpg 705w\" sizes=\"(max-width: 1667px) 100vw, 1667px\" \/><\/p>\n<p style=\"text-align: justify;\">\u201cA capta\u00e7\u00e3o de dados e estat\u00edsticas, principalmente no levantamento de campo s\u00e3o importantes n\u00e3o s\u00f3 para mostrar o panorama de um determinado cen\u00e1rio, mas para a elabora\u00e7\u00e3o de pol\u00edticas p\u00fablicas, que ir\u00e3o beneficiar uma comunidade\u201d, observou Schwade. Durante a explana\u00e7\u00e3o comentou sobre a experi\u00eancia vivenciada em 2016, ocasi\u00e3o em que o munic\u00edpio de Presidente Figueiredo foi impactado pelo fen\u00f4meno clim\u00e1tico do El Ni\u00f1o, que contribui para in\u00fameros focos de queimadas na cidade.<\/p>\n<p style=\"text-align: justify;\">Al\u00e9m da Col\u00f4nia Ant\u00f4nio Aleixo, outros quatro bairros &#8211; Alvorada, Cidade Nova, Compensa, Novo Israel e Jorge Teixeira \u2013 tamb\u00e9m dever\u00e3o ser visitados pelo grupo de bolsistas, posteriormente. Em Nhengatu \u2013 l\u00edngua ind\u00edgena pertencente \u00e0 fam\u00edlia tupi-guarani, falada na regi\u00e3o Amaz\u00f4nica, durante o s\u00e9culo XIX \u2013, moet\u00e1 significa multiplicar, tornar muitos, socializar.<\/p>\n<p style=\"text-align: justify;\">ILMD\/Fiocruz Amaz\u00f4nia, por S\u00edntia Maciel<\/p>\n<p style=\"text-align: justify;\">Fotos: S\u00edntia Maciel e J\u00falio Pedrosa<\/p>\n<\/div><\/section>\n","protected":false},"excerpt":{"rendered":"<p>Atividade faz parte da forma\u00e7\u00e3o de Comunicadores Populares Especializados em Sa\u00fade <\/p>\n","protected":false},"author":60,"featured_media":43239,"comment_status":"closed","ping_status":"closed","sticky":true,"template":"","format":"image","meta":{"footnotes":""},"categories":[15],"tags":[],"class_list":["post-43236","post","type-post","status-publish","format-image","has-post-thumbnail","hentry","category-noticias","post_format-post-format-image"],"_links":{"self":[{"href":"https:\/\/amazonia.fiocruz.br\/index.php?rest_route=\/wp\/v2\/posts\/43236","targetHints":{"allow":["GET"]}}],"collection":[{"href":"https:\/\/amazonia.fiocruz.br\/index.php?rest_route=\/wp\/v2\/posts"}],"about":[{"href":"https:\/\/amazonia.fiocruz.br\/index.php?rest_route=\/wp\/v2\/types\/post"}],"author":[{"embeddable":true,"href":"https:\/\/amazonia.fiocruz.br\/index.php?rest_route=\/wp\/v2\/users\/60"}],"replies":[{"embeddable":true,"href":"https:\/\/amazonia.fiocruz.br\/index.php?rest_route=%2Fwp%2Fv2%2Fcomments&post=43236"}],"version-history":[{"count":3,"href":"https:\/\/amazonia.fiocruz.br\/index.php?rest_route=\/wp\/v2\/posts\/43236\/revisions"}],"predecessor-version":[{"id":43244,"href":"https:\/\/amazonia.fiocruz.br\/index.php?rest_route=\/wp\/v2\/posts\/43236\/revisions\/43244"}],"wp:featuredmedia":[{"embeddable":true,"href":"https:\/\/amazonia.fiocruz.br\/index.php?rest_route=\/wp\/v2\/media\/43239"}],"wp:attachment":[{"href":"https:\/\/amazonia.fiocruz.br\/index.php?rest_route=%2Fwp%2Fv2%2Fmedia&parent=43236"}],"wp:term":[{"taxonomy":"category","embeddable":true,"href":"https:\/\/amazonia.fiocruz.br\/index.php?rest_route=%2Fwp%2Fv2%2Fcategories&post=43236"},{"taxonomy":"post_tag","embeddable":true,"href":"https:\/\/amazonia.fiocruz.br\/index.php?rest_route=%2Fwp%2Fv2%2Ftags&post=43236"}],"curies":[{"name":"wp","href":"https:\/\/api.w.org\/{rel}","templated":true}]}}