{"id":43228,"date":"2024-04-09T18:11:51","date_gmt":"2024-04-09T22:11:51","guid":{"rendered":"https:\/\/amazonia.fiocruz.br\/?p=43228"},"modified":"2024-04-09T18:12:37","modified_gmt":"2024-04-09T22:12:37","slug":"fiocruz-amazonia-e-ipem-am-retomam-cooperacao-tecnica-para-uso-de-unidade-basica-fluvial-para-pesquisas-nas-areas-ribeirinhas","status":"publish","type":"post","link":"https:\/\/amazonia.fiocruz.br\/?p=43228","title":{"rendered":"Fiocruz Amaz\u00f4nia e Ipem-AM retomam coopera\u00e7\u00e3o t\u00e9cnica para uso de Unidade B\u00e1sica Fluvial para pesquisas nas \u00e1reas ribeirinhas"},"content":{"rendered":"<section class=\"av_textblock_section \"  itemscope=\"itemscope\" itemtype=\"https:\/\/schema.org\/BlogPosting\" itemprop=\"blogPost\" ><div class='avia_textblock  '   itemprop=\"text\" ><p style=\"text-align: justify;\">A Fiocruz Amaz\u00f4nia e o Instituto de Pesos e Medidas do Amazonas (Ipem-AM) dever\u00e3o retomar as atividades de coopera\u00e7\u00e3o desenvolvidas por meio do uso compartilhado da Unidade B\u00e1sica Fluvial de Fiscaliza\u00e7\u00e3o e Pesquisa (UBF), doada pelo Instituto Nacional de Metrologia, Qualidade e Tecnologia (INMETRO) ao Ipem-AM. Suspensa desde 2021, a coopera\u00e7\u00e3o com a Fiocruz Amaz\u00f4nia previa a realiza\u00e7\u00e3o de atividades de pesquisa, desenvolvimento, treinamento de recursos humanos e presta\u00e7\u00e3o de servi\u00e7os em \u00e1reas remotas do Amazonas. Em reuni\u00e3o na \u00faltima segunda-feira (8\/4), a diretora da Fiocruz Amaz\u00f4nia, Stefanie Lopes, e o diretor-presidente do Ipem-AM) alinharam detalhes sobre a retomada de conv\u00eanio entre as institui\u00e7\u00f5es com a poss\u00edvel assinatura de um novo Termo de Coopera\u00e7\u00e3o T\u00e9cnica.<\/p>\n<p style=\"text-align: justify;\"><img decoding=\"async\" class=\"alignnone wp-image-43229\" src=\"https:\/\/amazonia.fiocruz.br\/wp-content\/uploads\/2024\/04\/IMG_8279-300x200.jpg\" alt=\"\" width=\"1698\" height=\"1132\" srcset=\"https:\/\/amazonia.fiocruz.br\/wp-content\/uploads\/2024\/04\/IMG_8279-300x200.jpg 300w, https:\/\/amazonia.fiocruz.br\/wp-content\/uploads\/2024\/04\/IMG_8279-1030x687.jpg 1030w, https:\/\/amazonia.fiocruz.br\/wp-content\/uploads\/2024\/04\/IMG_8279-768x512.jpg 768w, https:\/\/amazonia.fiocruz.br\/wp-content\/uploads\/2024\/04\/IMG_8279-1536x1024.jpg 1536w, https:\/\/amazonia.fiocruz.br\/wp-content\/uploads\/2024\/04\/IMG_8279-2048x1365.jpg 2048w, https:\/\/amazonia.fiocruz.br\/wp-content\/uploads\/2024\/04\/IMG_8279-1500x1000.jpg 1500w, https:\/\/amazonia.fiocruz.br\/wp-content\/uploads\/2024\/04\/IMG_8279-705x470.jpg 705w\" sizes=\"(max-width: 1698px) 100vw, 1698px\" \/><\/p>\n<p style=\"text-align: justify;\">Para a diretora da Fiocruz Amaz\u00f4nia, Stefanie Costa Lopes, a retomada do acordo de coopera\u00e7\u00e3o com o Ipem-AM, atender\u00e1 a uma necessidade da Fiocruz para atendimento de demandas emergentes nas \u00e1reas da Vigil\u00e2ncias Epidemiol\u00f3gica e Gen\u00f4mica. \u201cHoje, aspectos como o do desmatamento, mudan\u00e7as clim\u00e1ticas e os riscos de intera\u00e7\u00e3o entre a popula\u00e7\u00e3o e novos v\u00edrus a partir dos h\u00e1bitos existentes nas \u00e1reas ribeirinhas, aumentam as chances de surgimento de novas doen\u00e7as, e a possiblidade de termos essa parceria com o Ipem amplia nosso raio de atua\u00e7\u00e3o, com um trabalho desenvolvido em \u00e1reas remotas\u201d, afirmou.<\/p>\n<p style=\"text-align: justify;\">O diretor-presidente do Ipem-AM, Renato Marinho, ressaltou que a renova\u00e7\u00e3o da parceria com a Fiocruz n\u00e3o apenas fortalece a parceria e as atividades desenvolvidas pelas institui\u00e7\u00f5es, como tamb\u00e9m aumenta a capacidade de interc\u00e2mbio de informa\u00e7\u00f5es e amplia a presta\u00e7\u00e3o de servi\u00e7os \u00e0 sociedade como um todo.<\/p>\n<p style=\"text-align: justify;\">\u201cTemos um excelente hist\u00f3rico de parceria com a Fiocruz com resultados positivos de a\u00e7\u00f5es, projetos e pesquisas, principalmente, em comunidades do interior do Amazonas. A retomada desse conv\u00eanio \u00e9 de suma import\u00e2ncia tanto para as institui\u00e7\u00f5es quanto para a sociedade amazonense e tamb\u00e9m em n\u00edvel nacional\u201d, afirmou Marinho, ao acrescentar que o plano de trabalho de 2024 do instituto, em conson\u00e2ncia com o Inmetro e o Governo do Estado, est\u00e1 pronto para readequa\u00e7\u00f5es em face da renova\u00e7\u00e3o da parceria com a Fiocruz.<\/p>\n<p style=\"text-align: justify;\"><img decoding=\"async\" class=\"alignnone wp-image-43230\" src=\"https:\/\/amazonia.fiocruz.br\/wp-content\/uploads\/2024\/04\/IMG_8316-300x200.jpg\" alt=\"\" width=\"1689\" height=\"1126\" srcset=\"https:\/\/amazonia.fiocruz.br\/wp-content\/uploads\/2024\/04\/IMG_8316-300x200.jpg 300w, https:\/\/amazonia.fiocruz.br\/wp-content\/uploads\/2024\/04\/IMG_8316-1030x687.jpg 1030w, https:\/\/amazonia.fiocruz.br\/wp-content\/uploads\/2024\/04\/IMG_8316-768x512.jpg 768w, https:\/\/amazonia.fiocruz.br\/wp-content\/uploads\/2024\/04\/IMG_8316-1536x1024.jpg 1536w, https:\/\/amazonia.fiocruz.br\/wp-content\/uploads\/2024\/04\/IMG_8316-2048x1365.jpg 2048w, https:\/\/amazonia.fiocruz.br\/wp-content\/uploads\/2024\/04\/IMG_8316-1500x1000.jpg 1500w, https:\/\/amazonia.fiocruz.br\/wp-content\/uploads\/2024\/04\/IMG_8316-705x470.jpg 705w\" sizes=\"(max-width: 1689px) 100vw, 1689px\" \/><\/p>\n<p style=\"text-align: justify;\">Por cinco anos, de 2018 a 2022, as institui\u00e7\u00f5es mantiveram em vig\u00eancia um Termo de Coopera\u00e7\u00e3o T\u00e9cnica, com a execu\u00e7\u00e3o do projeto \u201cGest\u00e3o T\u00e9cnico-Cient\u00edfica e Administrativa da Unidade B\u00e1sica Fluvial de Fiscaliza\u00e7\u00e3o e Pesquisa do Ipem-AM\u201d. O projeto abrangeu atividades de pesquisa, desenvolvimento, treinamento de recursos humanos em ci\u00eancia e tecnologia, presta\u00e7\u00e3o de servi\u00e7os cient\u00edficos e tecnol\u00f3gicos e utiliza\u00e7\u00e3o de instala\u00e7\u00f5es e equipamentos.\u00a0 A reuni\u00e3o contou, ainda, com a participa\u00e7\u00e3o do vice-diretor de Gest\u00e3o e Desenvolvimento Institucional da Fiocruz Amaz\u00f4nia, Aldemir Maquin\u00e9, e do diretor-administrativo do Ipem-AM, Marco Ant\u00f4nio Oliveira.<\/p>\n<p style=\"text-align: justify;\"><strong>UBFF<\/strong><\/p>\n<p style=\"text-align: justify;\">A embarca\u00e7\u00e3o do Ipem-AM, obtida com recursos federais do Inmetro, conta com uma estrutura moderna e pronta para atender as demandas no interior do Estado. A unidade fluvial \u00e9 equipada com laborat\u00f3rios, onde s\u00e3o executadas verifica\u00e7\u00f5es de metrologia legal, pr\u00e9-medidos (produtos embalados na aus\u00eancia do consumidor), qualidade e conformidade, com capacidade para readequa\u00e7\u00e3o de forma a atender a demandas de pesquisas e treinamentos.<\/p>\n<\/div><\/section>\n","protected":false},"excerpt":{"rendered":"<p>Um novo Termo de Coopera\u00e7\u00e3o T\u00e9cnica dever\u00e1 ser firmado entre as duas institui\u00e7\u00f5es para rein\u00edcio das atividades<\/p>\n","protected":false},"author":60,"featured_media":43231,"comment_status":"closed","ping_status":"closed","sticky":true,"template":"","format":"image","meta":{"footnotes":""},"categories":[15],"tags":[],"class_list":["post-43228","post","type-post","status-publish","format-image","has-post-thumbnail","hentry","category-noticias","post_format-post-format-image"],"_links":{"self":[{"href":"https:\/\/amazonia.fiocruz.br\/index.php?rest_route=\/wp\/v2\/posts\/43228","targetHints":{"allow":["GET"]}}],"collection":[{"href":"https:\/\/amazonia.fiocruz.br\/index.php?rest_route=\/wp\/v2\/posts"}],"about":[{"href":"https:\/\/amazonia.fiocruz.br\/index.php?rest_route=\/wp\/v2\/types\/post"}],"author":[{"embeddable":true,"href":"https:\/\/amazonia.fiocruz.br\/index.php?rest_route=\/wp\/v2\/users\/60"}],"replies":[{"embeddable":true,"href":"https:\/\/amazonia.fiocruz.br\/index.php?rest_route=%2Fwp%2Fv2%2Fcomments&post=43228"}],"version-history":[{"count":3,"href":"https:\/\/amazonia.fiocruz.br\/index.php?rest_route=\/wp\/v2\/posts\/43228\/revisions"}],"predecessor-version":[{"id":43234,"href":"https:\/\/amazonia.fiocruz.br\/index.php?rest_route=\/wp\/v2\/posts\/43228\/revisions\/43234"}],"wp:featuredmedia":[{"embeddable":true,"href":"https:\/\/amazonia.fiocruz.br\/index.php?rest_route=\/wp\/v2\/media\/43231"}],"wp:attachment":[{"href":"https:\/\/amazonia.fiocruz.br\/index.php?rest_route=%2Fwp%2Fv2%2Fmedia&parent=43228"}],"wp:term":[{"taxonomy":"category","embeddable":true,"href":"https:\/\/amazonia.fiocruz.br\/index.php?rest_route=%2Fwp%2Fv2%2Fcategories&post=43228"},{"taxonomy":"post_tag","embeddable":true,"href":"https:\/\/amazonia.fiocruz.br\/index.php?rest_route=%2Fwp%2Fv2%2Ftags&post=43228"}],"curies":[{"name":"wp","href":"https:\/\/api.w.org\/{rel}","templated":true}]}}