{"id":42134,"date":"2024-02-16T13:52:29","date_gmt":"2024-02-16T17:52:29","guid":{"rendered":"https:\/\/amazonia.fiocruz.br\/?p=42134"},"modified":"2024-02-16T13:53:03","modified_gmt":"2024-02-16T17:53:03","slug":"fiocruz-amazonia-inicia-matricula-dos-classificados-ao-mestrado-do-ppgbio-interacao-na-proxima-segunda-feira-19-02","status":"publish","type":"post","link":"https:\/\/amazonia.fiocruz.br\/?p=42134","title":{"rendered":"<strong>Fiocruz Amaz\u00f4nia inicia matr\u00edcula dos classificados ao Mestrado do PPGBIO-Intera\u00e7\u00e3o na pr\u00f3xima segunda-feira, 19\/02<\/strong>"},"content":{"rendered":"<section class=\"av_textblock_section \"  itemscope=\"itemscope\" itemtype=\"https:\/\/schema.org\/BlogPosting\" itemprop=\"blogPost\" ><div class='avia_textblock  '   itemprop=\"text\" ><p style=\"text-align: justify;\">O Instituto Le\u00f4nidas &amp; Maria Deane (ILMD\/Fiocruz Amaz\u00f4nia), por meio da Vice-Diretoria de Educa\u00e7\u00e3o, Informa\u00e7\u00e3o e Comunica\u00e7\u00e3o (VDEIC), informa que os candidatos classificados no Processo Seletivo\/2023 para o Curso de Mestrado do Programa de P\u00f3s-Gradua\u00e7\u00e3o Stricto Sensu em Biologia da Intera\u00e7\u00e3o Pat\u00f3geno Hospedeiro (PGBIO- Intera\u00e7\u00e3o) devem apresentar a documenta\u00e7\u00e3o necess\u00e1ria, a partir da pr\u00f3xima segunda-feira, 19\/02, para efetiva\u00e7\u00e3o da matr\u00edcula institucional para ingresso no primeiro semestre de 2024.<\/p>\n<p style=\"text-align: justify;\">De acordo com a Chamada P\u00fablica 002\/2024 (https:\/\/amazonia.fiocruz.br\/?page_id=28031), as matr\u00edculas ser\u00e3o efetivadas entre os dias 19\/02 e 23\/02\/2024, por meio do envio de documenta\u00e7\u00e3o ao endere\u00e7o eletr\u00f4nico acesso.fiocruz.br. A documenta\u00e7\u00e3o dever\u00e1 ser digitalizada em formato PDF.<\/p>\n<p style=\"text-align: justify;\">Confira aqui a convocat\u00f3ria.<\/p>\n<p style=\"text-align: justify;\">As etapas seguintes ser\u00e3o: an\u00e1lise dos documentos dos candidatos (24 a 26\/02\/2024); convoca\u00e7\u00e3o de candidatos suplentes para matr\u00edcula (26\/02\/2024); an\u00e1lise dos documentos dos candidatos suplentes (27\/02 a 01\/03\/2024); e publica\u00e7\u00e3o da lista de matriculados (04\/03\/2024). As aulas ter\u00e3o in\u00edcio no dia 7\/03\/2024.<\/p>\n<p style=\"text-align: justify;\"><strong>SOBRE O PPGBIO-INTERA\u00c7\u00c3O<\/strong><\/p>\n<p style=\"text-align: justify;\">O Programa de P\u00f3s-Gradua\u00e7\u00e3o em Biologia da Intera\u00e7\u00e3o Pat\u00f3geno-Hospedeiro \u00e9 curso strictu sensu que tem como ess\u00eancia a din\u00e2mica de transmiss\u00e3o das doen\u00e7as e as intera\u00e7\u00f5es moleculares e celulares da rela\u00e7\u00e3o pat\u00f3geno-hospedeiro no \u00e2mbito da maior biodiversidade mundial. O curso se enquadra na grande \u00e1rea em Parasitologia devido a pesquisa e ensino terem \u00eanfase na eco-epidemiologia e biodiversidade de micro-organismos e vetores; fatores de virul\u00eancia, mecanismos fisiopatol\u00f3gicos e imunol\u00f3gicos associados na intera\u00e7\u00e3o parasito-hospedeiro. Estes diversos aspectos s\u00e3o os principais delineadores para escolha da \u00e1rea de concentra\u00e7\u00e3o da Ci\u00eancias Biol\u00f3gicas III, por esta ser uma \u00e1rea multidisciplinar e baseada no eixo bioqu\u00edmica, gen\u00e9tica, biol\u00f3gico, celular e molecular. Os alunos recebem uma forma\u00e7\u00e3o em \u00e1reas estrat\u00e9gicas por sua import\u00e2ncia e que precisam ser desenvolvidas no Estado<\/p>\n<\/div><\/section>\n","protected":false},"excerpt":{"rendered":"<p>De acordo com a Chamada P\u00fablica 002\/2024,  as matr\u00edculas ser\u00e3o efetivadas entre os dias 19\/02 e 23\/02\/2024 <\/p>\n","protected":false},"author":60,"featured_media":42135,"comment_status":"closed","ping_status":"closed","sticky":true,"template":"","format":"image","meta":{"footnotes":""},"categories":[15],"tags":[],"class_list":["post-42134","post","type-post","status-publish","format-image","has-post-thumbnail","hentry","category-noticias","post_format-post-format-image"],"_links":{"self":[{"href":"https:\/\/amazonia.fiocruz.br\/index.php?rest_route=\/wp\/v2\/posts\/42134","targetHints":{"allow":["GET"]}}],"collection":[{"href":"https:\/\/amazonia.fiocruz.br\/index.php?rest_route=\/wp\/v2\/posts"}],"about":[{"href":"https:\/\/amazonia.fiocruz.br\/index.php?rest_route=\/wp\/v2\/types\/post"}],"author":[{"embeddable":true,"href":"https:\/\/amazonia.fiocruz.br\/index.php?rest_route=\/wp\/v2\/users\/60"}],"replies":[{"embeddable":true,"href":"https:\/\/amazonia.fiocruz.br\/index.php?rest_route=%2Fwp%2Fv2%2Fcomments&post=42134"}],"version-history":[{"count":2,"href":"https:\/\/amazonia.fiocruz.br\/index.php?rest_route=\/wp\/v2\/posts\/42134\/revisions"}],"predecessor-version":[{"id":42137,"href":"https:\/\/amazonia.fiocruz.br\/index.php?rest_route=\/wp\/v2\/posts\/42134\/revisions\/42137"}],"wp:featuredmedia":[{"embeddable":true,"href":"https:\/\/amazonia.fiocruz.br\/index.php?rest_route=\/wp\/v2\/media\/42135"}],"wp:attachment":[{"href":"https:\/\/amazonia.fiocruz.br\/index.php?rest_route=%2Fwp%2Fv2%2Fmedia&parent=42134"}],"wp:term":[{"taxonomy":"category","embeddable":true,"href":"https:\/\/amazonia.fiocruz.br\/index.php?rest_route=%2Fwp%2Fv2%2Fcategories&post=42134"},{"taxonomy":"post_tag","embeddable":true,"href":"https:\/\/amazonia.fiocruz.br\/index.php?rest_route=%2Fwp%2Fv2%2Ftags&post=42134"}],"curies":[{"name":"wp","href":"https:\/\/api.w.org\/{rel}","templated":true}]}}