{"id":41995,"date":"2024-02-01T11:57:38","date_gmt":"2024-02-01T15:57:38","guid":{"rendered":"https:\/\/amazonia.fiocruz.br\/?p=41995"},"modified":"2024-03-02T16:09:23","modified_gmt":"2024-03-02T20:09:23","slug":"fiocruz-amazonia-prestigia-inauguracao-da-unidade-de-saude-da-familia-parque-das-tribos","status":"publish","type":"post","link":"https:\/\/amazonia.fiocruz.br\/?p=41995","title":{"rendered":"Fiocruz Amaz\u00f4nia prestigia inaugura\u00e7\u00e3o da Unidade de Sa\u00fade da Fam\u00edlia Parque das Tribos"},"content":{"rendered":"<section class=\"av_textblock_section \"  itemscope=\"itemscope\" itemtype=\"https:\/\/schema.org\/BlogPosting\" itemprop=\"blogPost\" ><div class='avia_textblock  '   itemprop=\"text\" ><p style=\"text-align: justify;\">A Fiocruz Amaz\u00f4nia marcou presen\u00e7a na solenidade de inaugura\u00e7\u00e3o da Unidade de Sa\u00fade da Fam\u00edlia (USF) Parque das Tribos, entregue na manh\u00e3 desta quarta-feira, 31\/1, na comunidade ind\u00edgena Parque das Tribos, na zona Oeste. A unidade de sa\u00fade \u00e9 a segunda de porte 4 constru\u00edda pela Prefeitura de Manaus, por meio da Secretaria Municipal de Sa\u00fade (Semsa). Com um total de 1,2 mil metros de \u00e1rea constru\u00edda, e capacidade para realizar at\u00e9 24 mil procedimentos por m\u00eas, a USF Parque das Tribos \u00e9 s\u00edmbolo de conquista para a popula\u00e7\u00e3o de aproximadamente 4 mil pessoas das 35 etnias ind\u00edgenas que residem no bairro com a maior concentra\u00e7\u00e3o ind\u00edgena da \u00e1rea urbana de Manaus.<\/p>\n<p style=\"text-align: justify;\">A entrega da unidade de sa\u00fade marcou tamb\u00e9m o encerramento das atividades do Projeto Mana\u00f3s: Sa\u00fade Ind\u00edgena no Contexto Urbano, desenvolvido pelo Laborat\u00f3rio de Hist\u00f3ria, Politicas P\u00fablicas e Sa\u00fade na Amaz\u00f4nia\u00a0\u00a0(Lahpsa), da Fiocruz Amaz\u00f4nia, coordenado pelo pesquisador em Sa\u00fade P\u00fablica Rodrigo Tobias, presente \u00e0 inaugura\u00e7\u00e3o juntamente com a diretora da Fiocruz Amaz\u00f4nia, Stefanie Lopes.<\/p>\n<p><img decoding=\"async\" class=\"aligncenter size-full wp-image-41997\" src=\"https:\/\/amazonia.fiocruz.br\/wp-content\/uploads\/2024\/02\/6610e9cc-d29f-4b56-b116-bc33fa995dca.jpg\" alt=\"\" width=\"1368\" height=\"912\" srcset=\"https:\/\/amazonia.fiocruz.br\/wp-content\/uploads\/2024\/02\/6610e9cc-d29f-4b56-b116-bc33fa995dca.jpg 1368w, https:\/\/amazonia.fiocruz.br\/wp-content\/uploads\/2024\/02\/6610e9cc-d29f-4b56-b116-bc33fa995dca-300x200.jpg 300w, https:\/\/amazonia.fiocruz.br\/wp-content\/uploads\/2024\/02\/6610e9cc-d29f-4b56-b116-bc33fa995dca-1030x687.jpg 1030w, https:\/\/amazonia.fiocruz.br\/wp-content\/uploads\/2024\/02\/6610e9cc-d29f-4b56-b116-bc33fa995dca-768x512.jpg 768w, https:\/\/amazonia.fiocruz.br\/wp-content\/uploads\/2024\/02\/6610e9cc-d29f-4b56-b116-bc33fa995dca-705x470.jpg 705w\" sizes=\"(max-width: 1368px) 100vw, 1368px\" \/><\/p>\n<p style=\"text-align: justify;\">&#8220;Al\u00e9m de ser de porte 4, a unidade de sa\u00fade \u00e9 a primeira que ser\u00e1 culturalmente diferenciada do Brasil. Simbolicamente, a inaugura\u00e7\u00e3o aconteceu no dia que finalizamos oficialmente o Projeto Mana\u00f3s.\u00a0O Mana\u00f3s auxiliou e promoveu no empoderamento da associa\u00e7\u00e3o de moradores e ind\u00edgenas do Parque das Tribos, que culminou na autoorganiza\u00e7\u00e3o e protagonismo nas bandeiras de luta na sa\u00fade&#8221;, explica Rodrigo Tobias.<\/p>\n<p style=\"text-align: justify;\">A diretora da Fiocruz Amaz\u00f4nia, Stefanie Lopes, destacou\u00a0caracter\u00edsticas importantes da USF do Parque das Tribos que perpassam os objetivos do Projeto Mana\u00f3s. &#8220;O projeto desenvolvido junto \u00e0 comunidade teve implica\u00e7\u00f5es sociais de peso, como a cria\u00e7\u00e3o da Associa\u00e7\u00e3o Ind\u00edgena dos Moradores do Parque das Tribos, a forma\u00e7\u00e3o de Agentes Ind\u00edgenas de Sa\u00fade no contexto urbano, forma\u00e7\u00e3o de m\u00e9dicos, enfermeiros e t\u00e9cnicos na expectativa da interculturalidade e conson\u00e2ncia com a pol\u00edtica nacional de incorpora\u00e7\u00e3o da medicina ind\u00edgena no SUS&#8221;, ponderou Stefanie.<\/p>\n<p><img decoding=\"async\" class=\"aligncenter size-full wp-image-41998\" src=\"https:\/\/amazonia.fiocruz.br\/wp-content\/uploads\/2024\/02\/6d61fc19-2d0a-41b6-ac7c-65bd6f35438a.jpg\" alt=\"\" width=\"1368\" height=\"912\" srcset=\"https:\/\/amazonia.fiocruz.br\/wp-content\/uploads\/2024\/02\/6d61fc19-2d0a-41b6-ac7c-65bd6f35438a.jpg 1368w, https:\/\/amazonia.fiocruz.br\/wp-content\/uploads\/2024\/02\/6d61fc19-2d0a-41b6-ac7c-65bd6f35438a-300x200.jpg 300w, https:\/\/amazonia.fiocruz.br\/wp-content\/uploads\/2024\/02\/6d61fc19-2d0a-41b6-ac7c-65bd6f35438a-1030x687.jpg 1030w, https:\/\/amazonia.fiocruz.br\/wp-content\/uploads\/2024\/02\/6d61fc19-2d0a-41b6-ac7c-65bd6f35438a-768x512.jpg 768w, https:\/\/amazonia.fiocruz.br\/wp-content\/uploads\/2024\/02\/6d61fc19-2d0a-41b6-ac7c-65bd6f35438a-705x470.jpg 705w\" sizes=\"(max-width: 1368px) 100vw, 1368px\" \/><\/p>\n<p style=\"text-align: justify;\">O pr\u00e9dio conta com dois pisos e 54 ambientes equipados para os atendimentos b\u00e1sicos de sa\u00fade. Na unidade, ser\u00e3o oferecidas consultas m\u00e9dicas em cl\u00ednica, de enfermagem e odontol\u00f3gicas, exames laboratoriais, ultrassonografia, exames espec\u00edficos como preventivo de c\u00e2ncer de colo de \u00fatero, teste do pezinho, testes r\u00e1pidos para s\u00edfilis, HIV e hepatites virais, dispensa\u00e7\u00e3o de medicamentos, inclusive antibi\u00f3ticos e outros de controle especial. A USF funcionar\u00e1 de segunda a sexta-feira, das 7h \u00e0s 17h, e o acesso aos servi\u00e7os oferecidos ser\u00e1 por meio de agendamento realizado presencialmente.<\/p>\n<p style=\"text-align: justify;\">A unidade contar\u00e1 com espa\u00e7o dedicado \u00e0 implanta\u00e7\u00e3o de uma horta medicinal pelos ind\u00edgenas. Por sua localiza\u00e7\u00e3o, em territ\u00f3rio de grande concentra\u00e7\u00e3o ind\u00edgena, a unidade ter\u00e1 ainda uma equipe de agentes ind\u00edgenas de sa\u00fade.<\/p>\n<p><em><strong>ILMD\/Fiocruz Amaz\u00f4nia. por J\u00falio Pedrosa<\/strong><\/em><\/p>\n<p><em><strong>Fotos: J\u00falio Pedrosa<\/strong><\/em><\/p>\n<\/div><\/section>\n","protected":false},"excerpt":{"rendered":"<p>A entrega da unidade de sa\u00fade marcou tamb\u00e9m o encerramento das atividades do Projeto Mana\u00f3s da Fiocruz Amaz\u00f4nia,<\/p>\n","protected":false},"author":20,"featured_media":41996,"comment_status":"closed","ping_status":"closed","sticky":true,"template":"","format":"image","meta":{"footnotes":""},"categories":[15],"tags":[136,120,119,131],"class_list":["post-41995","post","type-post","status-publish","format-image","has-post-thumbnail","hentry","category-noticias","tag-fiocruz","tag-fiocruz-amazonia","tag-ilmd","tag-ilmdfiocruz-amazonia","post_format-post-format-image"],"_links":{"self":[{"href":"https:\/\/amazonia.fiocruz.br\/index.php?rest_route=\/wp\/v2\/posts\/41995","targetHints":{"allow":["GET"]}}],"collection":[{"href":"https:\/\/amazonia.fiocruz.br\/index.php?rest_route=\/wp\/v2\/posts"}],"about":[{"href":"https:\/\/amazonia.fiocruz.br\/index.php?rest_route=\/wp\/v2\/types\/post"}],"author":[{"embeddable":true,"href":"https:\/\/amazonia.fiocruz.br\/index.php?rest_route=\/wp\/v2\/users\/20"}],"replies":[{"embeddable":true,"href":"https:\/\/amazonia.fiocruz.br\/index.php?rest_route=%2Fwp%2Fv2%2Fcomments&post=41995"}],"version-history":[{"count":2,"href":"https:\/\/amazonia.fiocruz.br\/index.php?rest_route=\/wp\/v2\/posts\/41995\/revisions"}],"predecessor-version":[{"id":42343,"href":"https:\/\/amazonia.fiocruz.br\/index.php?rest_route=\/wp\/v2\/posts\/41995\/revisions\/42343"}],"wp:featuredmedia":[{"embeddable":true,"href":"https:\/\/amazonia.fiocruz.br\/index.php?rest_route=\/wp\/v2\/media\/41996"}],"wp:attachment":[{"href":"https:\/\/amazonia.fiocruz.br\/index.php?rest_route=%2Fwp%2Fv2%2Fmedia&parent=41995"}],"wp:term":[{"taxonomy":"category","embeddable":true,"href":"https:\/\/amazonia.fiocruz.br\/index.php?rest_route=%2Fwp%2Fv2%2Fcategories&post=41995"},{"taxonomy":"post_tag","embeddable":true,"href":"https:\/\/amazonia.fiocruz.br\/index.php?rest_route=%2Fwp%2Fv2%2Ftags&post=41995"}],"curies":[{"name":"wp","href":"https:\/\/api.w.org\/{rel}","templated":true}]}}