{"id":41842,"date":"2024-01-23T15:12:43","date_gmt":"2024-01-23T19:12:43","guid":{"rendered":"https:\/\/amazonia.fiocruz.br\/?p=41842"},"modified":"2024-01-24T09:47:51","modified_gmt":"2024-01-24T13:47:51","slug":"fiocruz-amazonia-realiza-evento-visando-reunir-contribuicoes-para-discussao-sobre-saude-e-ambiente-na-cop-30","status":"publish","type":"post","link":"https:\/\/amazonia.fiocruz.br\/?p=41842","title":{"rendered":"Fiocruz Amaz\u00f4nia realiza evento visando reunir contribui\u00e7\u00f5es para discuss\u00e3o sobre Sa\u00fade e Ambiente na COP-30"},"content":{"rendered":"<section class=\"av_textblock_section \"  itemscope=\"itemscope\" itemtype=\"https:\/\/schema.org\/BlogPosting\" itemprop=\"blogPost\" ><div class='avia_textblock  '   itemprop=\"text\" ><p style=\"text-align: justify;\">Pesquisadores da Fiocruz Amaz\u00f4nia estiveram reunidos, durante dois dias, 18 e 19\/01, na sede da institui\u00e7\u00e3o, para participar da primeira oficina de delineamento de a\u00e7\u00f5es estrat\u00e9gicas voltadas a contribuir com as discuss\u00f5es sobre Sa\u00fade e Ambiente para a 30\u00aa Confer\u00eancia das Partes da Conven\u00e7\u00e3o-Quadro das Na\u00e7\u00f5es Unidas sobre Mudan\u00e7a do Clima (COP-30), que acontecer\u00e1 em 2025, na cidade de Bel\u00e9m (PA) e para eventos preparat\u00f3rios que antecedem a confer\u00eancia. O prop\u00f3sito da oficina foi o de estruturar um conjunto de a\u00e7\u00f5es para a promo\u00e7\u00e3o de territ\u00f3rios saud\u00e1veis nas comunidades amaz\u00f4nicas, al\u00e9m de fortalecer o Sistema \u00danico de Sa\u00fade (SUS) local e expandir a atua\u00e7\u00e3o da Fiocruz na Amaz\u00f4nia Legal. A oficina, denominada Fiocruz Amaz\u00f4nia Rumo \u00e0 COP-30, foi dividida em quatro eixos tem\u00e1ticos \u2013 Vigil\u00e2ncia em Sa\u00fade, Biotecnologia, Valoriza\u00e7\u00e3o do Conhecimento Tradicional e Desenvolvimento com Comunidades ou Grupos Vulnerabilizados e Gest\u00e3o dos Servi\u00e7os de Sa\u00fade \u2013 por meio dos quais os pesquisadores participantes puderam tecer suas contribui\u00e7\u00f5es, a partir das atividades j\u00e1 desenvolvidas em laborat\u00f3rios e grupos de pesquisa.<\/p>\n<p><img decoding=\"async\" class=\"aligncenter size-full wp-image-41844\" src=\"https:\/\/amazonia.fiocruz.br\/wp-content\/uploads\/2024\/01\/IMG_6601-scaled.jpg\" alt=\"\" width=\"2560\" height=\"1707\" srcset=\"https:\/\/amazonia.fiocruz.br\/wp-content\/uploads\/2024\/01\/IMG_6601-scaled.jpg 2560w, https:\/\/amazonia.fiocruz.br\/wp-content\/uploads\/2024\/01\/IMG_6601-300x200.jpg 300w, https:\/\/amazonia.fiocruz.br\/wp-content\/uploads\/2024\/01\/IMG_6601-1030x687.jpg 1030w, https:\/\/amazonia.fiocruz.br\/wp-content\/uploads\/2024\/01\/IMG_6601-768x512.jpg 768w, https:\/\/amazonia.fiocruz.br\/wp-content\/uploads\/2024\/01\/IMG_6601-1536x1024.jpg 1536w, https:\/\/amazonia.fiocruz.br\/wp-content\/uploads\/2024\/01\/IMG_6601-2048x1365.jpg 2048w, https:\/\/amazonia.fiocruz.br\/wp-content\/uploads\/2024\/01\/IMG_6601-1500x1000.jpg 1500w, https:\/\/amazonia.fiocruz.br\/wp-content\/uploads\/2024\/01\/IMG_6601-705x470.jpg 705w\" sizes=\"(max-width: 2560px) 100vw, 2560px\" \/><\/p>\n<p style=\"text-align: justify;\">A diretora da Fiocruz Amaz\u00f4nia, Stefanie Lopes, destaca a import\u00e2ncia do protagonismo amaz\u00f4nico nesse processo de discuss\u00e3o e o papel da Fiocruz Amaz\u00f4nia em termos de pesquisas e estudos na \u00e1rea da sa\u00fade. \u201cO tema Sa\u00fade \u00e9 priorit\u00e1rio e estamos alinhados com essa pauta, raz\u00e3o pela qual esperamos poder contribuir com o Grupo de Trabalho criado pelo Minist\u00e9rio da Sa\u00fade para a formula\u00e7\u00e3o de um documento sobre a Amaz\u00f4nia, estabelecendo um programa alinhado com as nossas propostas\u201d, explicou. Stefanie observa que a discuss\u00e3o preparat\u00f3ria acontece um ano antes da realiza\u00e7\u00e3o do evento mundial do Clima para que seja poss\u00edvel identificar a melhor estrat\u00e9gia de contribui\u00e7\u00e3o a partir do que o ILMD\/Fiocruz Amaz\u00f4nia est\u00e1 desenvolvendo.<\/p>\n<p><img decoding=\"async\" class=\"aligncenter size-full wp-image-41845\" src=\"https:\/\/amazonia.fiocruz.br\/wp-content\/uploads\/2024\/01\/IMG_6618-scaled.jpg\" alt=\"\" width=\"2560\" height=\"1707\" srcset=\"https:\/\/amazonia.fiocruz.br\/wp-content\/uploads\/2024\/01\/IMG_6618-scaled.jpg 2560w, https:\/\/amazonia.fiocruz.br\/wp-content\/uploads\/2024\/01\/IMG_6618-300x200.jpg 300w, https:\/\/amazonia.fiocruz.br\/wp-content\/uploads\/2024\/01\/IMG_6618-1030x687.jpg 1030w, https:\/\/amazonia.fiocruz.br\/wp-content\/uploads\/2024\/01\/IMG_6618-768x512.jpg 768w, https:\/\/amazonia.fiocruz.br\/wp-content\/uploads\/2024\/01\/IMG_6618-1536x1024.jpg 1536w, https:\/\/amazonia.fiocruz.br\/wp-content\/uploads\/2024\/01\/IMG_6618-2048x1365.jpg 2048w, https:\/\/amazonia.fiocruz.br\/wp-content\/uploads\/2024\/01\/IMG_6618-1500x1000.jpg 1500w, https:\/\/amazonia.fiocruz.br\/wp-content\/uploads\/2024\/01\/IMG_6618-705x470.jpg 705w\" sizes=\"(max-width: 2560px) 100vw, 2560px\" \/><\/p>\n<p style=\"text-align: justify;\">\u201cUm dos eixos importantes da COP-30 ser\u00e1 a rela\u00e7\u00e3o sa\u00fade e ambiente, o que pode ser feito e como melhor contribuir para esse processo. Convidamos todos os pesquisadores para, numa din\u00e2mica, discutir essa tem\u00e1tica a partir das principais linhas de a\u00e7\u00e3o que o instituto tem. O resultado ser\u00e1 sistematizado e vai subsidiar a estrutura\u00e7\u00e3o de plano de fortalecimento de projetos estrat\u00e9gicos e capta\u00e7\u00e3o de parcerias e recursos para o que se entender como priorit\u00e1rio em termos de a\u00e7\u00f5es futuras, este ano e no pr\u00f3ximo\u201d, pontua a vice-diretora de Pesquisa e Inova\u00e7\u00e3o do ILMD\/Fiocruz Amaz\u00f4nia, Michele Rocha El Kadri.<\/p>\n<p><img decoding=\"async\" class=\"aligncenter size-full wp-image-41846\" src=\"https:\/\/amazonia.fiocruz.br\/wp-content\/uploads\/2024\/01\/IMG_6596-scaled.jpg\" alt=\"\" width=\"2560\" height=\"1707\" srcset=\"https:\/\/amazonia.fiocruz.br\/wp-content\/uploads\/2024\/01\/IMG_6596-scaled.jpg 2560w, https:\/\/amazonia.fiocruz.br\/wp-content\/uploads\/2024\/01\/IMG_6596-300x200.jpg 300w, https:\/\/amazonia.fiocruz.br\/wp-content\/uploads\/2024\/01\/IMG_6596-1030x687.jpg 1030w, https:\/\/amazonia.fiocruz.br\/wp-content\/uploads\/2024\/01\/IMG_6596-768x512.jpg 768w, https:\/\/amazonia.fiocruz.br\/wp-content\/uploads\/2024\/01\/IMG_6596-1536x1024.jpg 1536w, https:\/\/amazonia.fiocruz.br\/wp-content\/uploads\/2024\/01\/IMG_6596-2048x1365.jpg 2048w, https:\/\/amazonia.fiocruz.br\/wp-content\/uploads\/2024\/01\/IMG_6596-1500x1000.jpg 1500w, https:\/\/amazonia.fiocruz.br\/wp-content\/uploads\/2024\/01\/IMG_6596-705x470.jpg 705w\" sizes=\"(max-width: 2560px) 100vw, 2560px\" \/><\/p>\n<p style=\"text-align: justify;\">Ela explica que a oficina foi proposta tamb\u00e9m para permitir o atendimento de demandas internas da Fiocruz e de agentes externos, dada a mobiliza\u00e7\u00e3o em torno dos eventos pr\u00e9-COP \u00a0em 2024 e \u00a02025. \u201cSomos atores importantes nesse processo por sermos Fiocruz e estarmos na Amaz\u00f4nia e a proposta de constru\u00e7\u00e3o de um plano estrat\u00e9gico para os pr\u00f3ximos dois anos visa exatamente responder essas demandas de forma propositiva, a partir de nossas capacidades e desejos daqui para frente\u201d, salienta El Kadri, lembrando que o momento \u00e9 de planejamento institucional.<\/p>\n<p><img decoding=\"async\" class=\"aligncenter size-full wp-image-41847\" src=\"https:\/\/amazonia.fiocruz.br\/wp-content\/uploads\/2024\/01\/IMG_6616-scaled.jpg\" alt=\"\" width=\"2560\" height=\"1707\" srcset=\"https:\/\/amazonia.fiocruz.br\/wp-content\/uploads\/2024\/01\/IMG_6616-scaled.jpg 2560w, https:\/\/amazonia.fiocruz.br\/wp-content\/uploads\/2024\/01\/IMG_6616-300x200.jpg 300w, https:\/\/amazonia.fiocruz.br\/wp-content\/uploads\/2024\/01\/IMG_6616-1030x687.jpg 1030w, https:\/\/amazonia.fiocruz.br\/wp-content\/uploads\/2024\/01\/IMG_6616-768x512.jpg 768w, https:\/\/amazonia.fiocruz.br\/wp-content\/uploads\/2024\/01\/IMG_6616-1536x1024.jpg 1536w, https:\/\/amazonia.fiocruz.br\/wp-content\/uploads\/2024\/01\/IMG_6616-2048x1365.jpg 2048w, https:\/\/amazonia.fiocruz.br\/wp-content\/uploads\/2024\/01\/IMG_6616-1500x1000.jpg 1500w, https:\/\/amazonia.fiocruz.br\/wp-content\/uploads\/2024\/01\/IMG_6616-705x470.jpg 705w\" sizes=\"(max-width: 2560px) 100vw, 2560px\" \/><\/p>\n<p style=\"text-align: justify;\"><strong>EIXOS<\/strong><\/p>\n<p style=\"text-align: justify;\">A escolha dos eixos tem\u00e1ticos foi feita a partir das atividades desenvolvidas no ILMD\/Fiocruz Amaz\u00f4nia. A Vigil\u00e2ncia em Sa\u00fade, na abordagem integrada sa\u00fade humana, ambiental e animal, compreende a\u00e7\u00f5es de monitoramento de doen\u00e7as na popula\u00e7\u00e3o, monitoramento do ambiente para identificar potenciais amea\u00e7as \u00e0 sa\u00fade humana (presen\u00e7a de vetores de doen\u00e7as, qualidade da \u00e1gua, desmatamento e mudan\u00e7as clim\u00e1ticas), monitoramento de zoonoses (doen\u00e7as em animais) que podem representar risco para a sa\u00fade humana, engajamento ativo das comunidades na vigil\u00e2ncia em sa\u00fade, integra\u00e7\u00e3o de dados e sistemas de informa\u00e7\u00e3o geogr\u00e1fica.<\/p>\n<p style=\"text-align: justify;\">No eixo de Biotecnologia, a produ\u00e7\u00e3o de fitof\u00e1rmacos ou outros medicamentos a partir de fontes naturais da Amaz\u00f4nia, aprimoramento ou desenvolvimento de\u00a0 novos testes diagn\u00f3sticos eficientes para doen\u00e7as prevalentes na regi\u00e3o, desenvolvimento de vacinas para agentes patog\u00eanicos encontrados na regi\u00e3o, Engenharia Gen\u00e9tica para criar organismos resistentes a doen\u00e7as (por exemplo, mosquitos para reduzir transmiss\u00e3o de doen\u00e7as), desenvolvimento de terapias imunomoduladoras para controle de doen\u00e7as ou sintomas, plataformas de testes r\u00e1pidos e port\u00e1teis para diagn\u00f3stico de infec\u00e7\u00f5es, identifica\u00e7\u00e3o e valida\u00e7\u00e3o de biomarcadores (que s\u00e3o indicadores mensur\u00e1veis de processos biol\u00f3gicos normais ou patol\u00f3gicos), monitoramento epidemiol\u00f3gico como genotipagem e sequenciamento gen\u00e9tico de agentes patog\u00eanicos.<\/p>\n<p style=\"text-align: justify;\">No tocante ao eixo Desenvolvimento Comunit\u00e1rio, a\u00e7\u00f5es voltadas para valoriza\u00e7\u00e3o de conhecimentos e pr\u00e1ticas das comunidades amaz\u00f4nicas ou outros grupos vulnerabilizados na promo\u00e7\u00e3o de territ\u00f3rios saud\u00e1veis, incluindo-se ai a\u00e7\u00f5es voltadas \u00e0 prepara\u00e7\u00e3o das comunidades para compreens\u00e3o e atua\u00e7\u00e3o em emerg\u00eancias sanit\u00e1rias e clim\u00e1ticas, desenvolvimento comunit\u00e1rio, educa\u00e7\u00e3o popular em sa\u00fade, medicina ind\u00edgena, entre outros. No eixo Gest\u00e3o dos Servi\u00e7os de Sa\u00fade, a abordagem \u00e9 em tono do apoio \u00e0 gest\u00e3o municipal, estadual e federal no uso de recursos, com planejamento, gest\u00e3o de custo, monitoramento e avalia\u00e7\u00e3o dos programas, pol\u00edticas e servi\u00e7os de sa\u00fade, avalia\u00e7\u00e3o econ\u00f4mica, uso de tecnologias de comunica\u00e7\u00e3o aplicadas \u00e0 sa\u00fade, qualifica\u00e7\u00e3o dos profissionais e gestores, entre outros.<\/p>\n<p><em><strong>ILMD\/Fiocruz Amaz\u00f4nia, por J\u00falio Pedrosa<\/strong><\/em><\/p>\n<\/div><\/section>\n","protected":false},"excerpt":{"rendered":"<p>A escolha dos eixos tem\u00e1ticos foi feita a partir das atividades desenvolvidas no ILMD\/Fiocruz Amaz\u00f4nia.<\/p>\n","protected":false},"author":20,"featured_media":41843,"comment_status":"closed","ping_status":"closed","sticky":true,"template":"","format":"image","meta":{"footnotes":""},"categories":[15],"tags":[1152,136,120,119,131],"class_list":["post-41842","post","type-post","status-publish","format-image","has-post-thumbnail","hentry","category-noticias","tag-cop30","tag-fiocruz","tag-fiocruz-amazonia","tag-ilmd","tag-ilmdfiocruz-amazonia","post_format-post-format-image"],"_links":{"self":[{"href":"https:\/\/amazonia.fiocruz.br\/index.php?rest_route=\/wp\/v2\/posts\/41842","targetHints":{"allow":["GET"]}}],"collection":[{"href":"https:\/\/amazonia.fiocruz.br\/index.php?rest_route=\/wp\/v2\/posts"}],"about":[{"href":"https:\/\/amazonia.fiocruz.br\/index.php?rest_route=\/wp\/v2\/types\/post"}],"author":[{"embeddable":true,"href":"https:\/\/amazonia.fiocruz.br\/index.php?rest_route=\/wp\/v2\/users\/20"}],"replies":[{"embeddable":true,"href":"https:\/\/amazonia.fiocruz.br\/index.php?rest_route=%2Fwp%2Fv2%2Fcomments&post=41842"}],"version-history":[{"count":2,"href":"https:\/\/amazonia.fiocruz.br\/index.php?rest_route=\/wp\/v2\/posts\/41842\/revisions"}],"predecessor-version":[{"id":41869,"href":"https:\/\/amazonia.fiocruz.br\/index.php?rest_route=\/wp\/v2\/posts\/41842\/revisions\/41869"}],"wp:featuredmedia":[{"embeddable":true,"href":"https:\/\/amazonia.fiocruz.br\/index.php?rest_route=\/wp\/v2\/media\/41843"}],"wp:attachment":[{"href":"https:\/\/amazonia.fiocruz.br\/index.php?rest_route=%2Fwp%2Fv2%2Fmedia&parent=41842"}],"wp:term":[{"taxonomy":"category","embeddable":true,"href":"https:\/\/amazonia.fiocruz.br\/index.php?rest_route=%2Fwp%2Fv2%2Fcategories&post=41842"},{"taxonomy":"post_tag","embeddable":true,"href":"https:\/\/amazonia.fiocruz.br\/index.php?rest_route=%2Fwp%2Fv2%2Ftags&post=41842"}],"curies":[{"name":"wp","href":"https:\/\/api.w.org\/{rel}","templated":true}]}}