{"id":41678,"date":"2024-01-05T15:53:17","date_gmt":"2024-01-05T19:53:17","guid":{"rendered":"https:\/\/amazonia.fiocruz.br\/?p=41678"},"modified":"2024-01-05T16:17:28","modified_gmt":"2024-01-05T20:17:28","slug":"fiocruz-amazonia-recebe-visita-dos-alunos-do-curso-colaborativo-em-saude-publica-da-universidade-de-harvard","status":"publish","type":"post","link":"https:\/\/amazonia.fiocruz.br\/?p=41678","title":{"rendered":"Fiocruz Amaz\u00f4nia recebe visita dos alunos do Curso Colaborativo em Sa\u00fade P\u00fablica da Universidade de Harvard"},"content":{"rendered":"<section class=\"av_textblock_section \"  itemscope=\"itemscope\" itemtype=\"https:\/\/schema.org\/BlogPosting\" itemprop=\"blogPost\" ><div class='avia_textblock  '   itemprop=\"text\" ><p style=\"text-align: justify;\">O Instituto Le\u00f4nidas &amp; Maria Deane (ILMD\/Fiocruz Amaz\u00f4nia) recebeu nesta quinta-feira, 04\/01, a visita de alunos do Curso Colaborativo de Campo em Sa\u00fade P\u00fablica Harvard-Brasil, que conta com 15 alunos de Universidade de Harvard e 15 alunos brasileiros selecionados. \u00c9 a primeira vez que o Curso Colaborativo acontece no Amazonas. A iniciativa \u00e9 realizada em parceria pela Escola de Sa\u00fade P\u00fablica de Harvard TH Chan (HSPH), Programa Brasil da Universidade de Harvard Centro David Rockefeller de Estudos Latino Americanos e Universidade do Estado do Amazonas. O grupo, formado por profissionais de sa\u00fade e professores dos EUA e do Brasil, foi recebido, de modo remoto, pela diretora da Fiocruz Amaz\u00f4nia, Stefanie Lopes, que fez uma apresenta\u00e7\u00e3o sobre a Fiocruz Amaz\u00f4nia, destacando o papel desempenhado pela unidade na regi\u00e3o amaz\u00f4nica, enquanto institui\u00e7\u00e3o de ensino e pesquisa, e, presencialmente, pela vice-diretora de Pesquisa e Inova\u00e7\u00e3o, Michele Rocha El Kadri, e pesquisadores que atuam nas \u00e1reas de controle vetorial, estudos epidemiol\u00f3gicos e imunol\u00f3gicos e estudos com popula\u00e7\u00f5es ribeirinhas e vulnerabilizadas.<\/p>\n<p style=\"text-align: justify;\"><img decoding=\"async\" class=\"alignnone wp-image-41679\" src=\"https:\/\/amazonia.fiocruz.br\/wp-content\/uploads\/2024\/01\/IMG_6439-300x200.jpg\" alt=\"\" width=\"698\" height=\"465\" srcset=\"https:\/\/amazonia.fiocruz.br\/wp-content\/uploads\/2024\/01\/IMG_6439-300x200.jpg 300w, https:\/\/amazonia.fiocruz.br\/wp-content\/uploads\/2024\/01\/IMG_6439-1030x687.jpg 1030w, https:\/\/amazonia.fiocruz.br\/wp-content\/uploads\/2024\/01\/IMG_6439-768x512.jpg 768w, https:\/\/amazonia.fiocruz.br\/wp-content\/uploads\/2024\/01\/IMG_6439-1536x1024.jpg 1536w, https:\/\/amazonia.fiocruz.br\/wp-content\/uploads\/2024\/01\/IMG_6439-2048x1365.jpg 2048w, https:\/\/amazonia.fiocruz.br\/wp-content\/uploads\/2024\/01\/IMG_6439-1500x1000.jpg 1500w, https:\/\/amazonia.fiocruz.br\/wp-content\/uploads\/2024\/01\/IMG_6439-705x470.jpg 705w\" sizes=\"(max-width: 698px) 100vw, 698px\" \/><\/p>\n<p style=\"text-align: justify;\">A vinda \u00e0 Fiocruz integrou a programa\u00e7\u00e3o de visitas do grupo, que permanecer\u00e1 em Manaus at\u00e9 o pr\u00f3ximo dia 19\/01. \u201cO que est\u00e3o fazendo aqui s\u00e3o trabalhos fant\u00e1sticos, muito importantes e bem-feitos, com riqueza de cientistas e trabalhadores de sa\u00fade que nos impressiona\u201d, comentou o professor de Medicina de Universidade de Harvard, James Maguire, que acompanha o grupo. Segundo ele, tanto os alunos dos EUA quanto os brasileiros de outros estados ficaram impressionados com o trabalho desenvolvido no centro de pesquisa da Fiocruz em Manaus e com as especificidades da regi\u00e3o. \u201cConhecer a Fiocruz \u00e9 um exerc\u00edcio de grande valor para os estudantes de fora do pa\u00eds, para terem conhecimento desse \u2018outro mundo\u2019 e o que pode ser levado para os EUA em termos de ideias e solu\u00e7\u00f5es, discutidas aqui com aplica\u00e7\u00f5es l\u00e1\u201d, afirmou Maguire.<\/p>\n<p style=\"text-align: justify;\">A chefe do Departamento de Sa\u00fade Global, da Escola de Sa\u00fade P\u00fablica de Harvard, M\u00e1rcia Castro, explica que esse \u00e9 um curso de campo em sa\u00fade p\u00fablica e, por isso, \u00e9 de extrema import\u00e2ncia mostrar o trabalho que a Fiocruz realiza. \u201cA ideia era conhecer as diferentes \u00e1reas em que a Fiocruz atua, com inova\u00e7\u00e3o, provendo sa\u00fade para as popula\u00e7\u00f5es mais vulner\u00e1veis e ressaltar esse aspecto, que \u00e9 Ci\u00eancia de ponta sendo produzida no meio da Amaz\u00f4nia com verba p\u00fablica. Isso para muita gente que vem de fora \u00e9 totalmente novo\u201d, afirmou. O grupo de brasileiros e estudantes de Harvard \u00e9 multidisciplinar, com m\u00e9dicos, enfermeiros, cientistas, entre outros profissionais que trabalham na \u00e1rea de sa\u00fade p\u00fablica.<\/p>\n<p style=\"text-align: justify;\"><img decoding=\"async\" class=\"alignnone wp-image-41681\" src=\"https:\/\/amazonia.fiocruz.br\/wp-content\/uploads\/2024\/01\/IMG_6455-300x200.jpg\" alt=\"\" width=\"699\" height=\"466\" srcset=\"https:\/\/amazonia.fiocruz.br\/wp-content\/uploads\/2024\/01\/IMG_6455-300x200.jpg 300w, https:\/\/amazonia.fiocruz.br\/wp-content\/uploads\/2024\/01\/IMG_6455-1030x687.jpg 1030w, https:\/\/amazonia.fiocruz.br\/wp-content\/uploads\/2024\/01\/IMG_6455-768x512.jpg 768w, https:\/\/amazonia.fiocruz.br\/wp-content\/uploads\/2024\/01\/IMG_6455-1536x1024.jpg 1536w, https:\/\/amazonia.fiocruz.br\/wp-content\/uploads\/2024\/01\/IMG_6455-2048x1365.jpg 2048w, https:\/\/amazonia.fiocruz.br\/wp-content\/uploads\/2024\/01\/IMG_6455-1500x1000.jpg 1500w, https:\/\/amazonia.fiocruz.br\/wp-content\/uploads\/2024\/01\/IMG_6455-705x470.jpg 705w\" sizes=\"(max-width: 699px) 100vw, 699px\" \/><\/p>\n<p style=\"text-align: justify;\">A experi\u00eancia foi considerada positiva tamb\u00e9m em rela\u00e7\u00e3o \u00e0 possibilidade de colabora\u00e7\u00f5es futuras entre as institui\u00e7\u00f5es. \u201cEssa foi a primeira vez aqui e j\u00e1 estamos pensando que seria muito bom outros grupos de discuss\u00f5es sobre doen\u00e7as infecciosas, estudadas na Amaz\u00f4nia\u201d, observou o professor americano. A vice-diretora de Pesquisa e Inova\u00e7\u00e3o do ILMD, Michele El Kadri, considerou a atividade importante para o ILMD\/Fiocruz Amaz\u00f4nia, especialmente nesse momento em que a unidade se encontra num processo de internacionaliza\u00e7\u00e3o, por conta dos programas de p\u00f3s-gradua\u00e7\u00e3o. \u00a0\u201cEsse tipo de atividades \u00e9 estrat\u00e9gico n\u00e3o s\u00f3 para a forma\u00e7\u00e3o de recursos humanos, mas tamb\u00e9m para ampliar nossas redes de contatos e acessos, al\u00e9m de dar maior visibilidade \u00e0 Fiocruz Amaz\u00f4nia em um contexto internacional de uma institui\u00e7\u00e3o t\u00e3o respeitada quanto a Universidade de Harvard\u201d, salientou.<\/p>\n<p style=\"text-align: justify;\"><img decoding=\"async\" class=\"alignnone wp-image-41683\" src=\"https:\/\/amazonia.fiocruz.br\/wp-content\/uploads\/2024\/01\/IMG_6486-300x200.jpg\" alt=\"\" width=\"698\" height=\"465\" srcset=\"https:\/\/amazonia.fiocruz.br\/wp-content\/uploads\/2024\/01\/IMG_6486-300x200.jpg 300w, https:\/\/amazonia.fiocruz.br\/wp-content\/uploads\/2024\/01\/IMG_6486-1030x687.jpg 1030w, https:\/\/amazonia.fiocruz.br\/wp-content\/uploads\/2024\/01\/IMG_6486-768x512.jpg 768w, https:\/\/amazonia.fiocruz.br\/wp-content\/uploads\/2024\/01\/IMG_6486-1536x1024.jpg 1536w, https:\/\/amazonia.fiocruz.br\/wp-content\/uploads\/2024\/01\/IMG_6486-2048x1365.jpg 2048w, https:\/\/amazonia.fiocruz.br\/wp-content\/uploads\/2024\/01\/IMG_6486-1500x1000.jpg 1500w, https:\/\/amazonia.fiocruz.br\/wp-content\/uploads\/2024\/01\/IMG_6486-705x470.jpg 705w\" sizes=\"(max-width: 698px) 100vw, 698px\" \/><\/p>\n<p style=\"text-align: justify;\">Os pesquisadores da Fiocruz Amaz\u00f4nia apresentaram atividades e alguns resultados de projetos desenvolvidos na regi\u00e3o. \u201cO foco maior de d\u00favidas dos estudantes foi a COVID-19, com perguntas sobre o trabalho de enfrentamento da pandemia realizado pela institui\u00e7\u00e3o e, sobretudo, como se d\u00e1 o trabalho em emerg\u00eancias p\u00fablicas no contexto amaz\u00f4nico\u201d, completou El Kadri. Foram feitas apresenta\u00e7\u00f5es pelos pesquisadores Joaquin Cortes Carbajal, do Laborat\u00f3rio Ecologia de Doen\u00e7as Transmiss\u00edveis da Amaz\u00f4nia (EDTA); Pritesh Lawani, do Laborat\u00f3rio de Diagn\u00f3stico e Controle de Doen\u00e7as Infecciosas da Amaz\u00f4nia (DCDIA); Amandia Braga, do Laborat\u00f3rio de Situa\u00e7\u00e3o da Sa\u00fade e Gest\u00e3o do Cuidado de Popula\u00e7\u00f5es Ind\u00edgenas e outros Grupos Vulner\u00e1veis (SAGESPI), e Michele El Kadri, que \u00e9 chefe do Laborat\u00f3rio de Hist\u00f3rias, Pol\u00edticas P\u00fablicas e Sa\u00fade na Amaz\u00f4nia (LAHPSA). Os estudantes conheceram tamb\u00e9m o N\u00facleo de Vigil\u00e2ncia de V\u00edrus Emergentes, Reemergentes e Negligenciados do ILMD\/Fiocruz Amaz\u00f4nia.<\/p>\n<p><em><strong>ILMD\/Fiocruz Amaz\u00f4nia, por J\u00falio Pedrosa<\/strong><\/em><\/p>\n<\/div><\/section>\n","protected":false},"excerpt":{"rendered":"<p>Iniciativa \u00e9 realizada em parceria pela Escola de Sa\u00fade P\u00fablica de Harvard TH Chan (HSPH), Programa Brasil da Universidade de Harvard Centro David Rockefeller de Estudos Latino Americanos e Universidade do Estado do Amazonas<\/p>\n","protected":false},"author":60,"featured_media":41684,"comment_status":"closed","ping_status":"closed","sticky":true,"template":"","format":"image","meta":{"footnotes":""},"categories":[15],"tags":[],"class_list":["post-41678","post","type-post","status-publish","format-image","has-post-thumbnail","hentry","category-noticias","post_format-post-format-image"],"_links":{"self":[{"href":"https:\/\/amazonia.fiocruz.br\/index.php?rest_route=\/wp\/v2\/posts\/41678","targetHints":{"allow":["GET"]}}],"collection":[{"href":"https:\/\/amazonia.fiocruz.br\/index.php?rest_route=\/wp\/v2\/posts"}],"about":[{"href":"https:\/\/amazonia.fiocruz.br\/index.php?rest_route=\/wp\/v2\/types\/post"}],"author":[{"embeddable":true,"href":"https:\/\/amazonia.fiocruz.br\/index.php?rest_route=\/wp\/v2\/users\/60"}],"replies":[{"embeddable":true,"href":"https:\/\/amazonia.fiocruz.br\/index.php?rest_route=%2Fwp%2Fv2%2Fcomments&post=41678"}],"version-history":[{"count":4,"href":"https:\/\/amazonia.fiocruz.br\/index.php?rest_route=\/wp\/v2\/posts\/41678\/revisions"}],"predecessor-version":[{"id":41688,"href":"https:\/\/amazonia.fiocruz.br\/index.php?rest_route=\/wp\/v2\/posts\/41678\/revisions\/41688"}],"wp:featuredmedia":[{"embeddable":true,"href":"https:\/\/amazonia.fiocruz.br\/index.php?rest_route=\/wp\/v2\/media\/41684"}],"wp:attachment":[{"href":"https:\/\/amazonia.fiocruz.br\/index.php?rest_route=%2Fwp%2Fv2%2Fmedia&parent=41678"}],"wp:term":[{"taxonomy":"category","embeddable":true,"href":"https:\/\/amazonia.fiocruz.br\/index.php?rest_route=%2Fwp%2Fv2%2Fcategories&post=41678"},{"taxonomy":"post_tag","embeddable":true,"href":"https:\/\/amazonia.fiocruz.br\/index.php?rest_route=%2Fwp%2Fv2%2Ftags&post=41678"}],"curies":[{"name":"wp","href":"https:\/\/api.w.org\/{rel}","templated":true}]}}