{"id":41570,"date":"2023-12-21T18:45:46","date_gmt":"2023-12-21T22:45:46","guid":{"rendered":"https:\/\/amazonia.fiocruz.br\/?p=41570"},"modified":"2023-12-21T18:47:24","modified_gmt":"2023-12-21T22:47:24","slug":"fiocruz-amazonia-implantara-nucleo-de-populacao-em-situacao-de-rua-para-atuacao-em-favor-desse-segmento-em-manaus","status":"publish","type":"post","link":"https:\/\/amazonia.fiocruz.br\/?p=41570","title":{"rendered":"<strong>Fiocruz Amaz\u00f4nia implantar\u00e1 N\u00facleo de Popula\u00e7\u00e3o em Situa\u00e7\u00e3o de Rua para atua\u00e7\u00e3o em favor desse segmento em Manaus<\/strong>"},"content":{"rendered":"<section class=\"av_textblock_section \"  itemscope=\"itemscope\" itemtype=\"https:\/\/schema.org\/BlogPosting\" itemprop=\"blogPost\" ><div class='avia_textblock  '   itemprop=\"text\" ><p style=\"text-align: justify;\">O Instituto Le\u00f4nidas &amp; Maria Deane (ILMD\/Fiocruz Amaz\u00f4nia) passa a integrar, em 2024, o Colaborat\u00f3rio Nacional de Popula\u00e7\u00e3o em Situa\u00e7\u00e3o de Rua, criado pela Fiocruz Bras\u00edlia, com a finalidade de produzir estudos que permitam o fomento \u00e0s estrat\u00e9gias de qualifica\u00e7\u00e3o e enfrentamento das problem\u00e1ticas relacionadas \u00e0s popula\u00e7\u00f5es em situa\u00e7\u00e3o de rua no Pa\u00eds, em parceria com a Frente Parlamentar Pop Rua do Congresso Nacional e os Minist\u00e9rios dos Direitos Humanos e da Cidadania (MDHC), da Sa\u00fade (MS) e da Justi\u00e7a e Seguran\u00e7a P\u00fablica. Em Manaus, o ILMD\/Fiocruz Amaz\u00f4nia ir\u00e1 implantar o N\u00facleo de Popula\u00e7\u00e3o em Situa\u00e7\u00e3o de Rua, vinculado ao Colaborat\u00f3rio, que ser\u00e1 respons\u00e1vel pela articula\u00e7\u00e3o entre os diversos agentes p\u00fablicos e movimentos de popula\u00e7\u00e3o de rua existentes por meio de a\u00e7\u00f5es e iniciativas voltadas que dar\u00e3o visibilidade a esse grupo social esquecido pelas pol\u00edticas p\u00fablicas.<\/p>\n<p style=\"text-align: justify;\"><img decoding=\"async\" class=\"alignnone wp-image-41571\" src=\"https:\/\/amazonia.fiocruz.br\/wp-content\/uploads\/2023\/12\/IMG_6326-300x200.jpg\" alt=\"\" width=\"665\" height=\"443\" srcset=\"https:\/\/amazonia.fiocruz.br\/wp-content\/uploads\/2023\/12\/IMG_6326-300x200.jpg 300w, https:\/\/amazonia.fiocruz.br\/wp-content\/uploads\/2023\/12\/IMG_6326-1030x687.jpg 1030w, https:\/\/amazonia.fiocruz.br\/wp-content\/uploads\/2023\/12\/IMG_6326-768x512.jpg 768w, https:\/\/amazonia.fiocruz.br\/wp-content\/uploads\/2023\/12\/IMG_6326-1536x1024.jpg 1536w, https:\/\/amazonia.fiocruz.br\/wp-content\/uploads\/2023\/12\/IMG_6326-2048x1365.jpg 2048w, https:\/\/amazonia.fiocruz.br\/wp-content\/uploads\/2023\/12\/IMG_6326-1500x1000.jpg 1500w, https:\/\/amazonia.fiocruz.br\/wp-content\/uploads\/2023\/12\/IMG_6326-705x470.jpg 705w\" sizes=\"(max-width: 665px) 100vw, 665px\" \/><\/p>\n<p style=\"text-align: justify;\">O pesquisador da Fiocruz Amaz\u00f4nia, Rodrigo Tobias, participou na \u00faltima segunda-feira, 18\/12, do 1\u00ba Encontro de Avalia\u00e7\u00e3o do Colaborat\u00f3rio Nacional Pop de Rua, que aconteceu de forma remota, reunindo representantes dos Movimentos de Popula\u00e7\u00f5es de Rua, parlamentares e institui\u00e7\u00f5es parceiras convidadas. Falando como coordenador das atividades do N\u00facleo Pop Rua de Manaus, Rodrigo Tobias ouviu os relatos sobre as a\u00e7\u00f5es realizadas nos primeiros nove meses de atua\u00e7\u00e3o do projeto, em 2023. O Colab Pop Rua j\u00e1 atua em cinco capitais \u2013 S\u00e3o Paulo (SP), Rio Janeiro (RJ), Curitiba (PR), Bras\u00edlia (DF) e Salvador (BA). A meta do projeto agora \u00e9 ampliar o n\u00famero de cidades envolvidas, sendo Manaus a primeira da Regi\u00e3o Norte a integrar a iniciativa. \u201cImportante ressaltar que estamos avan\u00e7ando com projetos que t\u00eam efeitos concretos na melhoria de nossa sociedade. A Fiocruz avan\u00e7ando e n\u00f3s do ILMD\/Fiocruz Amaz\u00f4nia fazendo parte da mudan\u00e7a\u201d, comemora Tobias, que atua no Laborat\u00f3rio de Hist\u00f3ria, Pol\u00edticas P\u00fablicas e Sa\u00fade na Amaz\u00f4nia (LAHPSA).<\/p>\n<p style=\"text-align: justify;\">Junto com Rodrigo Tobias, a assistente social Wanja Socorro de Sousa Dias Leal, da Secretaria Municipal de Sa\u00fade (Semsa-Manaus), tamb\u00e9m se integrar\u00e1 ao projeto. Wanja tem 20 anos atuando em pol\u00edticas de assist\u00eancia social em Manaus. \u201cEstamos muito felizes em participar dessa iniciativa que tem como objetivo al\u00e9m de dar visibilidade a esses grupos, fazer uma mudan\u00e7a na sociedade na medida em que promove o empoderamento desses grupos. O Pop Rua Manaus traz a possibilidade de dar visibilidade, um direcionamento e uma consist\u00eancia \u00e0s respostas do poder p\u00fablico acerca das popula\u00e7\u00f5es de rua. Ser\u00e1 a oportunidade de um trabalho em rede, compreendendo que a Sa\u00fade n\u00e3o consegue caminhar sozinha, e a assist\u00eancia social tamb\u00e9m n\u00e3o\u201d, admitiu Wanja, desejando vida longa ao colaborat\u00f3rio.<\/p>\n<p style=\"text-align: justify;\"><img decoding=\"async\" class=\"alignnone wp-image-41573\" src=\"https:\/\/amazonia.fiocruz.br\/wp-content\/uploads\/2023\/12\/IMG_6324-300x200.jpg\" alt=\"\" width=\"668\" height=\"445\" srcset=\"https:\/\/amazonia.fiocruz.br\/wp-content\/uploads\/2023\/12\/IMG_6324-300x200.jpg 300w, https:\/\/amazonia.fiocruz.br\/wp-content\/uploads\/2023\/12\/IMG_6324-1030x687.jpg 1030w, https:\/\/amazonia.fiocruz.br\/wp-content\/uploads\/2023\/12\/IMG_6324-768x512.jpg 768w, https:\/\/amazonia.fiocruz.br\/wp-content\/uploads\/2023\/12\/IMG_6324-1536x1024.jpg 1536w, https:\/\/amazonia.fiocruz.br\/wp-content\/uploads\/2023\/12\/IMG_6324-2048x1365.jpg 2048w, https:\/\/amazonia.fiocruz.br\/wp-content\/uploads\/2023\/12\/IMG_6324-1500x1000.jpg 1500w, https:\/\/amazonia.fiocruz.br\/wp-content\/uploads\/2023\/12\/IMG_6324-705x470.jpg 705w\" sizes=\"(max-width: 668px) 100vw, 668px\" \/><\/p>\n<p style=\"text-align: justify;\"><strong>FRENTE PARLAMENTAR<\/strong><\/p>\n<p style=\"text-align: justify;\">O trabalho do Colaborat\u00f3rio nasceu a partir da cria\u00e7\u00e3o da Frente Parlamentar da Popula\u00e7\u00e3o em Situa\u00e7\u00e3o de Rua, por iniciativa da deputada federal Erika Juc\u00e1 Kokay (PT-DF), que participou do 1\u00ba Encontro de Avalia\u00e7\u00e3o do Colaborat\u00f3rio. A diretora da Fiocruz Bras\u00edlia, Fabiana Dam\u00e1sio, e o pesquisador Marcelo Pedra destacaram a import\u00e2ncia da escuta das demandas e necessidades de ajustes de rotas do projeto. \u201cA palavra \u00e9 agradecimento \u00e0 Frente Parlamentar Pop Rua e todos os parlamentares que foram acreditando e se agregando ao projeto, assim como os minist\u00e9rios envolvidos que fazem com que tenhamos uma a\u00e7\u00e3o interministerial desenhada visando condi\u00e7\u00f5es de vida mais dignas para as popula\u00e7\u00f5es em situa\u00e7\u00e3o de rua\u201d, destacou Dam\u00e1sio, acrescentando a import\u00e2ncia para o projeto do lan\u00e7amento do Plano Ruas Vis\u00edveis \u2013 Pelo Direito ao Futuro da Popula\u00e7\u00e3o em Situa\u00e7\u00e3o de Rua, lan\u00e7ado pelo Governo Federal, no \u00faltimo dia 11\/12, contemplando 99 a\u00e7\u00f5es com o objetivo de garantir os diretios das pessoas em situa\u00e7\u00e3o de rua, com investimento de quase R$ 1 bilh\u00e3o.<\/p>\n<p style=\"text-align: justify;\"><strong>REDE DE SERVI\u00c7OS<\/strong><\/p>\n<p style=\"text-align: justify;\">De acordo com o Instituto de Pesquisa Econ\u00f4mica Aplicada (IPEA, 2022), a popula\u00e7\u00e3o em situa\u00e7\u00e3o de rua superou as 281 mil pessoas em 2022, representando um aumento de 38% desde 2019, ap\u00f3s a pandemia da SARS-CoV-2. Esse aumento \u00e9 maior, em termos proporcionais, do que o da popula\u00e7\u00e3o em geral, pois no per\u00edodo 2012 a 2022, o crescimento dos vulner\u00e1veis foi de 211%, j\u00e1 o aumento populacional brasileiro foi de 11% entre 2011 e 2021. Em Manaus, a exemplo de outras metr\u00f3poles brasileiras, a presen\u00e7a de pessoas vivendo em situa\u00e7\u00e3o de rua tem aumentado e abrangido diversas regi\u00f5es, apontando para a necessidade de uma Rede de servi\u00e7os mais fortalecida e, para al\u00e9m disso, estrat\u00e9gias mais qualificadas e efetivas de produ\u00e7\u00e3o de dados e informa\u00e7\u00f5es sobre essa quest\u00e3o na cidade.<\/p>\n<p style=\"text-align: justify;\">O N\u00facleo de Popula\u00e7\u00e3o em Situa\u00e7\u00e3o de Rua (NuPop Rua Manaus), vinculado ao Colaborat\u00f3rio, tem como diretrizes a produ\u00e7\u00e3o de estudos e pesquisas, o fortalecimento do controle social e o fomento das estrat\u00e9gias de qualifica\u00e7\u00e3o do trabalho e do trabalhador sob o vi\u00e9s da interinstitucionalidade. A escolha de Manaus, como um <em>locus<\/em> do Projeto deve-se ao interesse da coordena\u00e7\u00e3o nacional em ampliar os di\u00e1logos com a regi\u00e3o Norte e, em raz\u00e3o do expressivo trabalho t\u00e9cnico-cient\u00edfico desenvolvido pelo Instituto Le\u00f4nidas &amp; Maria Deane (ILMD\/Fiocruz Amaz\u00f4nia) que em muito, tem contribu\u00eddo para visibilizar as m\u00faltiplas express\u00f5es e singularidades socioecon\u00f4micas e \u00e9tnico-culturais que marcam esta regi\u00e3o.<\/p>\n<p style=\"text-align: justify;\">A sede do NuPop Rua Manaus ser\u00e1 a pr\u00f3pria Fiocruz Amaz\u00f4nia contando com a participa\u00e7\u00e3o de profissionais que atuam na efetiva\u00e7\u00e3o das pol\u00edticas sociais, em diferentes fun\u00e7\u00f5es de execu\u00e7\u00e3o e gestores, pesquisadores e outros sujeitos que possam contribuir com os objetivos propostos. Dentre as \u00e1reas priorit\u00e1rias que ser\u00e3o chamadas a contribuir com o Projeto, est\u00e3o a Sa\u00fade, a Assist\u00eancia Social, Justi\u00e7a e Direitos Humanos, al\u00e9m das Organiza\u00e7\u00f5es da Sociedade Civil e inst\u00e2ncias de controle social. O Nucleo pretende realizar levantamento de informa\u00e7\u00f5es acerca da popula\u00e7\u00e3o em situa\u00e7\u00e3o de rua em Manaus, promover debates e pactua\u00e7\u00f5es coletivos e fomentar estrat\u00e9gias de qualifica\u00e7\u00e3o do trabalho e do trabalhador em movimentos sociais ligados a popula\u00e7\u00f5es de rua.<\/p>\n<p><strong><em>ILMD\/Fiocruz Amaz\u00f4nia,\u00a0 por J\u00falio Pedrosa<\/em><\/strong><\/p>\n<\/div><\/section>\n","protected":false},"excerpt":{"rendered":"<p>Iniciativa \u00e9 vinculada ao Colaborat\u00f3rio Nacional de Popula\u00e7\u00e3o em Situa\u00e7\u00e3o de Rua, criado pela Fiocruz Bras\u00edlia, em parceria com a Frente Parlamentar Pop Rua do Congresso Nacional e os Minist\u00e9rios dos Direitos Humanos e Cidadania (MDHC), da Sa\u00fade (MS) e da Justi\u00e7a e Seguran\u00e7a Social<\/p>\n","protected":false},"author":60,"featured_media":41574,"comment_status":"closed","ping_status":"closed","sticky":true,"template":"","format":"image","meta":{"footnotes":""},"categories":[15],"tags":[],"class_list":["post-41570","post","type-post","status-publish","format-image","has-post-thumbnail","hentry","category-noticias","post_format-post-format-image"],"_links":{"self":[{"href":"https:\/\/amazonia.fiocruz.br\/index.php?rest_route=\/wp\/v2\/posts\/41570","targetHints":{"allow":["GET"]}}],"collection":[{"href":"https:\/\/amazonia.fiocruz.br\/index.php?rest_route=\/wp\/v2\/posts"}],"about":[{"href":"https:\/\/amazonia.fiocruz.br\/index.php?rest_route=\/wp\/v2\/types\/post"}],"author":[{"embeddable":true,"href":"https:\/\/amazonia.fiocruz.br\/index.php?rest_route=\/wp\/v2\/users\/60"}],"replies":[{"embeddable":true,"href":"https:\/\/amazonia.fiocruz.br\/index.php?rest_route=%2Fwp%2Fv2%2Fcomments&post=41570"}],"version-history":[{"count":2,"href":"https:\/\/amazonia.fiocruz.br\/index.php?rest_route=\/wp\/v2\/posts\/41570\/revisions"}],"predecessor-version":[{"id":41576,"href":"https:\/\/amazonia.fiocruz.br\/index.php?rest_route=\/wp\/v2\/posts\/41570\/revisions\/41576"}],"wp:featuredmedia":[{"embeddable":true,"href":"https:\/\/amazonia.fiocruz.br\/index.php?rest_route=\/wp\/v2\/media\/41574"}],"wp:attachment":[{"href":"https:\/\/amazonia.fiocruz.br\/index.php?rest_route=%2Fwp%2Fv2%2Fmedia&parent=41570"}],"wp:term":[{"taxonomy":"category","embeddable":true,"href":"https:\/\/amazonia.fiocruz.br\/index.php?rest_route=%2Fwp%2Fv2%2Fcategories&post=41570"},{"taxonomy":"post_tag","embeddable":true,"href":"https:\/\/amazonia.fiocruz.br\/index.php?rest_route=%2Fwp%2Fv2%2Ftags&post=41570"}],"curies":[{"name":"wp","href":"https:\/\/api.w.org\/{rel}","templated":true}]}}