{"id":40857,"date":"2023-11-29T17:29:09","date_gmt":"2023-11-29T21:29:09","guid":{"rendered":"https:\/\/amazonia.fiocruz.br\/?p=40857"},"modified":"2024-10-09T15:17:16","modified_gmt":"2024-10-09T19:17:16","slug":"fiocruz-amazonia-apresenta-rede-de-plataformas-tecnologicas-e-portfolio-de-patentes-na-expoamazonia-biotic-2023","status":"publish","type":"post","link":"https:\/\/amazonia.fiocruz.br\/?p=40857","title":{"rendered":"Fiocruz Amaz\u00f4nia apresenta rede de plataformas tecnol\u00f3gicas e portf\u00f3lio de patentes na ExpoAmaz\u00f4nia Bio&#038;TIC 2023"},"content":{"rendered":"<section class=\"av_textblock_section \"  itemscope=\"itemscope\" itemtype=\"https:\/\/schema.org\/BlogPosting\" itemprop=\"blogPost\" ><div class='avia_textblock  '   itemprop=\"text\" ><p style=\"text-align: justify;\">O Instituto Le\u00f4nidas e Maria Deane (ILMD\/Fiocruz Amaz\u00f4nia) est\u00e1 participando pela primeira vez da ExpoAmaz\u00f4nia Bio&amp;TIC 2023, feira de tecnologia e inova\u00e7\u00e3o que re\u00fane empresas, institutos e \u00f3rg\u00e3os que desenvolvem pesquisas na \u00e1rea de inova\u00e7\u00e3o e startups, aberta nesta ter\u00e7a-feira, 28\/11, no Studio 5 Centro de Conven\u00e7\u00f5es. Com um estande voltado para a presta\u00e7\u00e3o de servi\u00e7os de tecnologia em sa\u00fade, a Fiocruz Amaz\u00f4nia apresenta no evento sua rede de plataformas tecnol\u00f3gicas, portf\u00f3lios de patentes e servi\u00e7os de tecnologia em sa\u00fade desenvolvidos pelo ILMD\/Fiocruz Amaz\u00f4nia, numa oportunidade de mostrar ao p\u00fablico participante os trabalhos realizados nessa \u00e1rea e angariar novos neg\u00f3cios visando a melhoria da qualidade da sa\u00fade da popula\u00e7\u00e3o da Amaz\u00f4nia. A exposi\u00e7\u00e3o se encerra nesta quinta-feira, 30\/11.<\/p>\n<p style=\"text-align: justify;\"><img decoding=\"async\" class=\"alignnone wp-image-40859\" src=\"https:\/\/amazonia.fiocruz.br\/wp-content\/uploads\/2023\/11\/IMG_5882-300x200.jpg\" alt=\"\" width=\"561\" height=\"374\" srcset=\"https:\/\/amazonia.fiocruz.br\/wp-content\/uploads\/2023\/11\/IMG_5882-300x200.jpg 300w, https:\/\/amazonia.fiocruz.br\/wp-content\/uploads\/2023\/11\/IMG_5882-1030x687.jpg 1030w, https:\/\/amazonia.fiocruz.br\/wp-content\/uploads\/2023\/11\/IMG_5882-768x512.jpg 768w, https:\/\/amazonia.fiocruz.br\/wp-content\/uploads\/2023\/11\/IMG_5882-1536x1024.jpg 1536w, https:\/\/amazonia.fiocruz.br\/wp-content\/uploads\/2023\/11\/IMG_5882-2048x1365.jpg 2048w, https:\/\/amazonia.fiocruz.br\/wp-content\/uploads\/2023\/11\/IMG_5882-1500x1000.jpg 1500w, https:\/\/amazonia.fiocruz.br\/wp-content\/uploads\/2023\/11\/IMG_5882-705x470.jpg 705w\" sizes=\"(max-width: 561px) 100vw, 561px\" \/><\/p>\n<p style=\"text-align: justify;\">A diretora da Fiocruz Amaz\u00f4nia, Stefanie Lopes, presente \u00e0 abertura do evento, destacou a import\u00e2ncia do pioneirismo da institui\u00e7\u00e3o em participar da ExpoAmaz\u00f4nia juntamente com grupos empresariais e \u00f3rg\u00e3os p\u00fablicos, com o foco voltado ao mercado de startups e tecnologia da inova\u00e7\u00e3o. \u201cEstamos aqui pela primeira vez mostrando nossos trabalhos, com a possibilidade de angariar novos neg\u00f3cios, mas sobretudo de compartilhar com os visitantes as nossas descobertas\u201d, afirmou Stefanie Lopes, que recebeu no estande da Fiocruz Amaz\u00f4nia autoridades, como o secret\u00e1rio de Economia Verde, Descarboniza\u00e7\u00e3o e Bioind\u00fastria do Minist\u00e9rio do Desenvolvimento, Ind\u00fastria, Com\u00e9rcio e Servi\u00e7os (MDIC), Rodrigo Rollemberg, representando o Governo Federal na exposi\u00e7\u00e3o.<\/p>\n<p style=\"text-align: justify;\"><img decoding=\"async\" class=\"alignnone wp-image-40861\" src=\"https:\/\/amazonia.fiocruz.br\/wp-content\/uploads\/2023\/11\/IMG_5873-300x200.jpg\" alt=\"\" width=\"576\" height=\"384\" srcset=\"https:\/\/amazonia.fiocruz.br\/wp-content\/uploads\/2023\/11\/IMG_5873-300x200.jpg 300w, https:\/\/amazonia.fiocruz.br\/wp-content\/uploads\/2023\/11\/IMG_5873-1030x687.jpg 1030w, https:\/\/amazonia.fiocruz.br\/wp-content\/uploads\/2023\/11\/IMG_5873-768x512.jpg 768w, https:\/\/amazonia.fiocruz.br\/wp-content\/uploads\/2023\/11\/IMG_5873-1536x1024.jpg 1536w, https:\/\/amazonia.fiocruz.br\/wp-content\/uploads\/2023\/11\/IMG_5873-2048x1365.jpg 2048w, https:\/\/amazonia.fiocruz.br\/wp-content\/uploads\/2023\/11\/IMG_5873-1500x1000.jpg 1500w, https:\/\/amazonia.fiocruz.br\/wp-content\/uploads\/2023\/11\/IMG_5873-705x470.jpg 705w\" sizes=\"(max-width: 576px) 100vw, 576px\" \/><\/p>\n<p style=\"text-align: justify;\">Na oportunidade, ele destacou a import\u00e2ncia do papel da Fiocruz para o Pa\u00eds. \u201cA Fiocruz \u00e9 indispens\u00e1vel, tem enormes servi\u00e7os prestados ao Pa\u00eds. Hoje, na nova pol\u00edtica de industrializa\u00e7\u00e3o, na neoindustrializa\u00e7\u00e3o, temos uma miss\u00e3o importante que \u00e9 a do complexo industrial de sa\u00fade, que tem como objetivo reduzir muito a depend\u00eancia em rela\u00e7\u00e3o a insumos internos. Portanto, temos aqui a Fiocruz Amaz\u00f4nia desenvolvendo pesquisa, tecnologia e produtos, a partir da realidade da Amaz\u00f4nia, \u00e9 extremamente positivo para todo o Pa\u00eds\u201d, salientou Rollemberg, que visitou o estande na companhia do ex-deputado estadual Serafim Correia, atual secret\u00e1rio estadual de Desenvolvimento, Ind\u00fastria e Tecnologia (SEDECTI).<\/p>\n<p style=\"text-align: justify;\"><img decoding=\"async\" class=\"alignnone wp-image-40864\" src=\"https:\/\/amazonia.fiocruz.br\/wp-content\/uploads\/2023\/11\/IMG_5890-300x200.jpg\" alt=\"\" width=\"581\" height=\"387\" srcset=\"https:\/\/amazonia.fiocruz.br\/wp-content\/uploads\/2023\/11\/IMG_5890-300x200.jpg 300w, https:\/\/amazonia.fiocruz.br\/wp-content\/uploads\/2023\/11\/IMG_5890-1030x687.jpg 1030w, https:\/\/amazonia.fiocruz.br\/wp-content\/uploads\/2023\/11\/IMG_5890-768x512.jpg 768w, https:\/\/amazonia.fiocruz.br\/wp-content\/uploads\/2023\/11\/IMG_5890-1536x1024.jpg 1536w, https:\/\/amazonia.fiocruz.br\/wp-content\/uploads\/2023\/11\/IMG_5890-2048x1365.jpg 2048w, https:\/\/amazonia.fiocruz.br\/wp-content\/uploads\/2023\/11\/IMG_5890-1500x1000.jpg 1500w, https:\/\/amazonia.fiocruz.br\/wp-content\/uploads\/2023\/11\/IMG_5890-705x470.jpg 705w\" sizes=\"(max-width: 581px) 100vw, 581px\" \/><\/p>\n<p style=\"text-align: justify;\">Para Serafim, a Fiocruz \u00e9 pioneira no campo da tecnologia em sa\u00fade. \u201c\u00c9 uma alegria muito grande que Fiocruz Amaz\u00f4nia esteja participando desta feira expondo aqui seus avan\u00e7os tecnol\u00f3gicos e principalmente marcando sua presen\u00e7a em rela\u00e7\u00e3o a tr\u00eas \u00e1reas das quais a humanidade n\u00e3o pode se distanciar: ci\u00eancia, tecnologia e inova\u00e7\u00e3o\u201d, destacou. A Rede de Plataformas Tecnol\u00f3gicas da Fiocruz \u00e9 um conjunto de tecnologias e equipamentos destinados \u00e0 pesquisa, desenvolvimento tecnol\u00f3gico, inova\u00e7\u00e3o e vigil\u00e2ncia e assist\u00eancia dispon\u00edvel para atender as demandas de institui\u00e7\u00f5es p\u00fablicas e privadas. Os espa\u00e7os tecnol\u00f3gicos da Rede de Plataformas est\u00e1 presente em nove estados do Brasil, entre os quais o Amazonas.<\/p>\n<p style=\"text-align: justify;\">No portfolio de patentes da Fiocruz Amaz\u00f4nia, est\u00e3o inventos destinados a cria\u00e7\u00e3o de anticorpos para tratamento de infec\u00e7\u00f5es intestinais, m\u00e9todo de solubiliza\u00e7\u00e3o e ativa\u00e7\u00e3o de nanotubos de Carbono para imuniza\u00e7\u00e3o animal; Diagn\u00f3stico da Escherichia coli Enterotoxig\u00eanica; Composi\u00e7\u00e3o vacinal contra Clostridiose (doen\u00e7as que acometem rebanhos de gado); M\u00e9todo para detectar anticorpos contra orthohantav\u00edrus; Iniciadores e sondas para a detec\u00e7\u00e3o do v\u00edrus mayaro e Oropouche por PCR em tempo real; e equipamento port\u00e1til para esteriliza\u00e7\u00e3o de EPIs (equipamentos de prote\u00e7\u00e3o individual).<\/p>\n<p style=\"text-align: justify;\"><img decoding=\"async\" class=\"alignnone wp-image-40865\" src=\"https:\/\/amazonia.fiocruz.br\/wp-content\/uploads\/2023\/11\/IMG_5892-300x200.jpg\" alt=\"\" width=\"595\" height=\"396\" srcset=\"https:\/\/amazonia.fiocruz.br\/wp-content\/uploads\/2023\/11\/IMG_5892-300x200.jpg 300w, https:\/\/amazonia.fiocruz.br\/wp-content\/uploads\/2023\/11\/IMG_5892-1030x687.jpg 1030w, https:\/\/amazonia.fiocruz.br\/wp-content\/uploads\/2023\/11\/IMG_5892-768x512.jpg 768w, https:\/\/amazonia.fiocruz.br\/wp-content\/uploads\/2023\/11\/IMG_5892-1536x1024.jpg 1536w, https:\/\/amazonia.fiocruz.br\/wp-content\/uploads\/2023\/11\/IMG_5892-2048x1365.jpg 2048w, https:\/\/amazonia.fiocruz.br\/wp-content\/uploads\/2023\/11\/IMG_5892-1500x1000.jpg 1500w, https:\/\/amazonia.fiocruz.br\/wp-content\/uploads\/2023\/11\/IMG_5892-705x470.jpg 705w\" sizes=\"(max-width: 595px) 100vw, 595px\" \/><\/p>\n<p style=\"text-align: justify;\">O pesquisador Lu\u00eds Andr\u00e9 Mari\u00faba, coordenador do N\u00facleo de Inova\u00e7\u00e3o Tecnol\u00f3gica do ILMD\/Fiocruz Amaz\u00f4nia, observa que a ExpoAmaz\u00f4nia \u00e9 um evento importante para se apresentar as tecnologias do instituto, bem como os servi\u00e7os que podemos prestar para comunidades, empresas e demais institutos de inova\u00e7\u00e3o. \u201cAl\u00e9m das nossas plataformas tecnol\u00f3gicas, temos tamb\u00e9m uma boa oportunidade para apresentarmos nossas primeiras startups na \u00e1rea de sa\u00fade, mostrando ao p\u00fablico em geral que trabalhamos com isso. Temos grandes empresas participando aqui e temos que nos fazer presentes. Ao final, ser\u00e1 poss\u00edvel termos um balan\u00e7o da iniciativa e se teremos oportunidades de ofertas de tecnologia futuras\u201d, adiantou. No estande da Fiocruz Amaz\u00f4nia, o visitante recebe material informativo, sendo atendido por equipes de pesquisadores e alunos da institui\u00e7\u00e3o.<\/p>\n<p style=\"text-align: justify;\"><img decoding=\"async\" class=\"alignnone wp-image-40866\" src=\"https:\/\/amazonia.fiocruz.br\/wp-content\/uploads\/2023\/11\/IMG_5917-300x200.jpg\" alt=\"\" width=\"614\" height=\"409\" srcset=\"https:\/\/amazonia.fiocruz.br\/wp-content\/uploads\/2023\/11\/IMG_5917-300x200.jpg 300w, https:\/\/amazonia.fiocruz.br\/wp-content\/uploads\/2023\/11\/IMG_5917-1030x687.jpg 1030w, https:\/\/amazonia.fiocruz.br\/wp-content\/uploads\/2023\/11\/IMG_5917-768x512.jpg 768w, https:\/\/amazonia.fiocruz.br\/wp-content\/uploads\/2023\/11\/IMG_5917-1536x1024.jpg 1536w, https:\/\/amazonia.fiocruz.br\/wp-content\/uploads\/2023\/11\/IMG_5917-2048x1365.jpg 2048w, https:\/\/amazonia.fiocruz.br\/wp-content\/uploads\/2023\/11\/IMG_5917-1500x1000.jpg 1500w, https:\/\/amazonia.fiocruz.br\/wp-content\/uploads\/2023\/11\/IMG_5917-705x470.jpg 705w\" sizes=\"(max-width: 614px) 100vw, 614px\" \/><\/p>\n<p style=\"text-align: justify;\"><strong>BIOECONOMIA NA AMAZ\u00d4NIA<\/strong><\/p>\n<p style=\"text-align: justify;\">Com a tem\u00e1tica \u201cTecnologia Sustent\u00e1vel da Amaz\u00f4nia para o Mundo\u201d, a proposta da ExpoAmaz\u00f4nia Bio&amp;TIC 2023 \u00e9 alavancar os polos de Bioeconomia (Bio) e de Tecnologia da Informa\u00e7\u00e3o e Comunica\u00e7\u00e3o (TIC) como dois vetores econ\u00f4micos vi\u00e1veis e sustent\u00e1veis para a manuten\u00e7\u00e3o da floresta amaz\u00f4nica e o desenvolvimento socioecon\u00f4mico da Amaz\u00f4nia. Para isso, o evento vem proporcionando palestras divididas em seis \u201ctrilhas de conhecimento\u201d: bioeconomia, biotecnologia e mercados; empreendedorismo e gest\u00e3o de neg\u00f3cios; valoriza\u00e7\u00e3o dos saberes tradicionais; produ\u00e7\u00f5es acad\u00eamicas em BIO&amp;TIC; tecnologia da informa\u00e7\u00e3o e comunica\u00e7\u00e3o e mercado; e economia criativa e cultura.<\/p>\n<p style=\"text-align: justify;\">A ExpoAmaz\u00f4nia Bio&amp;TIC 2023 \u00e9 uma realiza\u00e7\u00e3o da Associa\u00e7\u00e3o do Polo Digital de Manaus (APDM), Instituto de Conserva\u00e7\u00e3o e Desenvolvimento Sustent\u00e1vel da Amaz\u00f4nia (Idesam), Governo do Amazonas &#8211; por meio da Secretaria de Desenvolvimento, Ci\u00eancia, Tecnologia e Inova\u00e7\u00e3o (Sedecti-AM) -, Prefeitura de Manaus &#8211; por meio da Secretaria Municipal do Trabalho, Empreendedorismo e Inova\u00e7\u00e3o (Semtepi) e Centro de Bioneg\u00f3cios da Amaz\u00f4nia (CBA).<\/p>\n<p style=\"text-align: justify;\">Al\u00e9m de discutir, integrar, consolidar e alavancar os polos de Bioeconomia e de Tecnologia da Informa\u00e7\u00e3o e Comunica\u00e7\u00e3o da regi\u00e3o como dois vetores econ\u00f4micos vi\u00e1veis e sustent\u00e1veis para a manuten\u00e7\u00e3o da floresta amaz\u00f4nica e para o desenvolvimento socioecon\u00f4mico dos povos da Amaz\u00f4nia, a feira visa fortalecer os ecossistemas de Bio&amp;TIC e integr\u00e1-los constantemente com os atores dos ecossistemas nacionais e internacionais de inova\u00e7\u00e3o.<\/p>\n<p><em>ILMD\/Fiocruz Amaz\u00f4nia, Por J\u00falio Pedrosa<\/em><\/p>\n<p><em>Fotos: J\u00falio Pedrosa<\/em><\/p>\n<\/div><\/section>\n","protected":false},"excerpt":{"rendered":"<p>Com um estande voltado para a presta\u00e7\u00e3o de servi\u00e7os de tecnologia em sa\u00fade, a Fiocruz Amaz\u00f4nia se apresenta pela primeira vez na exposi\u00e7\u00e3o que visa estimular o ambiente de neg\u00f3cios em bioeconomia e tecnologia em sa\u00fade <\/p>\n","protected":false},"author":60,"featured_media":40868,"comment_status":"closed","ping_status":"closed","sticky":false,"template":"","format":"image","meta":{"footnotes":""},"categories":[15],"tags":[],"class_list":["post-40857","post","type-post","status-publish","format-image","has-post-thumbnail","hentry","category-noticias","post_format-post-format-image"],"_links":{"self":[{"href":"https:\/\/amazonia.fiocruz.br\/index.php?rest_route=\/wp\/v2\/posts\/40857","targetHints":{"allow":["GET"]}}],"collection":[{"href":"https:\/\/amazonia.fiocruz.br\/index.php?rest_route=\/wp\/v2\/posts"}],"about":[{"href":"https:\/\/amazonia.fiocruz.br\/index.php?rest_route=\/wp\/v2\/types\/post"}],"author":[{"embeddable":true,"href":"https:\/\/amazonia.fiocruz.br\/index.php?rest_route=\/wp\/v2\/users\/60"}],"replies":[{"embeddable":true,"href":"https:\/\/amazonia.fiocruz.br\/index.php?rest_route=%2Fwp%2Fv2%2Fcomments&post=40857"}],"version-history":[{"count":5,"href":"https:\/\/amazonia.fiocruz.br\/index.php?rest_route=\/wp\/v2\/posts\/40857\/revisions"}],"predecessor-version":[{"id":49197,"href":"https:\/\/amazonia.fiocruz.br\/index.php?rest_route=\/wp\/v2\/posts\/40857\/revisions\/49197"}],"wp:featuredmedia":[{"embeddable":true,"href":"https:\/\/amazonia.fiocruz.br\/index.php?rest_route=\/wp\/v2\/media\/40868"}],"wp:attachment":[{"href":"https:\/\/amazonia.fiocruz.br\/index.php?rest_route=%2Fwp%2Fv2%2Fmedia&parent=40857"}],"wp:term":[{"taxonomy":"category","embeddable":true,"href":"https:\/\/amazonia.fiocruz.br\/index.php?rest_route=%2Fwp%2Fv2%2Fcategories&post=40857"},{"taxonomy":"post_tag","embeddable":true,"href":"https:\/\/amazonia.fiocruz.br\/index.php?rest_route=%2Fwp%2Fv2%2Ftags&post=40857"}],"curies":[{"name":"wp","href":"https:\/\/api.w.org\/{rel}","templated":true}]}}