{"id":40754,"date":"2023-11-27T07:55:30","date_gmt":"2023-11-27T11:55:30","guid":{"rendered":"https:\/\/amazonia.fiocruz.br\/?p=40754"},"modified":"2023-11-27T07:57:34","modified_gmt":"2023-11-27T11:57:34","slug":"fiocruz-amazonia-apresenta-resultados-de-projetos-no-seminario-avancos-e-desafios-da-saude-indigena-no-brasil","status":"publish","type":"post","link":"https:\/\/amazonia.fiocruz.br\/?p=40754","title":{"rendered":"<strong>Fiocruz Amaz\u00f4nia apresenta resultados de projetos no Semin\u00e1rio Avan\u00e7os e Desafios da Sa\u00fade Ind\u00edgena no Brasil<\/strong>"},"content":{"rendered":"<section class=\"av_textblock_section \"  itemscope=\"itemscope\" itemtype=\"https:\/\/schema.org\/BlogPosting\" itemprop=\"blogPost\" ><div class='avia_textblock  '   itemprop=\"text\" ><p style=\"text-align: justify;\">O Instituto Le\u00f4nidas &amp; Maria Deane (ILMD\/Fiocruz Amaz\u00f4nia) estar\u00e1 presente, de 28 a 30\/11, no Semin\u00e1rio \u201cAvan\u00e7os e Desafios da Sa\u00fade Ind\u00edgena no Brasil: contribui\u00e7\u00f5es dos projetos da parceria Fiocruz\/Sesai\u201d, apresentando os resultados obtidos at\u00e9 agora com a implementa\u00e7\u00e3o de projetos de sa\u00fade ind\u00edgena em territ\u00f3rios urbanos e rurais no Estado do Amazonas. Os projetos s\u00e3o desenvolvidos pelo Laborat\u00f3rio de Hist\u00f3ria, Pol\u00edticas Sociais e Sa\u00fade na Amaz\u00f4nia (Lahpsa), do ILMD\/Fiocruz Amaz\u00f4nia, por meio do Edital Sa\u00fade Ind\u00edgena, do Programa Inova Fiocruz. O evento acontece no Museu da Vida, na sede da Fiocruz, no Rio de Janeiro, reunido cerca de 220 participantes, entre lideran\u00e7as ind\u00edgenas, pesquisadores, gestores e representantes de institui\u00e7\u00f5es governamentais que fazem parte dos 20 projetos conclu\u00eddos.<\/p>\n<p style=\"text-align: justify;\"><img decoding=\"async\" class=\"alignnone wp-image-36989\" src=\"https:\/\/amazonia.fiocruz.br\/wp-content\/uploads\/2022\/06\/4dad482f-9395-4719-bf16-e55b0bfbf959-300x200.jpg\" alt=\"\" width=\"638\" height=\"425\" srcset=\"https:\/\/amazonia.fiocruz.br\/wp-content\/uploads\/2022\/06\/4dad482f-9395-4719-bf16-e55b0bfbf959-300x200.jpg 300w, https:\/\/amazonia.fiocruz.br\/wp-content\/uploads\/2022\/06\/4dad482f-9395-4719-bf16-e55b0bfbf959-1030x686.jpg 1030w, https:\/\/amazonia.fiocruz.br\/wp-content\/uploads\/2022\/06\/4dad482f-9395-4719-bf16-e55b0bfbf959-768x512.jpg 768w, https:\/\/amazonia.fiocruz.br\/wp-content\/uploads\/2022\/06\/4dad482f-9395-4719-bf16-e55b0bfbf959-705x470.jpg 705w, https:\/\/amazonia.fiocruz.br\/wp-content\/uploads\/2022\/06\/4dad482f-9395-4719-bf16-e55b0bfbf959.jpg 1250w\" sizes=\"(max-width: 638px) 100vw, 638px\" \/><\/p>\n<p style=\"text-align: justify;\">As experi\u00eancias apresentadas no semin\u00e1rio ser\u00e3o os projetos \u201cMana\u00f3s: Sa\u00fade da Popula\u00e7\u00e3o Ind\u00edgena em Contexto Urbano\u201d e \u201cCapacita\u00e7\u00e3o de Conselheiros Ind\u00edgenas de Sa\u00fade do DSEI\/Manaus, com uso das TICs (Tecnologias da Informa\u00e7\u00e3o e Comunica\u00e7\u00e3o)\u201d, coordenados, respectivamente, pelos pesquisadores em Sa\u00fade P\u00fablica da Fiocruz Amaz\u00f4nia, Rodrigo Tobias e K\u00e1tia Lima. O objetivo do semin\u00e1rio \u00e9 promover o debate sobre a sa\u00fade ind\u00edgena no Brasil a partir da apresenta\u00e7\u00e3o dos resultados dos projetos, raz\u00e3o pela qual parte do semin\u00e1rio \u00e9 reservada apenas para os integrantes e parceiros dos projetos.\u00a0Haver\u00e1 tamb\u00e9m a Tenda Cultural \u201cDi\u00e1logos e Saberes\u201d, ao lado do Museu da Vida.\u00a0A Tenda contar\u00e1 com estandes dos projetos e de produtos ind\u00edgenas, al\u00e9m de dois espa\u00e7os especiais: \u201cPr\u00e1ticas e Saberes Ancestrais Ind\u00edgenas em Sa\u00fade\u201d, onde ocorrer\u00e3o rodas de conversa e viv\u00eancias sobre os conhecimentos ancestrais em sa\u00fade, e o Cine Sa\u00fade Ind\u00edgena com exibi\u00e7\u00e3o de curtas e document\u00e1rios sobre o tema.<\/p>\n<p style=\"text-align: justify;\">O Projeto Mana\u00f3s encontra-se em sua segunda fase de execu\u00e7\u00e3o de atividades voltadas para as 750 fam\u00edlias de 35 etnias ind\u00edgenas, que vivem no Parque das Tribos, primeiro bairro ind\u00edgena de Manaus. Lideran\u00e7as ind\u00edgenas da localidade, a cacica Lutana, presidente da Associa\u00e7\u00e3o Ind\u00edgena dos Moradores do Parque das Tribos (AIMPAT), e Lecia Witoto estar\u00e3o presentes ao semin\u00e1rio. O projeto atuou inicialmente no diagn\u00f3stico da realidade dos ind\u00edgenas desaldeados e as dificuldades enfrentadas por eles no acesso aos servi\u00e7os de sa\u00fade. Na etapa atual, desenvolve linhas espec\u00edficas de a\u00e7\u00e3o, voltadas ao empoderamento comunit\u00e1rio, forma\u00e7\u00e3o de agentes ind\u00edgenas de sa\u00fade e a investiga\u00e7\u00e3o de fatores de risco cardiovasculares dos ind\u00edgenas que vivem na \u00e1rea urbana. O projeto deu origem ao livro \u201cA sa\u00fade ind\u00edgena nas cidades: redes de aten\u00e7\u00e3o, cuidado tradicional e intercultural\u201d, que ser\u00e1 lan\u00e7ado durante o semin\u00e1rio, trazendo relatos sobre trabalhos e incurs\u00f5es junto aos povos ind\u00edgenas no Brasil, com especial aten\u00e7\u00e3o aos que vivem em contextos urbanizados. Entre as experi\u00eancias abordadas, est\u00e1 o Projeto Mana\u00f3s.<\/p>\n<p style=\"text-align: justify;\"><img decoding=\"async\" class=\"alignnone wp-image-36289\" src=\"https:\/\/amazonia.fiocruz.br\/wp-content\/uploads\/2022\/02\/Saude-Indigena-2-300x225.jpg\" alt=\"\" width=\"641\" height=\"481\" srcset=\"https:\/\/amazonia.fiocruz.br\/wp-content\/uploads\/2022\/02\/Saude-Indigena-2-300x225.jpg 300w, https:\/\/amazonia.fiocruz.br\/wp-content\/uploads\/2022\/02\/Saude-Indigena-2-768x576.jpg 768w, https:\/\/amazonia.fiocruz.br\/wp-content\/uploads\/2022\/02\/Saude-Indigena-2-705x529.jpg 705w, https:\/\/amazonia.fiocruz.br\/wp-content\/uploads\/2022\/02\/Saude-Indigena-2.jpg 1024w\" sizes=\"(max-width: 641px) 100vw, 641px\" \/><\/p>\n<p style=\"text-align: justify;\">As pesquisadoras K\u00e1tia Menezes Lima e Fabiane Vinente apresentar\u00e3o os resultados do\u00a0 Projeto Capacita\u00e7\u00e3o de Conselheiros Ind\u00edgenas de Sa\u00fade do DSEI\/Manaus, com uso das TICs (Tecnologias da Informa\u00e7\u00e3o e Comunica\u00e7\u00e3o)\u201d, pesquisa-a\u00e7\u00e3o cujo objetivo foi o de analisar as formas de enfrentamento \u00e0 COVID-19 nas aldeias d\u00f3 Distrito Sanit\u00e1rio Especial Ind\u00edgena (DSEI), de Manaus, a partir da realiza\u00e7\u00e3o de oficinas de capacita\u00e7\u00e3o com conselheiros e agentes ind\u00edgenas de sa\u00fade para discutir mecanismos de preven\u00e7\u00e3o. A pesquisa foi viabilizada por meio do Edital de Sa\u00fade Ind\u00edgena No 1\/2021, do Programa Fiocruz de Fomento \u00e0 Inova\u00e7\u00e3o, o Inova Fiocruz. Por conta do projeto, o DSEI Manaus foi pioneiro na implanta\u00e7\u00e3o da iniciativa de capacita\u00e7\u00e3o on line no Estado. O programa, lan\u00e7ado em 2018, tem como objetivo fomentar a pesquisa e a inova\u00e7\u00e3o, resultando na entrega de produtos\/conhecimento\/servi\u00e7os para a sociedade, a partir de pesquisas na \u00e1rea de sa\u00fade.<\/p>\n<\/div><\/section>\n","protected":false},"excerpt":{"rendered":"<p>Cacica Lutana, presidente da Associa\u00e7\u00e3o Ind\u00edgena dos Moradores do Parque das Tribos (AIMPAT), e Lecia Witoto estar\u00e3o presentes ao semin\u00e1rio<\/p>\n","protected":false},"author":60,"featured_media":38422,"comment_status":"closed","ping_status":"closed","sticky":false,"template":"","format":"image","meta":{"footnotes":""},"categories":[15],"tags":[],"class_list":["post-40754","post","type-post","status-publish","format-image","has-post-thumbnail","hentry","category-noticias","post_format-post-format-image"],"_links":{"self":[{"href":"https:\/\/amazonia.fiocruz.br\/index.php?rest_route=\/wp\/v2\/posts\/40754","targetHints":{"allow":["GET"]}}],"collection":[{"href":"https:\/\/amazonia.fiocruz.br\/index.php?rest_route=\/wp\/v2\/posts"}],"about":[{"href":"https:\/\/amazonia.fiocruz.br\/index.php?rest_route=\/wp\/v2\/types\/post"}],"author":[{"embeddable":true,"href":"https:\/\/amazonia.fiocruz.br\/index.php?rest_route=\/wp\/v2\/users\/60"}],"replies":[{"embeddable":true,"href":"https:\/\/amazonia.fiocruz.br\/index.php?rest_route=%2Fwp%2Fv2%2Fcomments&post=40754"}],"version-history":[{"count":3,"href":"https:\/\/amazonia.fiocruz.br\/index.php?rest_route=\/wp\/v2\/posts\/40754\/revisions"}],"predecessor-version":[{"id":40757,"href":"https:\/\/amazonia.fiocruz.br\/index.php?rest_route=\/wp\/v2\/posts\/40754\/revisions\/40757"}],"wp:featuredmedia":[{"embeddable":true,"href":"https:\/\/amazonia.fiocruz.br\/index.php?rest_route=\/wp\/v2\/media\/38422"}],"wp:attachment":[{"href":"https:\/\/amazonia.fiocruz.br\/index.php?rest_route=%2Fwp%2Fv2%2Fmedia&parent=40754"}],"wp:term":[{"taxonomy":"category","embeddable":true,"href":"https:\/\/amazonia.fiocruz.br\/index.php?rest_route=%2Fwp%2Fv2%2Fcategories&post=40754"},{"taxonomy":"post_tag","embeddable":true,"href":"https:\/\/amazonia.fiocruz.br\/index.php?rest_route=%2Fwp%2Fv2%2Ftags&post=40754"}],"curies":[{"name":"wp","href":"https:\/\/api.w.org\/{rel}","templated":true}]}}