{"id":40596,"date":"2023-11-10T14:28:32","date_gmt":"2023-11-10T18:28:32","guid":{"rendered":"https:\/\/amazonia.fiocruz.br\/?p=40596"},"modified":"2023-11-10T14:29:58","modified_gmt":"2023-11-10T18:29:58","slug":"felipe-naveca-recebe-homenagem-durante-17o-expoepi","status":"publish","type":"post","link":"https:\/\/amazonia.fiocruz.br\/?p=40596","title":{"rendered":"<strong>Felipe Naveca recebe homenagem durante 17a ExpoEpi<\/strong>"},"content":{"rendered":"<section class=\"av_textblock_section \"  itemscope=\"itemscope\" itemtype=\"https:\/\/schema.org\/BlogPosting\" itemprop=\"blogPost\" ><div class='avia_textblock  '   itemprop=\"text\" ><p style=\"text-align: justify;\">O virologista Felipe Gomes Naveca, pesquisador da Fiocruz, chefe do Laborat\u00f3rio de Arbov\u00edrus e V\u00edrus Hemorr\u00e1gicos do Instituto Oswaldo Cruz (IOC\/Fiocruz) e coordenador do N\u00facleo de Vigil\u00e3ncia de V\u00edrus Emergentes, Reemergentes ou Negligenciados do Instituto Le\u00f4nidas e Maria Deane (ILMD\/Fiocruz Amaz\u00f4nia), foi homenageado na 17\u00aa edi\u00e7\u00e3o da Mostra Nacional de Experi\u00eancias Bem-Sucedidas em Epidemiologia, Preven\u00e7\u00e3o e Controle de Doen\u00e7as (ExpoEpi).<\/p>\n<p style=\"text-align: justify;\"><img decoding=\"async\" class=\"alignnone wp-image-40597\" src=\"https:\/\/amazonia.fiocruz.br\/wp-content\/uploads\/2023\/11\/1699639795163-300x225.jpg\" alt=\"\" width=\"523\" height=\"392\" srcset=\"https:\/\/amazonia.fiocruz.br\/wp-content\/uploads\/2023\/11\/1699639795163-300x225.jpg 300w, https:\/\/amazonia.fiocruz.br\/wp-content\/uploads\/2023\/11\/1699639795163-1030x773.jpg 1030w, https:\/\/amazonia.fiocruz.br\/wp-content\/uploads\/2023\/11\/1699639795163-768x576.jpg 768w, https:\/\/amazonia.fiocruz.br\/wp-content\/uploads\/2023\/11\/1699639795163-1536x1152.jpg 1536w, https:\/\/amazonia.fiocruz.br\/wp-content\/uploads\/2023\/11\/1699639795163-1500x1125.jpg 1500w, https:\/\/amazonia.fiocruz.br\/wp-content\/uploads\/2023\/11\/1699639795163-705x529.jpg 705w, https:\/\/amazonia.fiocruz.br\/wp-content\/uploads\/2023\/11\/1699639795163.jpg 1600w\" sizes=\"(max-width: 523px) 100vw, 523px\" \/><\/p>\n<p style=\"text-align: justify;\">A honraria entregue pela Secretaria de Vigil\u00e2ncia em Sa\u00fade e Ambiente do Minist\u00e9rio da Sa\u00fade reconheceu as contribui\u00e7\u00f5es de Naveca para o desenvolvimento das a\u00e7\u00f5es de epidemiologia, preven\u00e7\u00e3o e controle de doen\u00e7as no Brasil. A homenagem foi realizada durante a cerim\u00f4nia de abertura da 17\u00aa ExpoEpi, no \u00faltimo dia 7\/11, no Centro Internacional de Conven\u00e7\u00f5es do Brasil, no Distrito Federal.<\/p>\n<p style=\"text-align: justify;\"><img decoding=\"async\" class=\"alignnone wp-image-40598\" src=\"https:\/\/amazonia.fiocruz.br\/wp-content\/uploads\/2023\/11\/1699639795156-300x200.jpg\" alt=\"\" width=\"525\" height=\"350\" srcset=\"https:\/\/amazonia.fiocruz.br\/wp-content\/uploads\/2023\/11\/1699639795156-300x200.jpg 300w, https:\/\/amazonia.fiocruz.br\/wp-content\/uploads\/2023\/11\/1699639795156-1030x688.jpg 1030w, https:\/\/amazonia.fiocruz.br\/wp-content\/uploads\/2023\/11\/1699639795156-768x513.jpg 768w, https:\/\/amazonia.fiocruz.br\/wp-content\/uploads\/2023\/11\/1699639795156-1536x1026.jpg 1536w, https:\/\/amazonia.fiocruz.br\/wp-content\/uploads\/2023\/11\/1699639795156-1500x1002.jpg 1500w, https:\/\/amazonia.fiocruz.br\/wp-content\/uploads\/2023\/11\/1699639795156-705x471.jpg 705w, https:\/\/amazonia.fiocruz.br\/wp-content\/uploads\/2023\/11\/1699639795156.jpg 1600w\" sizes=\"(max-width: 525px) 100vw, 525px\" \/><\/p>\n<p style=\"text-align: justify;\">Pesquisador em Sa\u00fade P\u00fablica da Fiocruz desde 2008, Felipe Naveca atua no IOC e no ILMD\/Fiocruz Amaz\u00f4nia, onde tamb\u00e9m foi vice-diretor de Pesquisa e diretor substituto entre 2012 e 2021.&nbsp;Na Rede de Plataformas Tecnol\u00f3gicas Fiocruz, gerencia as subunidades de PCR em Tempo Real (RPT09G) e Gen\u00f4mica (RPT01H).&nbsp; Naveca tamb\u00e9m \u00e9 membro da Rede Gen\u00f4mica Fiocruz e da Rede Gen\u00f4mica de Vigil\u00e2ncia em Sa\u00fade do Amazonas.<\/p>\n<p><em>Por Comunica\u00e7\u00e3o\/Instituto Oswaldo Cruz<\/em><\/p>\n<\/div><\/section>\n","protected":false},"excerpt":{"rendered":"<p>Pr\u00eamio reconheceu as contribui\u00e7\u00f5es de Naveca ao desenvolvimento das a\u00e7\u00f5es de epidemiologia, preven\u00e7\u00e3o e controle de doen\u00e7as no Brasil<\/p>\n","protected":false},"author":60,"featured_media":40600,"comment_status":"closed","ping_status":"closed","sticky":false,"template":"","format":"image","meta":{"footnotes":""},"categories":[15],"tags":[],"class_list":["post-40596","post","type-post","status-publish","format-image","has-post-thumbnail","hentry","category-noticias","post_format-post-format-image"],"_links":{"self":[{"href":"https:\/\/amazonia.fiocruz.br\/index.php?rest_route=\/wp\/v2\/posts\/40596","targetHints":{"allow":["GET"]}}],"collection":[{"href":"https:\/\/amazonia.fiocruz.br\/index.php?rest_route=\/wp\/v2\/posts"}],"about":[{"href":"https:\/\/amazonia.fiocruz.br\/index.php?rest_route=\/wp\/v2\/types\/post"}],"author":[{"embeddable":true,"href":"https:\/\/amazonia.fiocruz.br\/index.php?rest_route=\/wp\/v2\/users\/60"}],"replies":[{"embeddable":true,"href":"https:\/\/amazonia.fiocruz.br\/index.php?rest_route=%2Fwp%2Fv2%2Fcomments&post=40596"}],"version-history":[{"count":3,"href":"https:\/\/amazonia.fiocruz.br\/index.php?rest_route=\/wp\/v2\/posts\/40596\/revisions"}],"predecessor-version":[{"id":40602,"href":"https:\/\/amazonia.fiocruz.br\/index.php?rest_route=\/wp\/v2\/posts\/40596\/revisions\/40602"}],"wp:featuredmedia":[{"embeddable":true,"href":"https:\/\/amazonia.fiocruz.br\/index.php?rest_route=\/wp\/v2\/media\/40600"}],"wp:attachment":[{"href":"https:\/\/amazonia.fiocruz.br\/index.php?rest_route=%2Fwp%2Fv2%2Fmedia&parent=40596"}],"wp:term":[{"taxonomy":"category","embeddable":true,"href":"https:\/\/amazonia.fiocruz.br\/index.php?rest_route=%2Fwp%2Fv2%2Fcategories&post=40596"},{"taxonomy":"post_tag","embeddable":true,"href":"https:\/\/amazonia.fiocruz.br\/index.php?rest_route=%2Fwp%2Fv2%2Ftags&post=40596"}],"curies":[{"name":"wp","href":"https:\/\/api.w.org\/{rel}","templated":true}]}}