{"id":40536,"date":"2023-11-06T18:24:49","date_gmt":"2023-11-06T22:24:49","guid":{"rendered":"https:\/\/amazonia.fiocruz.br\/?p=40536"},"modified":"2024-03-20T19:49:00","modified_gmt":"2024-03-20T23:49:00","slug":"cogic-detalha-projeto-da-nova-sede-da-fiocruz-amazonia-a-analistas-patrimoniais-do-2o-grupamento-de-engenharia-do-exercito","status":"publish","type":"post","link":"https:\/\/amazonia.fiocruz.br\/?p=40536","title":{"rendered":"<strong>Cogic detalha projeto da nova sede da Fiocruz Amaz\u00f4nia a analistas patrimoniais do 2\u00ba Grupamento de Engenharia do Ex\u00e9rcito<\/strong>"},"content":{"rendered":"<section class=\"av_textblock_section \"  itemscope=\"itemscope\" itemtype=\"https:\/\/schema.org\/BlogPosting\" itemprop=\"blogPost\" ><div class='avia_textblock  '   itemprop=\"text\" ><p style=\"text-align: justify;\">A coordenadora-geral de Infraestrutura dos Campi da Funda\u00e7\u00e3o Oswaldo Cruz (Fiocruz), Ana Beatriz Cuzzatti, e o arquiteto Rodrigo das Neves Costa, do Departamento de Arquitetura e Engenharia da Cogic, participaram em Manaus, no \u00faltimo dia 31\/10, de uma reuni\u00e3o na sede do 2\u00ba Grupamento de Engenharia do Ex\u00e9rcito, para a apresenta\u00e7\u00e3o detalhada do projeto de constru\u00e7\u00e3o da nova sede do Instituto Le\u00f4nidas &amp; Maria Deane (ILMD\/Fiocruz Amaz\u00f4nia), que ficar\u00e1 localizada na Estrada do S\u00e3o Jorge, Zona Oeste de Manaus, em terreno cedido pelo Ex\u00e9rcito. Participaram do encontro a diretora em exerc\u00edcio da Fiocruz Amaz\u00f4nia, Stefanie Lopes; o vice-diretor de Gest\u00e3o e Desenvolvimento Institucional do ILMD, Aldemir Maquin\u00e9; o chefe da Se\u00e7\u00e3o de Patrim\u00f4nio e Meio Ambiente do 2\u00ba GE, coronel Cl\u00e1udio Jos\u00e9 dos Santos Menezes e os capit\u00e3es do Ex\u00e9rcito Elomar da Costa Carvalheiro e Gilvan da Silva Medeiros, analistas patrimoniais do grupamento.<\/p>\n<p style=\"text-align: justify;\"><img decoding=\"async\" class=\"alignnone wp-image-40537\" src=\"https:\/\/amazonia.fiocruz.br\/wp-content\/uploads\/2023\/11\/IMG_5215-300x200.jpg\" alt=\"\" width=\"687\" height=\"458\" srcset=\"https:\/\/amazonia.fiocruz.br\/wp-content\/uploads\/2023\/11\/IMG_5215-300x200.jpg 300w, https:\/\/amazonia.fiocruz.br\/wp-content\/uploads\/2023\/11\/IMG_5215-1030x687.jpg 1030w, https:\/\/amazonia.fiocruz.br\/wp-content\/uploads\/2023\/11\/IMG_5215-768x512.jpg 768w, https:\/\/amazonia.fiocruz.br\/wp-content\/uploads\/2023\/11\/IMG_5215-1536x1024.jpg 1536w, https:\/\/amazonia.fiocruz.br\/wp-content\/uploads\/2023\/11\/IMG_5215-2048x1365.jpg 2048w, https:\/\/amazonia.fiocruz.br\/wp-content\/uploads\/2023\/11\/IMG_5215-1500x1000.jpg 1500w, https:\/\/amazonia.fiocruz.br\/wp-content\/uploads\/2023\/11\/IMG_5215-705x470.jpg 705w\" sizes=\"(max-width: 687px) 100vw, 687px\" \/><\/p>\n<p style=\"text-align: justify;\">O objetivo da reuni\u00e3o foi o de estabelecer um di\u00e1logo dentro do processo de execu\u00e7\u00e3o do projeto que permita o compartilhamento de conceitos e premissas estabelecidas para a constru\u00e7\u00e3o da nova sede, que ficar\u00e1 situada ao lado da sede do 1\u00ba Batalh\u00e3o de Infantaria de Selva (BIS), no S\u00e3o Jorge.\u00a0 Ana Beatriz Cuzzatti destaca a import\u00e2ncia do alinhamento de informa\u00e7\u00f5es no que se refere ao status do projeto e os conceitos utilizados para a sua elabora\u00e7\u00e3o, diferentes dos empreendimentos do Ex\u00e9rcito, dadas as caracter\u00edsticas e premissas para os ambientes de sa\u00fade caracter\u00edsticos de uma unidade regional da Fiocruz.<\/p>\n<p style=\"text-align: justify;\">\u201cNossa finalidade, com esse encontro, foi qualificar o di\u00e1logo a partir do que s\u00e3o essas premissas e promover um alinhamento de execu\u00e7\u00e3o, importante para retornar e alinhar os processos iniciais da execu\u00e7\u00e3o, sem necessariamente entrar em detalhes dos sistemas de engenharia, mas permitindo uma panor\u00e2mica para compreens\u00e3o do empreendimento\u201d, explicou Ana Beatriz. Segundo ela, a Fiocruz possui consolidado um padr\u00e3o de premissas adotadas em v\u00e1rios dos empreendimentos da Funda\u00e7\u00e3o que levam em conta flexibilidade, adaptabilidade, modula\u00e7\u00e3o, setoriza\u00e7\u00e3o, integra\u00e7\u00e3o, colabora\u00e7\u00e3o e compartilhamento, sustentabilidade e capacidade de manuten\u00e7\u00e3o.<\/p>\n<p style=\"text-align: justify;\"><img decoding=\"async\" class=\"alignnone wp-image-40538\" src=\"https:\/\/amazonia.fiocruz.br\/wp-content\/uploads\/2023\/11\/IMG_5210-300x200.jpg\" alt=\"\" width=\"650\" height=\"433\" srcset=\"https:\/\/amazonia.fiocruz.br\/wp-content\/uploads\/2023\/11\/IMG_5210-300x200.jpg 300w, https:\/\/amazonia.fiocruz.br\/wp-content\/uploads\/2023\/11\/IMG_5210-1030x687.jpg 1030w, https:\/\/amazonia.fiocruz.br\/wp-content\/uploads\/2023\/11\/IMG_5210-768x512.jpg 768w, https:\/\/amazonia.fiocruz.br\/wp-content\/uploads\/2023\/11\/IMG_5210-1536x1024.jpg 1536w, https:\/\/amazonia.fiocruz.br\/wp-content\/uploads\/2023\/11\/IMG_5210-2048x1365.jpg 2048w, https:\/\/amazonia.fiocruz.br\/wp-content\/uploads\/2023\/11\/IMG_5210-1500x1000.jpg 1500w, https:\/\/amazonia.fiocruz.br\/wp-content\/uploads\/2023\/11\/IMG_5210-705x470.jpg 705w\" sizes=\"(max-width: 650px) 100vw, 650px\" \/><\/p>\n<p style=\"text-align: justify;\">A diretora da Fiocruz Amaz\u00f4nia, Stefanie Lopes, destacou que, enquanto institui\u00e7\u00e3o de ensino e pesquisa em sa\u00fade, a Fiocruz Amaz\u00f4nia tem como uma das principais caracter\u00edsticas a circula\u00e7\u00e3o permanente de pessoas, entre servidores, bolsistas, alunos participantes de projetos de pesquisa e eventos realizados pelo instituto, e amostras biol\u00f3gicas, \u00a0\u201cda\u00ed a necessidade de alinhamento de informa\u00e7\u00f5es referentes ao empreendimento, bem como de todas as etapas que compreender\u00e3o o processo de constru\u00e7\u00e3o e as premissas de seguran\u00e7a para o ambiente\u201d, destacou.<\/p>\n<p style=\"text-align: justify;\">O pr\u00e9dio, de seis pavimentos, apresenta como premissas solu\u00e7\u00f5es flex\u00edveis, considerando mudan\u00e7as futuras; setoriza\u00e7\u00e3o; cria\u00e7\u00e3o de pavimentos t\u00e9cnicos nos edif\u00edcios de laborat\u00f3rios; ambientes com n\u00edvel de biosseguran\u00e7a 3; modelagem BIM e escalonamento para expans\u00e3o. Contar\u00e1 com setores de pesquisa, laborat\u00f3rios, apoio laboratorial, setor de gest\u00e3o, restaurante, ambulat\u00f3rio, salas de aula, biblioteca, \u00e1rea de estudo e galeria de ci\u00eancias, com setoriza\u00e7\u00e3o de fun\u00e7\u00f5es, com o objetivo de proporcionar maior efici\u00eancia energ\u00e9tica, espa\u00e7os colaborativos buscando integra\u00e7\u00e3o entre os trabalhadores, e ado\u00e7\u00e3o de medidas buscando a sustentabilidade ambiental, cria\u00e7\u00e3o de pavimentos t\u00e9cnicos nos edif\u00edcios de laborat\u00f3rios.<\/p>\n<p style=\"text-align: justify;\"><img decoding=\"async\" class=\"alignnone wp-image-40539\" src=\"https:\/\/amazonia.fiocruz.br\/wp-content\/uploads\/2023\/11\/IMG_5241-300x200.jpg\" alt=\"\" width=\"660\" height=\"440\" srcset=\"https:\/\/amazonia.fiocruz.br\/wp-content\/uploads\/2023\/11\/IMG_5241-300x200.jpg 300w, https:\/\/amazonia.fiocruz.br\/wp-content\/uploads\/2023\/11\/IMG_5241-1030x687.jpg 1030w, https:\/\/amazonia.fiocruz.br\/wp-content\/uploads\/2023\/11\/IMG_5241-768x512.jpg 768w, https:\/\/amazonia.fiocruz.br\/wp-content\/uploads\/2023\/11\/IMG_5241-1536x1024.jpg 1536w, https:\/\/amazonia.fiocruz.br\/wp-content\/uploads\/2023\/11\/IMG_5241-2048x1365.jpg 2048w, https:\/\/amazonia.fiocruz.br\/wp-content\/uploads\/2023\/11\/IMG_5241-1500x1000.jpg 1500w, https:\/\/amazonia.fiocruz.br\/wp-content\/uploads\/2023\/11\/IMG_5241-705x470.jpg 705w\" sizes=\"(max-width: 660px) 100vw, 660px\" \/><\/p>\n<p style=\"text-align: justify;\">O arquiteto Rodrigo Costa, que fez a apresenta\u00e7\u00e3o da planta arquitet\u00f4nica do pr\u00e9dio, explicou tamb\u00e9m que, do ponto de vista de Seguran\u00e7a biol\u00f3gica, a sede contar\u00e1 com regime de conten\u00e7\u00e3o, para evitar risco de contamina\u00e7\u00e3o saindo dos laborat\u00f3rios, seja no sistema de ar condicionados com dois filtros absolutos para captar microorganismos e damper de fechamento \u2013 tendo em vista que a principal via de contamina\u00e7\u00e3o \u00e9 a a\u00e9rea \u2013, controle de acesso, intertravamento de portas (quando houver manipula\u00e7\u00e3o de um elemento perigoso), tratamento de efluentes, entre outras medidas.<\/p>\n<p style=\"text-align: justify;\">Ap\u00f3s a reuni\u00e3o no 2\u00ba GE, os representantes da Cogic conheceram o terreno onde ser\u00e1 constru\u00edda a nova sede da Fiocruz Amaz\u00f4nia. No \u00faltimo dia 21\/09, o diretor executivo da Fiocruz, Julinao de Carvalho Lima, juntamente com a diretora em exerc\u00edcio da Fiocruz Amaz\u00f4nia, Stefanie Lopes, e comitiva, estiveram reunidos na sede do Comando do 2\u00ba GE para tratar sobre o projeto e o fortalecimento da parceria entre Ex\u00e9rcito e a Fiocruz Amaz\u00f4nia.<\/p>\n<p style=\"text-align: justify;\"><img decoding=\"async\" class=\"alignnone wp-image-40542\" src=\"https:\/\/amazonia.fiocruz.br\/wp-content\/uploads\/2023\/11\/IMG_5251-300x200.jpg\" alt=\"\" width=\"642\" height=\"428\" srcset=\"https:\/\/amazonia.fiocruz.br\/wp-content\/uploads\/2023\/11\/IMG_5251-300x200.jpg 300w, https:\/\/amazonia.fiocruz.br\/wp-content\/uploads\/2023\/11\/IMG_5251-1030x687.jpg 1030w, https:\/\/amazonia.fiocruz.br\/wp-content\/uploads\/2023\/11\/IMG_5251-768x512.jpg 768w, https:\/\/amazonia.fiocruz.br\/wp-content\/uploads\/2023\/11\/IMG_5251-1536x1024.jpg 1536w, https:\/\/amazonia.fiocruz.br\/wp-content\/uploads\/2023\/11\/IMG_5251-2048x1365.jpg 2048w, https:\/\/amazonia.fiocruz.br\/wp-content\/uploads\/2023\/11\/IMG_5251-1500x1000.jpg 1500w, https:\/\/amazonia.fiocruz.br\/wp-content\/uploads\/2023\/11\/IMG_5251-705x470.jpg 705w\" sizes=\"(max-width: 642px) 100vw, 642px\" \/><\/p>\n<p style=\"text-align: justify;\"><strong>SOBRE A COGIC<\/strong><\/p>\n<p style=\"text-align: justify;\">A Coordena\u00e7\u00e3o-Geral de Infraestrutura dos Campi (Cogic)\u00a0\u00e9 respons\u00e1vel pelo gerenciamento do espa\u00e7o f\u00edsico da Funda\u00e7\u00e3o Oswaldo Cruz (Fiocruz). S\u00e3o mais de 800 mil m<sup>2<\/sup>\u00a0de \u00e1rea, no bairro de Manguinhos, sub\u00farbio do Rio de Janeiro. A Cogic est\u00e1 presente em todas as atividades da institui\u00e7\u00e3o, prestando desde servi\u00e7os b\u00e1sicos, como jardinagem, limpeza, controle de pragas e vetores, at\u00e9 executando obras, manuten\u00e7\u00e3o de civil e equipamentos, e seguran\u00e7a. Cerca de dois mil e seiscentos profissionais especializados trabalham para oferecer as condi\u00e7\u00f5es necess\u00e1rias para o desenvolvimento das atividades. Al\u00e9m do campus de Manguinhos, a Cogic\u00a0atua em todos os campi da Funda\u00e7\u00e3o no Rio de Janeiro, em Bras\u00edlia, Mato Grosso do Sul e Cear\u00e1, Minas, Amazonas, Pernambuco, Bahia, Paran\u00e1 e Rond\u00f4nia, sendo \u00a0respons\u00e1vel pela \u00e1rea de projetos de engenharia e seguran\u00e7a eletr\u00f4nica.<\/p>\n<p><em>ILMD\/Fiocruz Amaz\u00f4nia, por J\u00falio Pedrosa<\/em><\/p>\n<p><em>Fotos: J\u00falio Pedrosa<\/em><\/p>\n<\/div><\/section>\n","protected":false},"excerpt":{"rendered":"<p>Objetivo da reuni\u00e3o foi o de estabelecer um di\u00e1logo dentro do processo de execu\u00e7\u00e3o do projeto que permita o compartilhamento de conceitos e premissas estabelecidas para a constru\u00e7\u00e3o da nova sede<\/p>\n","protected":false},"author":60,"featured_media":40543,"comment_status":"closed","ping_status":"closed","sticky":false,"template":"","format":"image","meta":{"footnotes":""},"categories":[15],"tags":[],"class_list":["post-40536","post","type-post","status-publish","format-image","has-post-thumbnail","hentry","category-noticias","post_format-post-format-image"],"_links":{"self":[{"href":"https:\/\/amazonia.fiocruz.br\/index.php?rest_route=\/wp\/v2\/posts\/40536","targetHints":{"allow":["GET"]}}],"collection":[{"href":"https:\/\/amazonia.fiocruz.br\/index.php?rest_route=\/wp\/v2\/posts"}],"about":[{"href":"https:\/\/amazonia.fiocruz.br\/index.php?rest_route=\/wp\/v2\/types\/post"}],"author":[{"embeddable":true,"href":"https:\/\/amazonia.fiocruz.br\/index.php?rest_route=\/wp\/v2\/users\/60"}],"replies":[{"embeddable":true,"href":"https:\/\/amazonia.fiocruz.br\/index.php?rest_route=%2Fwp%2Fv2%2Fcomments&post=40536"}],"version-history":[{"count":3,"href":"https:\/\/amazonia.fiocruz.br\/index.php?rest_route=\/wp\/v2\/posts\/40536\/revisions"}],"predecessor-version":[{"id":42639,"href":"https:\/\/amazonia.fiocruz.br\/index.php?rest_route=\/wp\/v2\/posts\/40536\/revisions\/42639"}],"wp:featuredmedia":[{"embeddable":true,"href":"https:\/\/amazonia.fiocruz.br\/index.php?rest_route=\/wp\/v2\/media\/40543"}],"wp:attachment":[{"href":"https:\/\/amazonia.fiocruz.br\/index.php?rest_route=%2Fwp%2Fv2%2Fmedia&parent=40536"}],"wp:term":[{"taxonomy":"category","embeddable":true,"href":"https:\/\/amazonia.fiocruz.br\/index.php?rest_route=%2Fwp%2Fv2%2Fcategories&post=40536"},{"taxonomy":"post_tag","embeddable":true,"href":"https:\/\/amazonia.fiocruz.br\/index.php?rest_route=%2Fwp%2Fv2%2Ftags&post=40536"}],"curies":[{"name":"wp","href":"https:\/\/api.w.org\/{rel}","templated":true}]}}