{"id":40340,"date":"2023-10-20T14:47:07","date_gmt":"2023-10-20T18:47:07","guid":{"rendered":"https:\/\/amazonia.fiocruz.br\/?p=40340"},"modified":"2023-10-20T14:47:08","modified_gmt":"2023-10-20T18:47:08","slug":"fiocruz-amazonia-participa-de-oficina-que-debate-cadeias-estrategicas-para-a-amazonia-legal","status":"publish","type":"post","link":"https:\/\/amazonia.fiocruz.br\/?p=40340","title":{"rendered":"Fiocruz Amaz\u00f4nia participa de oficina que debate cadeias estrat\u00e9gicas para a Amaz\u00f4nia Legal"},"content":{"rendered":"<section class=\"av_textblock_section \"  itemscope=\"itemscope\" itemtype=\"https:\/\/schema.org\/BlogPosting\" itemprop=\"blogPost\" ><div class='avia_textblock  '   itemprop=\"text\" ><p style=\"text-align: justify;\">A diretora em exerc\u00edcio do Instituto Le\u00f4nidas &amp; Maria Deane (ILMD\/ Fiocruz Amaz\u00f4nia), Stefanie Lopes, participou nesta quinta-feira, 19\/10, de uma oficina que aborda cadeias estrat\u00e9gicas para a Amaz\u00f4nia Legal, promovida pela Funda\u00e7\u00e3o de Amparo \u00e0 Pesquisa do Estado do Amazonas (Fapeam), a Secretaria de Estado de Desenvolvimento Econ\u00f4mico Ci\u00eancia, Tecnologia e Inova\u00e7\u00e3o (Sedecti) e o Centro de Gest\u00e3o e Estudos Estrat\u00e9gicos (CGEE).<\/p>\n<p><img decoding=\"async\" class=\"aligncenter size-full wp-image-40342\" src=\"https:\/\/amazonia.fiocruz.br\/wp-content\/uploads\/2023\/10\/99bfa729-f8db-4626-bfdd-893c8b9d4322.jpg\" alt=\"\" width=\"1600\" height=\"1066\" srcset=\"https:\/\/amazonia.fiocruz.br\/wp-content\/uploads\/2023\/10\/99bfa729-f8db-4626-bfdd-893c8b9d4322.jpg 1600w, https:\/\/amazonia.fiocruz.br\/wp-content\/uploads\/2023\/10\/99bfa729-f8db-4626-bfdd-893c8b9d4322-300x200.jpg 300w, https:\/\/amazonia.fiocruz.br\/wp-content\/uploads\/2023\/10\/99bfa729-f8db-4626-bfdd-893c8b9d4322-1030x686.jpg 1030w, https:\/\/amazonia.fiocruz.br\/wp-content\/uploads\/2023\/10\/99bfa729-f8db-4626-bfdd-893c8b9d4322-768x512.jpg 768w, https:\/\/amazonia.fiocruz.br\/wp-content\/uploads\/2023\/10\/99bfa729-f8db-4626-bfdd-893c8b9d4322-1536x1023.jpg 1536w, https:\/\/amazonia.fiocruz.br\/wp-content\/uploads\/2023\/10\/99bfa729-f8db-4626-bfdd-893c8b9d4322-1500x999.jpg 1500w, https:\/\/amazonia.fiocruz.br\/wp-content\/uploads\/2023\/10\/99bfa729-f8db-4626-bfdd-893c8b9d4322-705x470.jpg 705w\" sizes=\"(max-width: 1600px) 100vw, 1600px\" \/><\/p>\n<p style=\"text-align: justify;\">A Oficina visa apoiar o desenho, prepara\u00e7\u00e3o e gest\u00e3o de agendas estaduais e plataforma eletr\u00f4nica de projetos estrat\u00e9gicos em temas selecionados, capazes de gerar impactos robustos ao desenvolvimento econ\u00f4mico, social e ambiental da Amaz\u00f4nia. O debate pretende contribuir com a defini\u00e7\u00e3o e prioriza\u00e7\u00e3o de cadeias estrat\u00e9gicas, no \u00e2mbito da Iniciativa Amaz\u00f4nia +10.<\/p>\n<p><img decoding=\"async\" class=\"aligncenter size-full wp-image-40343\" src=\"https:\/\/amazonia.fiocruz.br\/wp-content\/uploads\/2023\/10\/764e3d1e-0ec2-4deb-a0e3-2b9df5493766.jpg\" alt=\"\" width=\"1280\" height=\"853\" srcset=\"https:\/\/amazonia.fiocruz.br\/wp-content\/uploads\/2023\/10\/764e3d1e-0ec2-4deb-a0e3-2b9df5493766.jpg 1280w, https:\/\/amazonia.fiocruz.br\/wp-content\/uploads\/2023\/10\/764e3d1e-0ec2-4deb-a0e3-2b9df5493766-300x200.jpg 300w, https:\/\/amazonia.fiocruz.br\/wp-content\/uploads\/2023\/10\/764e3d1e-0ec2-4deb-a0e3-2b9df5493766-1030x686.jpg 1030w, https:\/\/amazonia.fiocruz.br\/wp-content\/uploads\/2023\/10\/764e3d1e-0ec2-4deb-a0e3-2b9df5493766-768x512.jpg 768w, https:\/\/amazonia.fiocruz.br\/wp-content\/uploads\/2023\/10\/764e3d1e-0ec2-4deb-a0e3-2b9df5493766-705x470.jpg 705w\" sizes=\"(max-width: 1280px) 100vw, 1280px\" \/><\/p>\n<p style=\"text-align: justify;\">A diretora-presidente da Fapeam, M\u00e1rcia Perales Mendes Silva, ressaltou ser fundamental ouvir as demandas dos amaz\u00f4nidas em rela\u00e7\u00e3o \u00e0 \u00e1rea de Ci\u00eancia, Tecnologia e Inova\u00e7\u00e3o (CT&amp;I), para diagn\u00f3stico e cria\u00e7\u00e3o de uma plataforma, abastecida com um conjunto de informa\u00e7\u00f5es robustas, que v\u00e3o colaborar com o desenvolvimento sustent\u00e1vel do estado. \u201cAqui est\u00e3o reunidas em torno de 40 institui\u00e7\u00f5es que v\u00e3o colaborar para que possamos identificar as cadeias estrat\u00e9gicas priorit\u00e1rias para desenvolvimento sustent\u00e1vel e inclusivo da Amaz\u00f4nia Legal, por meio da \u00e1rea de CT&amp;I\u201d, acrescentou M\u00e1rcia Perales.<\/p>\n<p style=\"text-align: justify;\">A atividade contou com a participa\u00e7\u00e3o e colabora\u00e7\u00e3o de atores locais, de diversos setores e segmentos, que comp\u00f5em o ecossistema de ci\u00eancia, tecnologia e inova\u00e7\u00e3o do Amazonas para contribuir com a formula\u00e7\u00e3o de eixos tem\u00e1ticos que v\u00e3o nortear o Programa Iniciativa Amaz\u00f4nia +10.<\/p>\n<p><img decoding=\"async\" class=\"aligncenter size-full wp-image-40344\" src=\"https:\/\/amazonia.fiocruz.br\/wp-content\/uploads\/2023\/10\/54ac0480-290a-4044-b273-d609cef45c3a.jpg\" alt=\"\" width=\"1280\" height=\"853\" srcset=\"https:\/\/amazonia.fiocruz.br\/wp-content\/uploads\/2023\/10\/54ac0480-290a-4044-b273-d609cef45c3a.jpg 1280w, https:\/\/amazonia.fiocruz.br\/wp-content\/uploads\/2023\/10\/54ac0480-290a-4044-b273-d609cef45c3a-300x200.jpg 300w, https:\/\/amazonia.fiocruz.br\/wp-content\/uploads\/2023\/10\/54ac0480-290a-4044-b273-d609cef45c3a-1030x686.jpg 1030w, https:\/\/amazonia.fiocruz.br\/wp-content\/uploads\/2023\/10\/54ac0480-290a-4044-b273-d609cef45c3a-768x512.jpg 768w, https:\/\/amazonia.fiocruz.br\/wp-content\/uploads\/2023\/10\/54ac0480-290a-4044-b273-d609cef45c3a-705x470.jpg 705w\" sizes=\"(max-width: 1280px) 100vw, 1280px\" \/><\/p>\n<p style=\"text-align: justify;\">Para a diretora da Fiocruz Amaz\u00f4nia, Stefanie Lopes, participar da oficina foi de suma import\u00e2ncia para contribuir com a constru\u00e7\u00e3o e afunilamento para a decis\u00e3o dos eixos priorit\u00e1rios. \u201cEssa quest\u00e3o foi colocada nas discuss\u00f5es e foi bem aceita pelos participantes do grupo, pensando em diferentes \u00e1reas que devemos estimular, como a produ\u00e7\u00e3o de testes diagn\u00f3sticos, os fitoter\u00e1picos, a descoberta de novos insumos farmac\u00eauticos de microorganismos de plantas amaz\u00f4nicas e tamb\u00e9m a sa\u00fade no contexto global\u201d, pontuou Lopes.<\/p>\n<p style=\"text-align: justify;\">Essa Oficina j\u00e1 foi realizada em quatro estados da Amaz\u00f4nia Legal que fazem parte da Iniciativa Amaz\u00f4nia + 10, entre eles: Amazonas, Amap\u00e1, Mato Grosso e Roraima. O projeto ainda vai alcan\u00e7ar os estados do Tocantins, Acre, Par\u00e1, Rond\u00f4nia e Maranh\u00e3o.<\/p>\n<p><img decoding=\"async\" class=\"aligncenter size-full wp-image-40345\" src=\"https:\/\/amazonia.fiocruz.br\/wp-content\/uploads\/2023\/10\/5ac95030-cb94-4451-8251-a43f7f867e91.jpg\" alt=\"\" width=\"1280\" height=\"853\" srcset=\"https:\/\/amazonia.fiocruz.br\/wp-content\/uploads\/2023\/10\/5ac95030-cb94-4451-8251-a43f7f867e91.jpg 1280w, https:\/\/amazonia.fiocruz.br\/wp-content\/uploads\/2023\/10\/5ac95030-cb94-4451-8251-a43f7f867e91-300x200.jpg 300w, https:\/\/amazonia.fiocruz.br\/wp-content\/uploads\/2023\/10\/5ac95030-cb94-4451-8251-a43f7f867e91-1030x686.jpg 1030w, https:\/\/amazonia.fiocruz.br\/wp-content\/uploads\/2023\/10\/5ac95030-cb94-4451-8251-a43f7f867e91-768x512.jpg 768w, https:\/\/amazonia.fiocruz.br\/wp-content\/uploads\/2023\/10\/5ac95030-cb94-4451-8251-a43f7f867e91-705x470.jpg 705w\" sizes=\"(max-width: 1280px) 100vw, 1280px\" \/><\/p>\n<p style=\"text-align: justify;\"><strong>EXPEDI\u00c7\u00d5ES CIENT\u00cdFICAS<\/strong><\/p>\n<p style=\"text-align: justify;\">Na oportunidade M\u00e1rcia Perales falou das expectativas em torno do segundo edital do Programa Iniciativa Amaz\u00f4nia+10, que traz um tema novo: \u201cExpedi\u00e7\u00f5es Cient\u00edfica\u201d, que ser\u00e1 lan\u00e7ado em breve. Para ela, \u00e9 importante que os grupos de pesquisadores consigam trabalhar de forma colaborativa para que possam trazer novos conhecimentos sobre a Amaz\u00f4nia.<\/p>\n<p style=\"text-align: justify;\">\u201cSer\u00e3o expedi\u00e7\u00f5es que ter\u00e3o total apoio para que os produtos, insumos e novos conhecimentos possam ser trabalhados e, claro, seguindo a legisla\u00e7\u00e3o brasileira em rela\u00e7\u00e3o a isso. O Amazonas no primeiro edital apoia 16 projetos, um investimento de R$ 7 milh\u00f5es\u201d, comentou a diretora.<\/p>\n<p style=\"text-align: justify;\">Na ocasi\u00e3o, o diretor do CGEE, Ary Mergulh\u00e3o, disse que o apoio do estado para a ci\u00eancia, tecnologia e inova\u00e7\u00e3o, por meio da Fapeam e da Sedecti, foi fundamental para a organiza\u00e7\u00e3o dos atores locais e debates ocorridos. \u201cO sucesso de uma oficina como essa depende da representatividade que o pr\u00f3prio estado\u00a0 consegue colocar em um sala para discutir o futuro do Amazonas\u201d, destacou o diretor.<\/p>\n<p style=\"text-align: justify;\">O secret\u00e1rio executivo de Ci\u00eancia, Tecnologia e Inova\u00e7\u00e3o (Secti\/Sedecti), Jeibi Medeiros da Costa, destacou a import\u00e2ncia do evento para a constru\u00e7\u00e3o de um plano que auxilie na Iniciativa Amaz\u00f4nia +10. \u201cO estado, por meio da parceria entre Fapeam, Sedecti e CGEE, est\u00e1 inclu\u00eddo nesta tarefa de facilitar esse trabalho, para termos subs\u00eddios para poder promover trabalhos futuros, para o desenvolvimento do estado\u201d, acrescentou Jeibi.<\/p>\n<p><img decoding=\"async\" class=\"aligncenter size-full wp-image-40346\" src=\"https:\/\/amazonia.fiocruz.br\/wp-content\/uploads\/2023\/10\/71a46e21-67ba-4688-bf05-d984c047f2ed.jpg\" alt=\"\" width=\"1280\" height=\"853\" srcset=\"https:\/\/amazonia.fiocruz.br\/wp-content\/uploads\/2023\/10\/71a46e21-67ba-4688-bf05-d984c047f2ed.jpg 1280w, https:\/\/amazonia.fiocruz.br\/wp-content\/uploads\/2023\/10\/71a46e21-67ba-4688-bf05-d984c047f2ed-300x200.jpg 300w, https:\/\/amazonia.fiocruz.br\/wp-content\/uploads\/2023\/10\/71a46e21-67ba-4688-bf05-d984c047f2ed-1030x686.jpg 1030w, https:\/\/amazonia.fiocruz.br\/wp-content\/uploads\/2023\/10\/71a46e21-67ba-4688-bf05-d984c047f2ed-768x512.jpg 768w, https:\/\/amazonia.fiocruz.br\/wp-content\/uploads\/2023\/10\/71a46e21-67ba-4688-bf05-d984c047f2ed-705x470.jpg 705w\" sizes=\"(max-width: 1280px) 100vw, 1280px\" \/><\/p>\n<p style=\"text-align: justify;\"><strong>METODOLOGIA<\/strong><\/p>\n<p style=\"text-align: justify;\">A din\u00e2mica da oficina foi conduzida pela l\u00edder do projeto Subs\u00eddios da Iniciativa Amaz\u00f4nia \u00ad+ 10 do CGEE, Adriana Badar\u00f3, pela especialista em Inova\u00e7\u00e3o Denise Terr\u00e9r, e o consultor especialista em Desenvolvimento de Cadeias de Pesquisa e Produ\u00e7\u00e3o, Luis Henrique Lima, que apresentaram aos participantes a defini\u00e7\u00e3o de \u00e1rea de cada grupo, a defini\u00e7\u00e3o das cadeias de Produ\u00e7\u00e3o e Pesquisa (P&amp;P), apresenta\u00e7\u00e3o das narrativas e prioriza\u00e7\u00e3o das cadeias de P&amp;P.<\/p>\n<p style=\"text-align: justify;\">Durante o trabalho, as equipes foram divididas para debates, contribui\u00e7\u00f5es de ideias e discuss\u00f5es orientadas por perguntas rodadas.\u00a0 Cada equipe p\u00f4de definir mais de uma cadeia de Pesquisa e Produ\u00e7\u00e3o, e cada cadeia escolhida foi acompanhada de sua narrativa.<\/p>\n<p style=\"text-align: justify;\"><strong>AMAZ\u00d4NIA + 10<\/strong><\/p>\n<p style=\"text-align: justify;\">O Programa Amaz\u00f4nia + 10 \u00e9 uma iniciativa\u00a0 para o desenvolvimento de ci\u00eancia, tecnologia e inova\u00e7\u00e3o, realizado em parceria com as Funda\u00e7\u00f5es de Amparo \u00e0 Pesquisa dos Estados,\u00a0 por meio do Conselho Nacional da Funda\u00e7\u00f5es Estaduais de Amparo \u00e0 Pesquisa (Confap), Conselho Nacional de Secret\u00e1rios Estaduais para Assuntos de CT&amp;I (Consecti), e na sua nova edi\u00e7\u00e3o com o Minist\u00e9rio de Ci\u00eancia Tecnologia e Inova\u00e7\u00e3o (MCTI), por meio do Conselho Nacional de Desenvolvimento Cient\u00edfico e Tecnol\u00f3gico (CNPq) e CGEE.<\/p>\n<ul>\n<li>\n<h6><strong><em>Com informa\u00e7\u00f5es de Valdete Ara\u00fajo\/Decon Fapeam<\/em><\/strong><\/h6>\n<\/li>\n<\/ul>\n<h6 style=\"text-align: justify;\"><strong><em>Fotos: Nathalie Brasil\/ Decon Fapeam<\/em><\/strong><\/h6>\n<\/div><\/section>\n","protected":false},"excerpt":{"rendered":"<p>O debate pretende contribuir com a defini\u00e7\u00e3o e prioriza\u00e7\u00e3o de cadeias estrat\u00e9gicas, no \u00e2mbito da Iniciativa Amaz\u00f4nia +10.<\/p>\n","protected":false},"author":20,"featured_media":40341,"comment_status":"closed","ping_status":"closed","sticky":true,"template":"","format":"image","meta":{"footnotes":""},"categories":[15],"tags":[422,136,120,119,131],"class_list":["post-40340","post","type-post","status-publish","format-image","has-post-thumbnail","hentry","category-noticias","tag-fapeam","tag-fiocruz","tag-fiocruz-amazonia","tag-ilmd","tag-ilmdfiocruz-amazonia","post_format-post-format-image"],"_links":{"self":[{"href":"https:\/\/amazonia.fiocruz.br\/index.php?rest_route=\/wp\/v2\/posts\/40340","targetHints":{"allow":["GET"]}}],"collection":[{"href":"https:\/\/amazonia.fiocruz.br\/index.php?rest_route=\/wp\/v2\/posts"}],"about":[{"href":"https:\/\/amazonia.fiocruz.br\/index.php?rest_route=\/wp\/v2\/types\/post"}],"author":[{"embeddable":true,"href":"https:\/\/amazonia.fiocruz.br\/index.php?rest_route=\/wp\/v2\/users\/20"}],"replies":[{"embeddable":true,"href":"https:\/\/amazonia.fiocruz.br\/index.php?rest_route=%2Fwp%2Fv2%2Fcomments&post=40340"}],"version-history":[{"count":1,"href":"https:\/\/amazonia.fiocruz.br\/index.php?rest_route=\/wp\/v2\/posts\/40340\/revisions"}],"predecessor-version":[{"id":40347,"href":"https:\/\/amazonia.fiocruz.br\/index.php?rest_route=\/wp\/v2\/posts\/40340\/revisions\/40347"}],"wp:featuredmedia":[{"embeddable":true,"href":"https:\/\/amazonia.fiocruz.br\/index.php?rest_route=\/wp\/v2\/media\/40341"}],"wp:attachment":[{"href":"https:\/\/amazonia.fiocruz.br\/index.php?rest_route=%2Fwp%2Fv2%2Fmedia&parent=40340"}],"wp:term":[{"taxonomy":"category","embeddable":true,"href":"https:\/\/amazonia.fiocruz.br\/index.php?rest_route=%2Fwp%2Fv2%2Fcategories&post=40340"},{"taxonomy":"post_tag","embeddable":true,"href":"https:\/\/amazonia.fiocruz.br\/index.php?rest_route=%2Fwp%2Fv2%2Ftags&post=40340"}],"curies":[{"name":"wp","href":"https:\/\/api.w.org\/{rel}","templated":true}]}}