{"id":40191,"date":"2023-10-17T16:14:46","date_gmt":"2023-10-17T20:14:46","guid":{"rendered":"https:\/\/amazonia.fiocruz.br\/?p=40191"},"modified":"2023-10-17T16:14:47","modified_gmt":"2023-10-17T20:14:47","slug":"inscricoes-abertas-para-o-cargo-de-diretora-da-fiocruz-amazonia-bienio-2023-2025","status":"publish","type":"post","link":"https:\/\/amazonia.fiocruz.br\/?p=40191","title":{"rendered":"Inscri\u00e7\u00f5es abertas para o cargo de diretor(a) da Fiocruz Amaz\u00f4nia \u2013 Bi\u00eanio 2023\/2025"},"content":{"rendered":"<section class=\"av_textblock_section \"  itemscope=\"itemscope\" itemtype=\"https:\/\/schema.org\/BlogPosting\" itemprop=\"blogPost\" ><div class='avia_textblock  '   itemprop=\"text\" ><p style=\"text-align: justify;\">A Comiss\u00e3o Eleitoral, institu\u00edda para organizar e coordenar os trabalhos relativos \u00e0 elei\u00e7\u00e3o para o Cargo de Diretor para o bi\u00eanio 2023-2025, divulga per\u00edodo para inscri\u00e7\u00e3o dos candidatos ao cargo de diretor(a), do Instituto Le\u00f4nidas &amp; Maria Deane (ILMD\/ Fiocruz Amaz\u00f4nia).<\/p>\n<p style=\"text-align: justify;\">O per\u00edodo de inscri\u00e7\u00e3o dos candidatos inicia nesta ter\u00e7a-feira, 17\/10, obedecendo ao Calend\u00e1rio Eleitoral (ANEXO I), aprovado pelo Conselho Deliberativo do ILMD\/Fiocruz Amaz\u00f4nia. As inscri\u00e7\u00f5es devem ser realizadas atrav\u00e9s de formul\u00e1rio a ser disponibilizado pela Comiss\u00e3o Eleitoral, no per\u00edodo previsto neste Regulamento. O per\u00edodo de inscri\u00e7\u00e3o se estende at\u00e9 o dia 25 de outubro de 2023.<\/p>\n<p style=\"text-align: justify;\">Confira os documentos do processo eleitoral:<\/p>\n<p style=\"text-align: justify;\"><a href=\"https:\/\/amazonia.fiocruz.br\/wp-content\/uploads\/2023\/10\/Regulamento-Eleitoral-para-Diretor-2023-2025-APROVADO-CD-05-10-2023-1.pdf\" target=\"_blank\" rel=\"noreferrer noopener\">Regulamento Eleitoral<\/a><\/p>\n<p style=\"text-align: justify;\"><a href=\"https:\/\/amazonia.fiocruz.br\/wp-content\/uploads\/2023\/10\/ELEICAO-PARA-DIRETOR.pdf\" target=\"_blank\" rel=\"noreferrer noopener\">Ficha de Inscri\u00e7\u00e3o do Candidato(a)<\/a><\/p>\n<p style=\"text-align: justify;\"><a href=\"https:\/\/amazonia.fiocruz.br\/wp-content\/uploads\/2023\/10\/Resolucao-no-003-2023-Institui-Comissao-Eleitoral-Diretor-ILMD-bienio-2023-2025.pdf\" target=\"_blank\" rel=\"noreferrer noopener\">Resolu\u00e7\u00e3o N. 003\/2023<\/a>\u00a0\u25ba Designa Comiss\u00e3o respons\u00e1vel pela condu\u00e7\u00e3o do processo eleitoral<\/p>\n<p style=\"text-align: justify;\"><a href=\"https:\/\/amazonia.fiocruz.br\/wp-content\/uploads\/2023\/10\/Resolucao-no-004-2023-Designa-Grupo-Tecnico-em-TI-para-Assessoramento-a-Comissao-Eleitoral-Eleicao-Diretor-ILMD-bienio-2023-2025.pdf\" target=\"_blank\" rel=\"noreferrer noopener\">Resolu\u00e7\u00e3o N. 004\/2023<\/a>\u00a0\u25ba Designa Grupo T\u00e9cnico em TI para assessoramento da Comiss\u00e3o Eleitoral<\/p>\n<p style=\"text-align: justify;\"><strong><em>Ascom-ILMD\/Fiocruz Amaz\u00f4nia\u00a0<\/em><\/strong><\/p>\n<\/div><\/section>\n","protected":false},"excerpt":{"rendered":"<p>O per\u00edodo de inscri\u00e7\u00e3o dos candidatos inicia nesta ter\u00e7a-feira, 17\/10.<\/p>\n","protected":false},"author":20,"featured_media":40193,"comment_status":"closed","ping_status":"closed","sticky":true,"template":"","format":"image","meta":{"footnotes":""},"categories":[15],"tags":[136,120,119,131],"class_list":["post-40191","post","type-post","status-publish","format-image","has-post-thumbnail","hentry","category-noticias","tag-fiocruz","tag-fiocruz-amazonia","tag-ilmd","tag-ilmdfiocruz-amazonia","post_format-post-format-image"],"_links":{"self":[{"href":"https:\/\/amazonia.fiocruz.br\/index.php?rest_route=\/wp\/v2\/posts\/40191","targetHints":{"allow":["GET"]}}],"collection":[{"href":"https:\/\/amazonia.fiocruz.br\/index.php?rest_route=\/wp\/v2\/posts"}],"about":[{"href":"https:\/\/amazonia.fiocruz.br\/index.php?rest_route=\/wp\/v2\/types\/post"}],"author":[{"embeddable":true,"href":"https:\/\/amazonia.fiocruz.br\/index.php?rest_route=\/wp\/v2\/users\/20"}],"replies":[{"embeddable":true,"href":"https:\/\/amazonia.fiocruz.br\/index.php?rest_route=%2Fwp%2Fv2%2Fcomments&post=40191"}],"version-history":[{"count":1,"href":"https:\/\/amazonia.fiocruz.br\/index.php?rest_route=\/wp\/v2\/posts\/40191\/revisions"}],"predecessor-version":[{"id":40194,"href":"https:\/\/amazonia.fiocruz.br\/index.php?rest_route=\/wp\/v2\/posts\/40191\/revisions\/40194"}],"wp:featuredmedia":[{"embeddable":true,"href":"https:\/\/amazonia.fiocruz.br\/index.php?rest_route=\/wp\/v2\/media\/40193"}],"wp:attachment":[{"href":"https:\/\/amazonia.fiocruz.br\/index.php?rest_route=%2Fwp%2Fv2%2Fmedia&parent=40191"}],"wp:term":[{"taxonomy":"category","embeddable":true,"href":"https:\/\/amazonia.fiocruz.br\/index.php?rest_route=%2Fwp%2Fv2%2Fcategories&post=40191"},{"taxonomy":"post_tag","embeddable":true,"href":"https:\/\/amazonia.fiocruz.br\/index.php?rest_route=%2Fwp%2Fv2%2Ftags&post=40191"}],"curies":[{"name":"wp","href":"https:\/\/api.w.org\/{rel}","templated":true}]}}