{"id":39984,"date":"2023-09-29T15:36:44","date_gmt":"2023-09-29T19:36:44","guid":{"rendered":"https:\/\/amazonia.fiocruz.br\/?p=39984"},"modified":"2023-09-29T16:02:58","modified_gmt":"2023-09-29T20:02:58","slug":"fiocruz-amazonia-abre-inscricoes-para-processo-seletivo-do-curso-de-mestrado-academico-em-condicoes-de-vida-e-situacoes-de-saude-na-amazonia","status":"publish","type":"post","link":"https:\/\/amazonia.fiocruz.br\/?p=39984","title":{"rendered":"Fiocruz Amaz\u00f4nia abre inscri\u00e7\u00f5es para processo seletivo do Curso de Mestrado Acad\u00eamico em Condi\u00e7\u00f5es de Vida e Situa\u00e7\u00f5es de Sa\u00fade na Amaz\u00f4nia"},"content":{"rendered":"<section class=\"av_textblock_section \"  itemscope=\"itemscope\" itemtype=\"https:\/\/schema.org\/BlogPosting\" itemprop=\"blogPost\" ><div class='avia_textblock  '   itemprop=\"text\" ><p style=\"text-align: justify;\">O Instituto Le\u00f4nidas &amp; Maria Deane \u2013 ILMD\/Fiocruz Amaz\u00f4nia, divulgou nesta sexta-feira, 29\/9, a Chamada P\u00fablica n\u00ba 009\/2023, que estabelece as normas \u00a0para o processo seletivo do Curso de Mestrado Acad\u00eamico, do Programa de P\u00f3s -Gradua\u00e7\u00e3o Stricto Sensu em Condi\u00e7\u00f5es de Vida e Situa\u00e7\u00f5es de Sa\u00fade na Amaz\u00f4nia \u2013 PPGVIDA \u2013 Turma 2024. As inscri\u00e7\u00f5es iniciam no dia 2\/10 e se estendem at\u00e9 o dia 20\/10.<\/p>\n<p style=\"text-align: justify;\">Poder\u00e3o participar do processo de sele\u00e7\u00e3o, candidatos que at\u00e9 a data da matr\u00edcula, possu\u00edrem diploma de gradua\u00e7\u00e3o de dura\u00e7\u00e3o plena em qualquer \u00e1rea do conhecimento, devidamente reconhecido pelo MEC. O curso, ocorrer\u00e1 de forma presencial, e ter\u00e1 sede em Manaus \u2013 AM, sendo ministrado em regime integral, com dura\u00e7\u00e3o m\u00ednima de 12 (doze) meses e m\u00e1xima de 24 (vinte e quatro) meses, incluindo a realiza\u00e7\u00e3o da defesa de disserta\u00e7\u00e3o.<\/p>\n<p style=\"text-align: justify;\"><a href=\"https:\/\/amazonia.fiocruz.br\/?page_id=39959\" target=\"_blank\" rel=\"noopener\">Confira AQUI a Chamada P\u00fablica<\/a>.<\/p>\n<p style=\"text-align: justify;\">O Programa de P\u00f3s-Gradua\u00e7\u00e3o em Condi\u00e7\u00f5es de Vida e Situa\u00e7\u00f5es de Sa\u00fade na Amaz\u00f4nia &#8211; PPGVIDA possui uma \u00fanica \u00e1rea de concentra\u00e7\u00e3o: \u201cDeterminantes Socioculturais, Ambientais e Biol\u00f3gicos do Processo Sa\u00fade-Doen\u00e7a-Cuidado na Amaz\u00f4nia\u201d e, esta \u00e1rea, possui duas linhas de Pesquisas. Para esta Chamada P\u00fablica, est\u00e3o sendo oferecidas 19 (dezenove) vagas para ingresso no ano de 2024.<\/p>\n<p style=\"text-align: justify;\">A admiss\u00e3o ao curso de Mestrado ser\u00e1 feita atrav\u00e9s de Processo Seletivo composto das seguintes etapas: 1\u00aa Etapa: Homologa\u00e7\u00e3o das inscri\u00e7\u00f5es; 2\u00aa Etapa: Avalia\u00e7\u00e3o de conhecimentos em Sa\u00fade Coletiva \u2013 Prova de m\u00faltipla escolha (prova presencial); 3\u00aa Etapa: Avalia\u00e7\u00e3o do Curr\u00edculo Lattes documentado; 4\u00aa Etapa: Prova Oral \u2013 Conhecimento Espec\u00edfico e Carta de Apresenta\u00e7\u00e3o (prova de forma remota). Todas as etapas do processo seletivo s\u00e3o eliminat\u00f3rias.<\/p>\n<p style=\"text-align: justify;\">A lista final dos candidatos com matr\u00edcula confirmada ser\u00e1 divulgada no endere\u00e7o acesso.fiocruz.br &gt; Servi\u00e7os Fiocruz &gt; Ensino &gt; Minhas Inscri\u00e7\u00f5es &gt; Editais e Documentos, no dia 29\/02\/2024.<\/p>\n<p style=\"text-align: justify;\"><strong>SOBRE PPGVIDA<\/strong><\/p>\n<p style=\"text-align: justify;\">O Programa de P\u00f3s-Gradua\u00e7\u00e3o Stricto Sensu em Condi\u00e7\u00f5es de Vida e Situa\u00e7\u00f5es de Sa\u00fade na Amaz\u00f4nia (PPGVIDA) tem como objetivo capacitar profissionais para desenvolver modelos anal\u00edticos capazes de subsidiar pesquisas em sa\u00fade, apoiar o planejamento, execu\u00e7\u00e3o e gerenciamento de servi\u00e7os e a\u00e7\u00f5es de controle e o monitoramento de doen\u00e7as e agravos de interesse coletivo e do Sistema \u00danico de Sa\u00fade na Amaz\u00f4nia.<\/p>\n<p style=\"text-align: justify;\">O programa tamb\u00e9m visa planejar, propor e utilizar m\u00e9todos e t\u00e9cnicas para executar investiga\u00e7\u00f5es na \u00e1rea de sa\u00fade, mediante o uso integrado de conceitos e recursos te\u00f3rico-metodol\u00f3gicos advindos da sa\u00fade coletiva, biologia parasit\u00e1ria, epidemiologia, ci\u00eancias sociais e humanas aplicadas \u00e0 sa\u00fade, comunica\u00e7\u00e3o e informa\u00e7\u00e3o em sa\u00fade e de outras \u00e1reas de interesse acad\u00eamico, na constru\u00e7\u00e3o de desenhos complexos de pesquisa sobre a realidade amaz\u00f4nica.<\/p>\n<h6 style=\"text-align: justify;\"><strong><em>ILMD \/ Fiocruz Amaz\u00f4nia, por Eduardo Gomes.<\/em><\/strong><\/h6>\n<h6 style=\"text-align: justify;\"><strong><em>Imagem: Mackesy Nascimento.<\/em><\/strong><\/h6>\n<\/div><\/section>\n","protected":false},"excerpt":{"rendered":"<p>Para esta Chamada P\u00fablica, est\u00e3o sendo oferecidas 19 vagas para ingresso no ano de 2024<\/p>\n","protected":false},"author":20,"featured_media":39985,"comment_status":"closed","ping_status":"closed","sticky":true,"template":"","format":"image","meta":{"footnotes":""},"categories":[15],"tags":[136,120,119,131,205,143,427],"class_list":["post-39984","post","type-post","status-publish","format-image","has-post-thumbnail","hentry","category-noticias","tag-fiocruz","tag-fiocruz-amazonia","tag-ilmd","tag-ilmdfiocruz-amazonia","tag-mestrado","tag-ppgvida","tag-processo-seletivo","post_format-post-format-image"],"_links":{"self":[{"href":"https:\/\/amazonia.fiocruz.br\/index.php?rest_route=\/wp\/v2\/posts\/39984","targetHints":{"allow":["GET"]}}],"collection":[{"href":"https:\/\/amazonia.fiocruz.br\/index.php?rest_route=\/wp\/v2\/posts"}],"about":[{"href":"https:\/\/amazonia.fiocruz.br\/index.php?rest_route=\/wp\/v2\/types\/post"}],"author":[{"embeddable":true,"href":"https:\/\/amazonia.fiocruz.br\/index.php?rest_route=\/wp\/v2\/users\/20"}],"replies":[{"embeddable":true,"href":"https:\/\/amazonia.fiocruz.br\/index.php?rest_route=%2Fwp%2Fv2%2Fcomments&post=39984"}],"version-history":[{"count":2,"href":"https:\/\/amazonia.fiocruz.br\/index.php?rest_route=\/wp\/v2\/posts\/39984\/revisions"}],"predecessor-version":[{"id":39987,"href":"https:\/\/amazonia.fiocruz.br\/index.php?rest_route=\/wp\/v2\/posts\/39984\/revisions\/39987"}],"wp:featuredmedia":[{"embeddable":true,"href":"https:\/\/amazonia.fiocruz.br\/index.php?rest_route=\/wp\/v2\/media\/39985"}],"wp:attachment":[{"href":"https:\/\/amazonia.fiocruz.br\/index.php?rest_route=%2Fwp%2Fv2%2Fmedia&parent=39984"}],"wp:term":[{"taxonomy":"category","embeddable":true,"href":"https:\/\/amazonia.fiocruz.br\/index.php?rest_route=%2Fwp%2Fv2%2Fcategories&post=39984"},{"taxonomy":"post_tag","embeddable":true,"href":"https:\/\/amazonia.fiocruz.br\/index.php?rest_route=%2Fwp%2Fv2%2Ftags&post=39984"}],"curies":[{"name":"wp","href":"https:\/\/api.w.org\/{rel}","templated":true}]}}