{"id":39912,"date":"2023-09-25T20:34:58","date_gmt":"2023-09-26T00:34:58","guid":{"rendered":"https:\/\/amazonia.fiocruz.br\/?p=39912"},"modified":"2023-09-25T20:34:59","modified_gmt":"2023-09-26T00:34:59","slug":"estudo-aponta-aumento-das-taxas-de-suicidio-entre-jovens-indigenas-da-regioes-norte-e-centro-oeste","status":"publish","type":"post","link":"https:\/\/amazonia.fiocruz.br\/?p=39912","title":{"rendered":"<strong>Estudo aponta aumento das taxas de suic\u00eddio entre jovens ind\u00edgenas da regi\u00f5es Norte e Centro-Oeste<\/strong>"},"content":{"rendered":"<section class=\"av_textblock_section \"  itemscope=\"itemscope\" itemtype=\"https:\/\/schema.org\/BlogPosting\" itemprop=\"blogPost\" ><div class='avia_textblock  '   itemprop=\"text\" ><p><img decoding=\"async\" class=\"wp-image-32424 aligncenter\" src=\"https:\/\/amazonia.fiocruz.br\/wp-content\/uploads\/2020\/09\/mulher-indigena-cocar-750x410-300x164.jpg\" alt=\"\" width=\"827\" height=\"452\" srcset=\"https:\/\/amazonia.fiocruz.br\/wp-content\/uploads\/2020\/09\/mulher-indigena-cocar-750x410-300x164.jpg 300w, https:\/\/amazonia.fiocruz.br\/wp-content\/uploads\/2020\/09\/mulher-indigena-cocar-750x410-705x385.jpg 705w, https:\/\/amazonia.fiocruz.br\/wp-content\/uploads\/2020\/09\/mulher-indigena-cocar-750x410-450x246.jpg 450w, https:\/\/amazonia.fiocruz.br\/wp-content\/uploads\/2020\/09\/mulher-indigena-cocar-750x410.jpg 750w\" sizes=\"(max-width: 827px) 100vw, 827px\" \/><\/p>\n<p style=\"text-align: justify;\">Pesquisadores da Fiocruz e da Universidade de Harvard realizam o primeiro estudo nacional que avalia o suic\u00eddio entre ind\u00edgenas e n\u00e3o ind\u00edgenas no Brasil. O estudo avaliou taxas de suic\u00eddio durante o per\u00edodo de 2000 a 2020 e mostrou um risco desproporcionalmente maior em ind\u00edgenas, principalmente naqueles de 10-24 anos. As regi\u00f5es Norte e Centro-oeste foram as que apresentaram maior risco de suic\u00eddio, principalmente estados como Amazonas e Mato Grosso do Sul.<\/p>\n<p style=\"text-align: justify;\">O estudo acaba de ser publicado na \u201cThe Lancet Regional Health &#8211; Americas\u201d e aborda nuances sobre este grave e negligenciado problema de sa\u00fade p\u00fablica em pleno setembro amarelo, m\u00eas dedicado \u00e0 preven\u00e7\u00e3o do suic\u00eddio no Brasil, conforme destaca um dos coautores do estudo, o epidemiologista Jesem Orellana,\u00a0 chefe do Laborat\u00f3rio de Modelagem em Estat\u00edstica, Geoprocessamento e Epidemiologia (LEGEPI), do Instituto Le\u00f4nidas &amp; Maria Deane (ILMD\/Fiocruz Amaz\u00f4nia).<\/p>\n<p style=\"text-align: justify;\">As an\u00e1lises foram efetuadas a partir do banco de dados oficial de mortalidade do Minist\u00e9rio da Sa\u00fade do Brasil e teve como objetivo estimar taxas de suic\u00eddio e suas tend\u00eancias entre ind\u00edgenas n\u00e3o ind\u00edgenas no Brasil. No artigo intitulado \u201cSuicide among Indigenous peoples in Brazil from 2000 to 2020: a descriptive study\u201d (Suic\u00eddio entre povos ind\u00edgenas no Brasil de 2000 a 2020: um estudo descritivo &#8211;\u00a0<a href=\"https:\/\/www.thelancet.com\/journals\/lanam\/article\/PIIS2667-193X(23)00165-5\/fulltext\" target=\"_blank\" rel=\"noreferrer noopener\">https:\/\/www.thelancet.com\/journals\/lanam\/article\/PIIS2667-193X(23)00165-5\/fulltext<\/a>), os pesquisadores oferecem ao leitor a mais longa e abrangente an\u00e1lise sobre o comportamento das taxas de suic\u00eddio entre ind\u00edgenas no Brasil.<\/p>\n<p style=\"text-align: justify;\">&#8220;De forma geral, as taxas de suic\u00eddio em ind\u00edgenas foram maiores em homens e indiv\u00edduos de 10-24 anos. Em homens de regi\u00f5es como a Centro-oeste e Norte, essas taxas chegaram a alcan\u00e7ar 73,75 e 52,05 por 100 mil habitantes, em 2018 e 2017, respectivamente. Em indiv\u00edduos de 10-24 anos da regi\u00e3o Norte, o grupo et\u00e1rio de maior risco para o suic\u00eddio ind\u00edgena, essas taxas aumentaram substancialmente de 2013 em diante, contrariando o padr\u00e3o de queda observado na regi\u00e3o Centro-oeste. Este \u00e9 um diferencial importante, em compara\u00e7\u00e3o ao grupo de maior risco na popula\u00e7\u00e3o geral do Brasil, pois o grupo et\u00e1rio de indiv\u00edduos com 60 anos e mais, historicamente, \u00e9 o que apresenta maior risco de suic\u00eddio&#8221;, explica Orellana.<\/p>\n<p style=\"text-align: justify;\">O estudo tamb\u00e9m mostrou que, em n\u00edvel nacional, tanto as taxas de suic\u00eddio da popula\u00e7\u00e3o ind\u00edgena brasileira quanto as taxas da popula\u00e7\u00e3o n\u00e3o ind\u00edgena apresentaram tend\u00eancia de aumento de 2000 a 2020. &#8220;No entanto, esse padr\u00e3o n\u00e3o pode ser generalizado, especialmente entre os ind\u00edgenas, pois estados como o do Amazonas na regi\u00e3o Norte e Mato Grosso do Sul na regi\u00e3o Centro-oeste, parecem ser os respons\u00e1veis pelas substanciais diferen\u00e7as que se observa ao se comparar dados nacionais entre ind\u00edgenas e n\u00e3o-ind\u00edgenas&#8221;, observa.<\/p>\n<p style=\"text-align: justify;\">O pesquisador salienta que os resultados do estudo refor\u00e7am a extrema vulnerabilidade de ind\u00edgenas ao suic\u00eddio no Brasil, sobretudo homens, na faixa et\u00e1ria de 10-24 anos e residentes nos estados do Amazonas e Mato Grosso do Sul, apontando para a necessidade de prioriza\u00e7\u00e3o na aloca\u00e7\u00e3o de recursos financeiros e no planejamento de estrat\u00e9gias que visem reduzir os fatores de risco associados ao suic\u00eddio, especialmente a desigualdade social e o limitado acesso a cuidados de sa\u00fade mental.<\/p>\n<p style=\"text-align: justify;\">&#8220;Precisamos encarar o suic\u00eddio ind\u00edgena como um grave e invisibilizado problema de sa\u00fade p\u00fablica, o qual pode ser influenciado por uma gama de peculiaridades contextuais e culturais, como conflitos territoriais, crises sanit\u00e1rias, racismo estrutural, bem como quest\u00f5es de ordem econ\u00f4mica, pol\u00edtica e psicol\u00f3gica&#8221;, finalizou.<\/p>\n<\/div><\/section>\n","protected":false},"excerpt":{"rendered":"<p>Pesquisadores da Fiocruz e da Universidade de Harvard analisaram dados de mortalidade do Minist\u00e9rio da Sa\u00fade entre 2000 e 2020<\/p>\n","protected":false},"author":60,"featured_media":32424,"comment_status":"closed","ping_status":"closed","sticky":true,"template":"","format":"standard","meta":{"footnotes":""},"categories":[15],"tags":[],"class_list":["post-39912","post","type-post","status-publish","format-standard","has-post-thumbnail","hentry","category-noticias"],"_links":{"self":[{"href":"https:\/\/amazonia.fiocruz.br\/index.php?rest_route=\/wp\/v2\/posts\/39912","targetHints":{"allow":["GET"]}}],"collection":[{"href":"https:\/\/amazonia.fiocruz.br\/index.php?rest_route=\/wp\/v2\/posts"}],"about":[{"href":"https:\/\/amazonia.fiocruz.br\/index.php?rest_route=\/wp\/v2\/types\/post"}],"author":[{"embeddable":true,"href":"https:\/\/amazonia.fiocruz.br\/index.php?rest_route=\/wp\/v2\/users\/60"}],"replies":[{"embeddable":true,"href":"https:\/\/amazonia.fiocruz.br\/index.php?rest_route=%2Fwp%2Fv2%2Fcomments&post=39912"}],"version-history":[{"count":2,"href":"https:\/\/amazonia.fiocruz.br\/index.php?rest_route=\/wp\/v2\/posts\/39912\/revisions"}],"predecessor-version":[{"id":39914,"href":"https:\/\/amazonia.fiocruz.br\/index.php?rest_route=\/wp\/v2\/posts\/39912\/revisions\/39914"}],"wp:featuredmedia":[{"embeddable":true,"href":"https:\/\/amazonia.fiocruz.br\/index.php?rest_route=\/wp\/v2\/media\/32424"}],"wp:attachment":[{"href":"https:\/\/amazonia.fiocruz.br\/index.php?rest_route=%2Fwp%2Fv2%2Fmedia&parent=39912"}],"wp:term":[{"taxonomy":"category","embeddable":true,"href":"https:\/\/amazonia.fiocruz.br\/index.php?rest_route=%2Fwp%2Fv2%2Fcategories&post=39912"},{"taxonomy":"post_tag","embeddable":true,"href":"https:\/\/amazonia.fiocruz.br\/index.php?rest_route=%2Fwp%2Fv2%2Ftags&post=39912"}],"curies":[{"name":"wp","href":"https:\/\/api.w.org\/{rel}","templated":true}]}}