{"id":39868,"date":"2023-09-22T08:21:11","date_gmt":"2023-09-22T12:21:11","guid":{"rendered":"https:\/\/amazonia.fiocruz.br\/?p=39868"},"modified":"2023-09-22T08:57:13","modified_gmt":"2023-09-22T12:57:13","slug":"fiocruz-realiza-2o-seminario-internacional-do-programa-vigifronteiras-brasil-e-aborda-estrategias-de-vigilancia-em-saude-nas-regioes-de-fronteira","status":"publish","type":"post","link":"https:\/\/amazonia.fiocruz.br\/?p=39868","title":{"rendered":"Fiocruz realiza 2\u00ba Semin\u00e1rio Internacional do Programa VigiFronteiras-Brasil e aborda estrat\u00e9gias de Vigil\u00e2ncia em Sa\u00fade nas regi\u00f5es de fronteira"},"content":{"rendered":"<section class=\"av_textblock_section \"  itemscope=\"itemscope\" itemtype=\"https:\/\/schema.org\/BlogPosting\" itemprop=\"blogPost\" ><div class='avia_textblock  '   itemprop=\"text\" ><p><img decoding=\"async\" class=\"alignnone wp-image-39870\" src=\"https:\/\/amazonia.fiocruz.br\/wp-content\/uploads\/2023\/09\/topo-vigifronteiras-300x169.png\" alt=\"\" width=\"731\" height=\"412\" srcset=\"https:\/\/amazonia.fiocruz.br\/wp-content\/uploads\/2023\/09\/topo-vigifronteiras-300x169.png 300w, https:\/\/amazonia.fiocruz.br\/wp-content\/uploads\/2023\/09\/topo-vigifronteiras-1030x579.png 1030w, https:\/\/amazonia.fiocruz.br\/wp-content\/uploads\/2023\/09\/topo-vigifronteiras-768x432.png 768w, https:\/\/amazonia.fiocruz.br\/wp-content\/uploads\/2023\/09\/topo-vigifronteiras-1536x864.png 1536w, https:\/\/amazonia.fiocruz.br\/wp-content\/uploads\/2023\/09\/topo-vigifronteiras-1500x844.png 1500w, https:\/\/amazonia.fiocruz.br\/wp-content\/uploads\/2023\/09\/topo-vigifronteiras-705x397.png 705w, https:\/\/amazonia.fiocruz.br\/wp-content\/uploads\/2023\/09\/topo-vigifronteiras.png 1920w\" sizes=\"(max-width: 731px) 100vw, 731px\" \/><\/p>\n<p style=\"text-align: justify;\">O Programa Educacional em Vigil\u00e2ncia em Sa\u00fade nas Fronteiras (VigiFronteiras-Brasil) da Funda\u00e7\u00e3o Oswaldo Cruz promove, no dia 25 de setembro (segunda-feira), \u00e0s 10h (hor\u00e1rio de Bras\u00edlia), na sede do Instituto Le\u00f4nidas &#038; Maria Deane (ILMD\/Fiocruz Amaz\u00f4nia), em Manaus, seu 2\u00b0 Semin\u00e1rio Internacional. O evento contar\u00e1 com a participa\u00e7\u00e3o de renomados pesquisadores da \u00e1rea de vigil\u00e2ncia em sa\u00fade e ser\u00e1 transmitido ao vivo pelo <a href=\"https:\/\/youtube.com\/live\/vTWVXd1eiZs?feature=share\">Canal da VideoSa\u00fade Distribuidora da Fiocruz no YouTube<\/a> com tradu\u00e7\u00e3o para o espanhol, ingl\u00eas e Libras. O tema do encontro \u00e9 &#8220;Estrat\u00e9gias de vigil\u00e2ncia em sa\u00fade nas regi\u00f5es de fronteira&#8221;.<\/p>\n<p style=\"text-align: justify;\">Entre os palestrantes est\u00e3o o pesquisador do <em>Institute of Research for Development<\/em> (IRD &#8211; UnB &#8211; Fiocruz), da Fran\u00e7a, Emmanuel Roux, que ministra palestra sobre o &#8220;S\u00edtio sentinela transfronteiri\u00e7o como ferramenta de coopera\u00e7\u00e3o da vigil\u00e2ncia em sa\u00fade em fronteira internacional&#8221;; o oficial Nacional\u00a0na Unidade T\u00e9cnica de Vigil\u00e2ncia, Prepara\u00e7\u00e3o e Resposta \u00e0s Emerg\u00eancias e Desastres na OPAS\/OMS-BR, \u00a0Rodrigo Frutuoso, que vai falar sobre a &#8220;Import\u00e2ncia da Avalia\u00e7\u00e3o de Risco para eventos de sa\u00fade p\u00fablica&#8221;; e a pesquisadora da Fiocruz e coordenadora da Plataforma Institucional Biodiversidade e Sa\u00fade Silvestre (SISS-Geo), M\u00e1rcia Chame. Ela apresentar\u00e1 a \u201cPlataforma SISS-Geo: monitoramento participativo para vigil\u00e2ncia de zoonoses silvestres em ambientes naturais, rurais e urbanos&#8221;.<\/p>\n<p style=\"text-align: justify;\">O semin\u00e1rio contar\u00e1 com a participa\u00e7\u00e3o do pesquisador do Laborat\u00f3rio de Informa\u00e7\u00e3o em Sa\u00fade do Instituto de Comunica\u00e7\u00e3o e Informa\u00e7\u00e3o Cient\u00edfica e Tecnol\u00f3gica em Sa\u00fade (LIS\/Icict\/Fiocruz) Christovam Barcellos, como debatedor. O semin\u00e1rio contar\u00e1, ainda, com a participa\u00e7\u00e3o da coordenadora Geral Adjunta e do Stricto Sensu da Fiocruz e Coordenadora do Programa VigiFronteiras-Brasil, Eduarda Cesse, e da coordenadora acad\u00eamica do programa, Andr\u00e9a Sobral, como moderadoras.<\/p>\n<p style=\"text-align: justify;\">O p\u00fablico interessado nos temas poder\u00e1 participar do evento conferindo a transmiss\u00e3o ao vivo pelo canal da VideoSa\u00fade Distribuidora da Fiocruz no YouTube (confira os links a seguir). Os participantes n\u00e3o precisam se inscrever previamente. N\u00e3o ser\u00e3o fornecidos certificados.<\/p>\n<p style=\"text-align: justify;\">O Programa VigiFronteiras-Brasil \u00e9 uma\u00a0iniciativa da Fiocruz em parceria com a Secretaria de Vigil\u00e2ncia em Sa\u00fade e Ambiente do Minist\u00e9rio das Sa\u00fade e com a Organiza\u00e7\u00e3o Pan-Americana da Sa\u00fade (Opas).\u00a0\u00c9 realizado por meio de um cons\u00f3rcio entre os Programas de P\u00f3s-Gradua\u00e7\u00e3o em Epidemiologia em Sa\u00fade P\u00fablica, Sa\u00fade P\u00fablica e Meio Ambiente e Sa\u00fade P\u00fablica da Escola Nacional de Sa\u00fade P\u00fablica Sergio Arouca (ENSP\/Fiocruz) e o Programa de P\u00f3s-Gradua\u00e7\u00e3o em Condi\u00e7\u00f5es de Vida e Situa\u00e7\u00f5es de Sa\u00fade na Amaz\u00f4nia (ILMD\/Fiocruz Amazonas), al\u00e9m de docentes da Fiocruz Mato Grosso do Sul.<\/p>\n<p style=\"text-align: justify;\"><strong>2\u00b0 Semin\u00e1rio Internacional \u2013 Programa VigiFronteiras-Brasil\/Fiocruz<\/strong><\/p>\n<p style=\"text-align: justify;\">\u00b7\u00a0\u00a0\u00a0\u00a0\u00a0\u00a0\u00a0\u00a0 Transmiss\u00e3o em portugu\u00eas:\u00a0<a href=\"https:\/\/youtube.com\/live\/vTWVXd1eiZs?feature=share\" target=\"_blank\" rel=\"noreferrer noopener\">https:\/\/youtube.com\/live\/vTWVXd1eiZs?feature=share<\/a><\/p>\n<p style=\"text-align: justify;\">\u00b7\u00a0\u00a0\u00a0\u00a0\u00a0\u00a0\u00a0\u00a0 Transmiss\u00e3o em espanhol: <a href=\"https:\/\/youtube.com\/live\/GMwi65_0VxQ?feature=share\" target=\"_blank\" rel=\"noreferrer noopener\">https:\/\/youtube.com\/live\/GMwi65_0VxQ?feature=share<\/a><\/p>\n<p style=\"text-align: justify;\">\u00b7\u00a0\u00a0\u00a0\u00a0\u00a0\u00a0\u00a0\u00a0 Transmiss\u00e3o em ingl\u00eas: <a href=\"https:\/\/youtube.com\/live\/kLfJWsGfQuI?feature=share\" target=\"_blank\" rel=\"noreferrer noopener\">https:\/\/youtube.com\/live\/kLfJWsGfQuI?feature=share<\/a><\/p>\n<\/div><\/section>\n","protected":false},"excerpt":{"rendered":"<p>Evento acontece no dia 25 de setembro, \u00e0s 10h (BRT), e ser\u00e1 transmitido pelo Canal da VideoSa\u00fade Distribuidora da Fiocruz no YouTube<\/p>\n","protected":false},"author":60,"featured_media":39869,"comment_status":"closed","ping_status":"closed","sticky":true,"template":"","format":"standard","meta":{"footnotes":""},"categories":[15],"tags":[],"class_list":["post-39868","post","type-post","status-publish","format-standard","has-post-thumbnail","hentry","category-noticias"],"_links":{"self":[{"href":"https:\/\/amazonia.fiocruz.br\/index.php?rest_route=\/wp\/v2\/posts\/39868","targetHints":{"allow":["GET"]}}],"collection":[{"href":"https:\/\/amazonia.fiocruz.br\/index.php?rest_route=\/wp\/v2\/posts"}],"about":[{"href":"https:\/\/amazonia.fiocruz.br\/index.php?rest_route=\/wp\/v2\/types\/post"}],"author":[{"embeddable":true,"href":"https:\/\/amazonia.fiocruz.br\/index.php?rest_route=\/wp\/v2\/users\/60"}],"replies":[{"embeddable":true,"href":"https:\/\/amazonia.fiocruz.br\/index.php?rest_route=%2Fwp%2Fv2%2Fcomments&post=39868"}],"version-history":[{"count":6,"href":"https:\/\/amazonia.fiocruz.br\/index.php?rest_route=\/wp\/v2\/posts\/39868\/revisions"}],"predecessor-version":[{"id":39878,"href":"https:\/\/amazonia.fiocruz.br\/index.php?rest_route=\/wp\/v2\/posts\/39868\/revisions\/39878"}],"wp:featuredmedia":[{"embeddable":true,"href":"https:\/\/amazonia.fiocruz.br\/index.php?rest_route=\/wp\/v2\/media\/39869"}],"wp:attachment":[{"href":"https:\/\/amazonia.fiocruz.br\/index.php?rest_route=%2Fwp%2Fv2%2Fmedia&parent=39868"}],"wp:term":[{"taxonomy":"category","embeddable":true,"href":"https:\/\/amazonia.fiocruz.br\/index.php?rest_route=%2Fwp%2Fv2%2Fcategories&post=39868"},{"taxonomy":"post_tag","embeddable":true,"href":"https:\/\/amazonia.fiocruz.br\/index.php?rest_route=%2Fwp%2Fv2%2Ftags&post=39868"}],"curies":[{"name":"wp","href":"https:\/\/api.w.org\/{rel}","templated":true}]}}