{"id":39837,"date":"2023-09-21T15:51:36","date_gmt":"2023-09-21T19:51:36","guid":{"rendered":"https:\/\/amazonia.fiocruz.br\/?p=39837"},"modified":"2023-09-21T15:51:37","modified_gmt":"2023-09-21T19:51:37","slug":"aplicacoes-avancadas-de-bioinformatica-na-pesquisa-e-saude-regional-sao-tema-do-centro-de-estudos-da-fiocruz-amazonia-2","status":"publish","type":"post","link":"https:\/\/amazonia.fiocruz.br\/?p=39837","title":{"rendered":"Aplica\u00e7\u00f5es avan\u00e7adas de Bioinform\u00e1tica na pesquisa e sa\u00fade regional s\u00e3o tema do Centro de Estudos da Fiocruz Amaz\u00f4nia"},"content":{"rendered":"<section class=\"av_textblock_section \"  itemscope=\"itemscope\" itemtype=\"https:\/\/schema.org\/BlogPosting\" itemprop=\"blogPost\" ><div class='avia_textblock  '   itemprop=\"text\" ><p>O Centro de Estudos do Instituto Le\u00f4nidas &amp; Maria Deane (ILMD\/ Fiocruz Amaz\u00f4nia) apresenta nesta sexta-feira, 22\/9, a partir das 10h, a palestra \u201cDesvendando a Biodiversidade da Amaz\u00f4nia: Aplica\u00e7\u00f5es Avan\u00e7adas de Bioinform\u00e1tica na Pesquisa e Sa\u00fade Regional\u201d, a ser ministrada pelo matem\u00e1tico e pesquisador Ph.D. em Gen\u00f4mica e Bioinform\u00e1tica \u00a0Diego Lisboa Rios, atualmente professor EBTT de Inform\u00e1tica do Instituto Federal do Amazonas \u2013 IFAM, Campus S\u00e3o Gabriel da Cachoeira.<\/p>\n<p>A palestra abordar\u00e1 as aplica\u00e7\u00f5es de bioinform\u00e1tica na regi\u00e3o da Amaz\u00f4nia, destacando an\u00e1lises como metataxonomia 16S, montagem de genomas, transcriptoma, metagenoma, metatranscriptoma e docking molecular. Segundo o pesquisador, estas t\u00e9cnicas fornecem insights fundamentais para a compreens\u00e3o da diversidade microbiana, adapta\u00e7\u00f5es gen\u00e9ticas, respostas ambientais, funcionalidade dos ecossistemas e pesquisa de medicamentos na Amaz\u00f4nia, contribuindo assim para a pesquisa, conserva\u00e7\u00e3o da biodiversidade e sa\u00fade regional.<\/p>\n<p>O debate ter\u00e1 como moderadora a pesquisadora Camila Fabbri, do Laborat\u00f3rio de Diagn\u00f3stico e Controle de Doen\u00e7as Infecciosas na Amaz\u00f4nia (DCDIA), respons\u00e1vel pela organiza\u00e7\u00e3o desta edi\u00e7\u00e3o do Centro de Estudos. A palestra ser\u00e1 transmitida via plataforma Zoom, atrav\u00e9s do link: <a href=\"https:\/\/us06web.zoom.us\/j\/82112293326?pwd=S2NGNUZ3ck94Y2NnUGUzTGRxZXVFQT09\">https:\/\/us06web.zoom.us\/j\/82112293326?pwd=S2NGNUZ3ck94Y2NnUGUzTGRxZXVFQT09<\/a>, utilizando <strong>ID da Reuni\u00e3o:\u00a0821 1229 3326<\/strong> e <strong>Senha de acesso:<\/strong>\u00a0482790<\/p>\n<p><strong>SOBRE O PALESTRANTE<\/strong><\/p>\n<p>Diego \u00e9 Graduado em An\u00e1lise e Desenvolvimento de Sistemas, Matem\u00e1tica, Ci\u00eancias Biol\u00f3gicas e Zootecnia, com forma\u00e7\u00e3o complementar em Administra\u00e7\u00e3o e Marketing, pela Universidade Federal de Minas Gerais \u2013 UFMG. P\u00f3s-gradua\u00e7\u00e3o lato sensu em Gest\u00e3o e Doc\u00eancia no Ensino Superior pela Faculdade de Teologia e Ci\u00eancias Humanas \u2013 FATECH. Possui Mestrado em Biologia Molecular no curso de P\u00f3s-gradua\u00e7\u00e3o em Ci\u00eancias Farmac\u00eauticas pela Universidade Federal de S\u00e3o Jo\u00e3o del Rei \u2013 UFSJ, onde desenvolveu projetos relacionados a s\u00edntese transles\u00e3o do DNA, express\u00e3o e purifica\u00e7\u00e3o de prote\u00ednas recombinantes, docking de prote\u00ednas e din\u00e2mica molecular.<\/p>\n<p>Doutor em Bioinform\u00e1tica \u2013 Gen\u00e9tica e Gen\u00f4mica pela P\u00f3s-gradua\u00e7\u00e3o de Gen\u00e9tica, \u00c1rea de Concentra\u00e7\u00e3o: Gen\u00f4mica e Bioinform\u00e1tica, na Universidade Federal de Minas Gerais \u2013 UFMG, Diego desenvolveu software para montagem e an\u00e1lise de dados de metatranscriptoma livre de quimeras, t\u00e9cnicas avan\u00e7adas de Biologia Molecular e Sequenciamento de Nova Gera\u00e7\u00e3o. Tamb\u00e9m fez P\u00f3s-doutorado pelo Laborat\u00f3rio de Intera\u00e7\u00e3o Microrganismo-Hospedeiro na Virologia \u2013 UFMG.<\/p>\n<p>S<strong>OBRE O CENTRO DE ESTUDOS<\/strong><\/p>\n<p>O Centro de Estudos do ILMD\/Fiocruz Amaz\u00f4nia \u00e9 um n\u00facleo que oportuniza encontros, palestras, semin\u00e1rios e debates sobre diversos temas ligados \u00e0 pesquisa e ao ensino para a promo\u00e7\u00e3o da sa\u00fade. Os eventos s\u00e3o gratuitos e ocorrem \u00e0s sextas-feiras. As atividades s\u00e3o destinadas a estudantes de gradua\u00e7\u00e3o e p\u00f3s-gradua\u00e7\u00e3o, pesquisadores, professores e trabalhadores da \u00e1rea da Sa\u00fade.<\/p>\n<p>ILMD\/Fiocruz Amaz\u00f4nia, por J\u00falio Pedrosa \/ Imagem: Mackesy Nasciment<\/p>\n<\/div><\/section>\n","protected":false},"excerpt":{"rendered":"<p>Laborat\u00f3rio de Diagn\u00f3stico e Controle de Doen\u00e7as Infecciosas na Amaz\u00f4nia (DCDIA), do ILMD\/Fiocruz Amaz\u00f4nia, \u00e9 respons\u00e1vel pela organiza\u00e7\u00e3o desta edi\u00e7\u00e3o<\/p>\n","protected":false},"author":60,"featured_media":39838,"comment_status":"closed","ping_status":"closed","sticky":false,"template":"","format":"image","meta":{"footnotes":""},"categories":[15],"tags":[],"class_list":["post-39837","post","type-post","status-publish","format-image","has-post-thumbnail","hentry","category-noticias","post_format-post-format-image"],"_links":{"self":[{"href":"https:\/\/amazonia.fiocruz.br\/index.php?rest_route=\/wp\/v2\/posts\/39837","targetHints":{"allow":["GET"]}}],"collection":[{"href":"https:\/\/amazonia.fiocruz.br\/index.php?rest_route=\/wp\/v2\/posts"}],"about":[{"href":"https:\/\/amazonia.fiocruz.br\/index.php?rest_route=\/wp\/v2\/types\/post"}],"author":[{"embeddable":true,"href":"https:\/\/amazonia.fiocruz.br\/index.php?rest_route=\/wp\/v2\/users\/60"}],"replies":[{"embeddable":true,"href":"https:\/\/amazonia.fiocruz.br\/index.php?rest_route=%2Fwp%2Fv2%2Fcomments&post=39837"}],"version-history":[{"count":7,"href":"https:\/\/amazonia.fiocruz.br\/index.php?rest_route=\/wp\/v2\/posts\/39837\/revisions"}],"predecessor-version":[{"id":39845,"href":"https:\/\/amazonia.fiocruz.br\/index.php?rest_route=\/wp\/v2\/posts\/39837\/revisions\/39845"}],"wp:featuredmedia":[{"embeddable":true,"href":"https:\/\/amazonia.fiocruz.br\/index.php?rest_route=\/wp\/v2\/media\/39838"}],"wp:attachment":[{"href":"https:\/\/amazonia.fiocruz.br\/index.php?rest_route=%2Fwp%2Fv2%2Fmedia&parent=39837"}],"wp:term":[{"taxonomy":"category","embeddable":true,"href":"https:\/\/amazonia.fiocruz.br\/index.php?rest_route=%2Fwp%2Fv2%2Fcategories&post=39837"},{"taxonomy":"post_tag","embeddable":true,"href":"https:\/\/amazonia.fiocruz.br\/index.php?rest_route=%2Fwp%2Fv2%2Ftags&post=39837"}],"curies":[{"name":"wp","href":"https:\/\/api.w.org\/{rel}","templated":true}]}}