{"id":39641,"date":"2023-09-06T18:04:06","date_gmt":"2023-09-06T22:04:06","guid":{"rendered":"https:\/\/amazonia.fiocruz.br\/?p=39641"},"modified":"2023-09-11T08:37:46","modified_gmt":"2023-09-11T12:37:46","slug":"39641","status":"publish","type":"post","link":"https:\/\/amazonia.fiocruz.br\/?p=39641","title":{"rendered":"Fiocruz Amaz\u00f4nia abre inscri\u00e7\u00f5es para oficina de divulga\u00e7\u00e3o cient\u00edfica por meio de v\u00eddeos e podcasts"},"content":{"rendered":"<section class=\"av_textblock_section \"  itemscope=\"itemscope\" itemtype=\"https:\/\/schema.org\/BlogPosting\" itemprop=\"blogPost\" ><div class='avia_textblock  '   itemprop=\"text\" ><p>O Instituto Le\u00f4nidas &amp; Maria Deane (ILMD\/Fiocruz Amaz\u00f4nia) abre nesta quarta-feira, 06\/09\/2023, as inscri\u00e7\u00f5es para as oficinas \u201cDigiCi\u00eancia \u2013 Oficina de V\u00eddeos Digitais para Divulgar Ci\u00eancia\u201d e \u201cOuvirCi\u00eancia \u2013 Oficina de cria\u00e7\u00e3o de podcasts para divulga\u00e7\u00e3o de pesquisas\u201d. As capacita\u00e7\u00f5es ser\u00e3o oferecidas por meio dos projetos: \u201cCi\u00eanciaPop: Fiocruz Amaz\u00f4nia na SNCT 2023\u201d e, \u201cCi\u00eanciaPop ILMD\/Fiocruz Amaz\u00f4nia: popularizando a ci\u00eancia em sa\u00fade por meio de ferramentas digitais\u201d, com apoio da Funda\u00e7\u00e3o Oswaldo Cruz (Fiocruz) e Funda\u00e7\u00e3o de Amparo \u00e0 Pesquisa no Amazonas (FAPEAM).<\/p>\n<p>A a\u00e7\u00e3o pretende prover treinamento e socializa\u00e7\u00e3o de ferramentas tecnol\u00f3gicas para que bolsistas de Inicia\u00e7\u00e3o Cient\u00edfica, alunos de p\u00f3s-gradua\u00e7\u00e3o e pesquisadores interessados, possam promover divulga\u00e7\u00e3o cient\u00edfica, por meio da gera\u00e7\u00e3o de v\u00eddeos e podcasts, para divulga\u00e7\u00e3o nas m\u00eddias digitais. As inscri\u00e7\u00f5es ser\u00e3o realizadas atrav\u00e9s da plataforma Campus Virtual e, ocorrem at\u00e9 o dia 18\/9, para a oficina \u201cDigiCi\u00eancia &#8211; IV Edi\u00e7\u00e3o\u201d, e 19\/9, para a oficina \u201cOuvirCi\u00eancia III Edi\u00e7\u00e3o\u201d.<\/p>\n<p>As atividades fazem parte das a\u00e7\u00f5es promovidas pela Fiocruz Amaz\u00f4nia, e dar\u00e3o in\u00edcio a Semana Nacional de Ci\u00eancia e Tecnologia 2023 \u2013 SNCT 2023, que este ano ter\u00e1 como tema \u201cCi\u00eancias B\u00e1sicas para o Desenvolvimento Sustent\u00e1vel\u201d. Para participar, os interessados dever\u00e3o preencher formul\u00e1rio de inscri\u00e7\u00e3o e, apresentar Carta de interesse, juntamente com o Curr\u00edculo Lattes.<\/p>\n<p>As aulas ser\u00e3o ministradas por Cristiane Barbosa, Jornalista; Doutora em Ci\u00eancias da Informa\u00e7\u00e3o; docente da Faculdade de Informa\u00e7\u00e3o e Comunica\u00e7\u00e3o (FIC) da Universidade Federal do Amazonas (Ufam) e, Helder Mour\u00e3o, Jornalista, Mestre em Ci\u00eancias da Comunica\u00e7\u00e3o; professor do Instituto Metropolitano de Ensino &#8211; IME nos cursos de Jornalismo e Design.<\/p>\n<p><strong>DIGICI\u00caNCIA IV EDI\u00c7\u00c3O<\/strong><\/p>\n<p>Realizada entre os dias 21 e 23\/9, das 14h \u00e0s 17h, no Laborat\u00f3rio de Inform\u00e1tica do ILMD\/Fiocruz Amaz\u00f4nia, a oficina tem o objetivo de promover atividades virtuais de comunica\u00e7\u00e3o e materiais de divulga\u00e7\u00e3o cient\u00edfica, em formato digital, relacionadas a tem\u00e1tica de ci\u00eancia e tecnologia, utilizando ferramentas tecnol\u00f3gicas digitais, por meio de atividades te\u00f3ricas e pr\u00e1ticas.<\/p>\n<p><a href=\"https:\/\/campusvirtual.fiocruz.br\/gestordecursos\/hotsite\/digiciencia_5\" target=\"_blank\" rel=\"noopener\">Inscreva-se AQUI<\/a><\/p>\n<p><strong>OUVIRCI\u00caNCIA III EDI\u00c7\u00c3O<\/strong><\/p>\n<p>A Oficina de cria\u00e7\u00e3o de podcasts para divulga\u00e7\u00e3o de pesquisas (III Edi\u00e7\u00e3o), se prop\u00f5e a realizar treinamento, por meio de atividades te\u00f3ricas e pr\u00e1ticas, oportunizando que alunos de inicia\u00e7\u00e3o cient\u00edfica, p\u00f3s-gradua\u00e7\u00e3o e pesquisadores da Unidade e, de parceiros interessados produzam material em forma de podcasts, preferencialmente sobre temas de sa\u00fade, que ser\u00e3o disponibilizados ao p\u00fablico, por meio dos canais institucionais e de parceiros.<\/p>\n<p>Na oficina, ser\u00e3o apresentadas algumas t\u00e9cnicas de produ\u00e7\u00e3o de podcast, iniciando pela elabora\u00e7\u00e3o do roteiro e elementos de pr\u00e9-produ\u00e7\u00e3o, passando pela grava\u00e7\u00e3o e pela edi\u00e7\u00e3o at\u00e9 chegar ao produto final. Na qual, ser\u00e3o apresentados softwares espec\u00edficos para edi\u00e7\u00e3o, que permitir\u00e3o aos participantes criar podcast e, disponibiliz\u00e1-los nas plataformas digitais.<\/p>\n<p><a href=\"https:\/\/campusvirtual.fiocruz.br\/gestordecursos\/hotsite\/ouvirciencia_3\" target=\"_blank\" rel=\"noopener\">Inscreva-se AQUI<\/a><\/p>\n<p>Cada Oficina ter\u00e1 6h de aulas presenciais, e nas demais horas, os inscritos poder\u00e3o contar com suporte por e-mail para a produ\u00e7\u00e3o do trabalho final, totalizando 20h de atividades. Os melhores trabalhos ser\u00e3o selecionados e divulgados durante a Semana Nacional de Ci\u00eancia e Tecnologia da Fiocruz.<\/p>\n<\/div><\/section>\n","protected":false},"excerpt":{"rendered":"<p>As atividades fazem parte das a\u00e7\u00f5es promovidas pela Fiocruz Amaz\u00f4nia, e dar\u00e3o in\u00edcio a Semana Nacional de Ci\u00eancia e Tecnologia 2023 \u2013 SNCT 2023<\/p>\n","protected":false},"author":20,"featured_media":39646,"comment_status":"closed","ping_status":"closed","sticky":true,"template":"","format":"image","meta":{"footnotes":""},"categories":[15],"tags":[136,120,119,131],"class_list":["post-39641","post","type-post","status-publish","format-image","has-post-thumbnail","hentry","category-noticias","tag-fiocruz","tag-fiocruz-amazonia","tag-ilmd","tag-ilmdfiocruz-amazonia","post_format-post-format-image"],"_links":{"self":[{"href":"https:\/\/amazonia.fiocruz.br\/index.php?rest_route=\/wp\/v2\/posts\/39641","targetHints":{"allow":["GET"]}}],"collection":[{"href":"https:\/\/amazonia.fiocruz.br\/index.php?rest_route=\/wp\/v2\/posts"}],"about":[{"href":"https:\/\/amazonia.fiocruz.br\/index.php?rest_route=\/wp\/v2\/types\/post"}],"author":[{"embeddable":true,"href":"https:\/\/amazonia.fiocruz.br\/index.php?rest_route=\/wp\/v2\/users\/20"}],"replies":[{"embeddable":true,"href":"https:\/\/amazonia.fiocruz.br\/index.php?rest_route=%2Fwp%2Fv2%2Fcomments&post=39641"}],"version-history":[{"count":4,"href":"https:\/\/amazonia.fiocruz.br\/index.php?rest_route=\/wp\/v2\/posts\/39641\/revisions"}],"predecessor-version":[{"id":39668,"href":"https:\/\/amazonia.fiocruz.br\/index.php?rest_route=\/wp\/v2\/posts\/39641\/revisions\/39668"}],"wp:featuredmedia":[{"embeddable":true,"href":"https:\/\/amazonia.fiocruz.br\/index.php?rest_route=\/wp\/v2\/media\/39646"}],"wp:attachment":[{"href":"https:\/\/amazonia.fiocruz.br\/index.php?rest_route=%2Fwp%2Fv2%2Fmedia&parent=39641"}],"wp:term":[{"taxonomy":"category","embeddable":true,"href":"https:\/\/amazonia.fiocruz.br\/index.php?rest_route=%2Fwp%2Fv2%2Fcategories&post=39641"},{"taxonomy":"post_tag","embeddable":true,"href":"https:\/\/amazonia.fiocruz.br\/index.php?rest_route=%2Fwp%2Fv2%2Ftags&post=39641"}],"curies":[{"name":"wp","href":"https:\/\/api.w.org\/{rel}","templated":true}]}}