{"id":39534,"date":"2023-08-21T14:26:41","date_gmt":"2023-08-21T18:26:41","guid":{"rendered":"https:\/\/amazonia.fiocruz.br\/?p=39534"},"modified":"2023-08-21T14:26:42","modified_gmt":"2023-08-21T18:26:42","slug":"fiocruz-amazonia-realiza-estudo-de-avaliacao-do-perfil-clinico-epidemiologico-em-pacientes-com-suspeita-de-filariose-por-especies-de-mansonella-na-triplice-fronteira-amazonica-na-regiao-do-alto-solimo","status":"publish","type":"post","link":"https:\/\/amazonia.fiocruz.br\/?p=39534","title":{"rendered":"Fiocruz Amaz\u00f4nia realiza estudo de avalia\u00e7\u00e3o do perfil cl\u00ednico-epidemiol\u00f3gico em pacientes com suspeita de filariose por esp\u00e9cies de Mansonella na Tr\u00edplice Fronteira amaz\u00f4nica na regi\u00e3o do Alto Solim\u00f5es"},"content":{"rendered":"<section class=\"av_textblock_section \"  itemscope=\"itemscope\" itemtype=\"https:\/\/schema.org\/BlogPosting\" itemprop=\"blogPost\" ><div class='avia_textblock  '   itemprop=\"text\" ><p style=\"text-align: justify;\">O Instituto Le\u00f4nidas &amp; Maria Deane (ILMD\/Fiocruz Amaz\u00f4nia) est\u00e1 desenvolvendo na regi\u00e3o da Triplice Fronteira amaz\u00f4nica, no Alto Solim\u00f5es, parte de um estudo que pretende caracterizar o perfil epidemiol\u00f3gico da filariose na Amaz\u00f4nia, tendo como p\u00fablico-alvo comunidades ribeirinhas e ind\u00edgenas de diferentes etnias, presentes em munic\u00edpios da regi\u00e3o e em territ\u00f3rios na Col\u00f4mbia, pr\u00f3ximos da fronteira, onde \u00e9 frequente a presen\u00e7a de microfil\u00e1rias no sangue na popula\u00e7\u00e3o. O trabalho \u00e9 desenvolvido pelo N\u00facleo de Pat\u00f3genos, Reservat\u00f3rios e Vetores na Amaz\u00f4nia \u2013 PreV Amaz\u00f4nia, do Laborat\u00f3rio Ecologia de Doen\u00e7as Transmiss\u00edveis na Amaz\u00f4nia (EDTA), da Fiocruz Amaz\u00f4nia, com apoio do Distrito Sanit\u00e1rio Especial Ind\u00edgena (DSEI) do Alto Solim\u00f5es e Secretaria Municipal de Sa\u00fade das Prefeituras de Tabatinga e Benjamin Constant. O estudo consiste na realiza\u00e7\u00e3o de coletas de amostras sangu\u00edneas de pacientes com suspeita de filariose, notificados pelo DSEI ARS, coleta de vetores da doen\u00e7a (a exemplo do piuns e maruins) e levantamento do perfil cl\u00ednico-epidemiol\u00f3gico dos pacientes.<\/p>\n<p><img decoding=\"async\" class=\"aligncenter wp-image-39536 size-gallery\" src=\"https:\/\/amazonia.fiocruz.br\/wp-content\/uploads\/2023\/08\/f60d5331-3f3d-47f8-b862-9d5e14c1a8a4-845x684.jpg\" alt=\"\" width=\"845\" height=\"684\" srcset=\"https:\/\/amazonia.fiocruz.br\/wp-content\/uploads\/2023\/08\/f60d5331-3f3d-47f8-b862-9d5e14c1a8a4-845x684.jpg 845w, https:\/\/amazonia.fiocruz.br\/wp-content\/uploads\/2023\/08\/f60d5331-3f3d-47f8-b862-9d5e14c1a8a4-495x400.jpg 495w\" sizes=\"(max-width: 845px) 100vw, 845px\" \/><\/p>\n<p style=\"text-align: justify;\">O coordenador do PReV Amaz\u00f4nia da Fiocruz Amaz\u00f4nia, o pesquisador da Fiocruz Amaz\u00f4nia S\u00e9rgio Luiz Bessa Luz e o pesquisador Jos\u00e9 Joaqu\u00edn Carvajal Cort\u00e9s, explicam que desenvolvem as atividades junto com o pesquisador Marcelo Urbano, da Universidade de S\u00e3o Paulo (USP). O trabalho conta com o apoio de profissionais de sa\u00fade dos munic\u00edpios envolvidos e um grupo de estudantes e egressos do mestrado do programa PPGVIDA e PPGBIO e uma estudante do Vigifronteiras da Col\u00f4mbia, onde est\u00e3o sendo desenvolvidas tamb\u00e9m atividades de campo. \u201cA finalidade \u00e9 demonstrar que existe alta preval\u00eancia da filariose nestas regi\u00f5es muito embora o Governo Federal ainda n\u00e3o a inclua na lista das doen\u00e7as de notifica\u00e7\u00e3o obrigat\u00f3ria e, como doen\u00e7a negligenciada, ela tem a sua import\u00e2ncia, mas se desconhecem muitos aspectos, sem que haja respostas em rela\u00e7\u00e3o a tratamento efetivo, transmiss\u00e3o, diagn\u00f3stico e gen\u00e9tica dos parasitas e vetores que a causam\u201d, afirmam S\u00e9rgio Luz.<\/p>\n<p><img decoding=\"async\" class=\"aligncenter wp-image-39537 size-gallery\" src=\"https:\/\/amazonia.fiocruz.br\/wp-content\/uploads\/2023\/08\/d1344600-d24e-4a03-9592-b7dc341fefeb-845x684.jpg\" alt=\"\" width=\"845\" height=\"684\" srcset=\"https:\/\/amazonia.fiocruz.br\/wp-content\/uploads\/2023\/08\/d1344600-d24e-4a03-9592-b7dc341fefeb-845x684.jpg 845w, https:\/\/amazonia.fiocruz.br\/wp-content\/uploads\/2023\/08\/d1344600-d24e-4a03-9592-b7dc341fefeb-495x400.jpg 495w\" sizes=\"(max-width: 845px) 100vw, 845px\" \/><\/p>\n<p style=\"text-align: justify;\">Os munic\u00edpios de Tabatinga, L\u00e1brea e S\u00e3o Gabriel da Cachoeira s\u00e3o os que mais registram casos de filariose por Mansonella no Amazonas. No Peru e na Col\u00f4mbia, a doen\u00e7a est\u00e1 sendo prevalente tamb\u00e9m em cidades como Caballococha (Loreto, Peru) e Puerto Narino (Amazonas, Col\u00f4mbia). \u201cSomente na regi\u00e3o do Alto Solim\u00f5es, desde 2015, j\u00e1 foram registrados 7.500 casos, um n\u00famero bastante alto e que preocupa\u201d, enfatiza Joaquin Cort\u00e9s, justificando ter sido este o motivo pelo qual a pesquisa selecionou as \u00e1reas de fronteira do Alto Solim\u00f5es para realizar o trabalho. \u201cSelecionamos as \u00e1reas, as equipes e o DSEI nos disponibilizou log\u00edstica e vamos numa equipe grande percorrer todas essas \u00e1reas\u201d, explicou. Nas comunidades ind\u00edgenas Umaria\u00e7u 1 e 2, Belem de Solim\u00f5es, Vendaval e Campo Alegre, em Tabatinga, foram colhidas at\u00e9 o momento, aproximadamente, 250 amostras. O trabalho tamb\u00e9m se estender\u00e1 \u00e0 comunidade Feijoal, pertencente ao Alto Solim\u00f5es.<\/p>\n<p><img decoding=\"async\" class=\"aligncenter wp-image-39538 size-gallery\" src=\"https:\/\/amazonia.fiocruz.br\/wp-content\/uploads\/2023\/08\/b5f9b827-986b-496c-ade5-5cfdbbbebf9e-845x684.jpg\" alt=\"\" width=\"845\" height=\"684\" srcset=\"https:\/\/amazonia.fiocruz.br\/wp-content\/uploads\/2023\/08\/b5f9b827-986b-496c-ade5-5cfdbbbebf9e-845x684.jpg 845w, https:\/\/amazonia.fiocruz.br\/wp-content\/uploads\/2023\/08\/b5f9b827-986b-496c-ade5-5cfdbbbebf9e-495x400.jpg 495w\" sizes=\"(max-width: 845px) 100vw, 845px\" \/><\/p>\n<p style=\"text-align: justify;\"><img decoding=\"async\" class=\"alignleft size-medium wp-image-39539\" src=\"https:\/\/amazonia.fiocruz.br\/wp-content\/uploads\/2023\/08\/69d17d34-c774-4053-9d9a-bc6d36518a3c-169x300.jpg\" alt=\"\" width=\"169\" height=\"300\" srcset=\"https:\/\/amazonia.fiocruz.br\/wp-content\/uploads\/2023\/08\/69d17d34-c774-4053-9d9a-bc6d36518a3c-169x300.jpg 169w, https:\/\/amazonia.fiocruz.br\/wp-content\/uploads\/2023\/08\/69d17d34-c774-4053-9d9a-bc6d36518a3c-579x1030.jpg 579w, https:\/\/amazonia.fiocruz.br\/wp-content\/uploads\/2023\/08\/69d17d34-c774-4053-9d9a-bc6d36518a3c-768x1365.jpg 768w, https:\/\/amazonia.fiocruz.br\/wp-content\/uploads\/2023\/08\/69d17d34-c774-4053-9d9a-bc6d36518a3c-864x1536.jpg 864w, https:\/\/amazonia.fiocruz.br\/wp-content\/uploads\/2023\/08\/69d17d34-c774-4053-9d9a-bc6d36518a3c-844x1500.jpg 844w, https:\/\/amazonia.fiocruz.br\/wp-content\/uploads\/2023\/08\/69d17d34-c774-4053-9d9a-bc6d36518a3c-397x705.jpg 397w, https:\/\/amazonia.fiocruz.br\/wp-content\/uploads\/2023\/08\/69d17d34-c774-4053-9d9a-bc6d36518a3c.jpg 900w\" sizes=\"(max-width: 169px) 100vw, 169px\" \/>O componente entomol\u00f3gico do projeto visa identificar as esp\u00e9cies de insetos com presen\u00e7a de fil\u00e1rias. A parte cl\u00ednica, desenvolvida pelo m\u00e9dico Marcelo Urbano, da USP, se encarregar\u00e1 do estudo cl\u00ednico que ainda tem suas lacunas, mas ainda quando se desconhece a localiza\u00e7\u00e3o das fil\u00e1rias adultas no organismo humano (onde est\u00e3o, como se reproduzem e per\u00edodo de incuba\u00e7\u00e3o), bem como realizar\u00e1 aplica\u00e7\u00e3o de question\u00e1rios para verificar poss\u00edveis associa\u00e7\u00f5es entre conhecimentos e pr\u00e1ticas da popula\u00e7\u00e3o que possam oferecer ind\u00edcios sobre o comportamento da filariose por Mansonelose na Amaz\u00f4nia. Ser\u00e3o realizados tamb\u00e9m atendimentos com pacientes positivos. \u201cNas comunidades ribeirinhas ind\u00edgenas e n\u00e3o indigenas, as pessoas adoecem e como \u00e9 dif\u00edcil identificar a esp\u00e9cie da fil\u00e1ria por microscopia, n\u00e3o recebem o tratamento efetivo, raz\u00e3o pela qual podem se apresentar pessoas que visitam v\u00e1rias vezes o servi\u00e7o de sa\u00fade na regi\u00e3o\u201d, afirmou Cort\u00e9s.<\/p>\n<\/div><\/section>\n","protected":false},"excerpt":{"rendered":"<p>Os munic\u00edpios de Tabatinga, L\u00e1brea e S\u00e3o Gabriel da Cachoeira s\u00e3o os que mais registram casos de filariose por Mansonella no Amazonas. <\/p>\n","protected":false},"author":20,"featured_media":39535,"comment_status":"closed","ping_status":"closed","sticky":true,"template":"","format":"image","meta":{"footnotes":""},"categories":[15],"tags":[136,120,119,131,125],"class_list":["post-39534","post","type-post","status-publish","format-image","has-post-thumbnail","hentry","category-noticias","tag-fiocruz","tag-fiocruz-amazonia","tag-ilmd","tag-ilmdfiocruz-amazonia","tag-pesquisa","post_format-post-format-image"],"_links":{"self":[{"href":"https:\/\/amazonia.fiocruz.br\/index.php?rest_route=\/wp\/v2\/posts\/39534","targetHints":{"allow":["GET"]}}],"collection":[{"href":"https:\/\/amazonia.fiocruz.br\/index.php?rest_route=\/wp\/v2\/posts"}],"about":[{"href":"https:\/\/amazonia.fiocruz.br\/index.php?rest_route=\/wp\/v2\/types\/post"}],"author":[{"embeddable":true,"href":"https:\/\/amazonia.fiocruz.br\/index.php?rest_route=\/wp\/v2\/users\/20"}],"replies":[{"embeddable":true,"href":"https:\/\/amazonia.fiocruz.br\/index.php?rest_route=%2Fwp%2Fv2%2Fcomments&post=39534"}],"version-history":[{"count":1,"href":"https:\/\/amazonia.fiocruz.br\/index.php?rest_route=\/wp\/v2\/posts\/39534\/revisions"}],"predecessor-version":[{"id":39540,"href":"https:\/\/amazonia.fiocruz.br\/index.php?rest_route=\/wp\/v2\/posts\/39534\/revisions\/39540"}],"wp:featuredmedia":[{"embeddable":true,"href":"https:\/\/amazonia.fiocruz.br\/index.php?rest_route=\/wp\/v2\/media\/39535"}],"wp:attachment":[{"href":"https:\/\/amazonia.fiocruz.br\/index.php?rest_route=%2Fwp%2Fv2%2Fmedia&parent=39534"}],"wp:term":[{"taxonomy":"category","embeddable":true,"href":"https:\/\/amazonia.fiocruz.br\/index.php?rest_route=%2Fwp%2Fv2%2Fcategories&post=39534"},{"taxonomy":"post_tag","embeddable":true,"href":"https:\/\/amazonia.fiocruz.br\/index.php?rest_route=%2Fwp%2Fv2%2Ftags&post=39534"}],"curies":[{"name":"wp","href":"https:\/\/api.w.org\/{rel}","templated":true}]}}