{"id":39435,"date":"2023-08-08T15:01:18","date_gmt":"2023-08-08T19:01:18","guid":{"rendered":"https:\/\/amazonia.fiocruz.br\/?p=39435"},"modified":"2023-08-08T15:01:19","modified_gmt":"2023-08-08T19:01:19","slug":"cd-homenageia-pesquisadores-condecorados-com-a-ordem-nacional-do-merito-cientifico","status":"publish","type":"post","link":"https:\/\/amazonia.fiocruz.br\/?p=39435","title":{"rendered":"CD homenageia pesquisadores condecorados com a Ordem Nacional do M\u00e9rito Cient\u00edfico"},"content":{"rendered":"<section class=\"av_textblock_section \"  itemscope=\"itemscope\" itemtype=\"https:\/\/schema.org\/BlogPosting\" itemprop=\"blogPost\" ><div class='avia_textblock  '   itemprop=\"text\" ><p style=\"text-align: justify;\">O Conselho Deliberativo da Fiocruz homenageou, durante reuni\u00e3o realizada nesta quarta-feira (2\/8), os pesquisadores da Funda\u00e7\u00e3o que foram condecorados com a Ordem Nacional do M\u00e9rito Cient\u00edfico no m\u00eas passado. A sanitarista e diretora da Fiocruz Amaz\u00f4nia, Adele Benzaken, o infectologista Marcus Vin\u00edcius de Lacerda, da mesma unidade, o pesquisador em\u00e9rito Renato Cordeiro, do Instituto Oswaldo Cruz, o coordenador do Centro de Integra\u00e7\u00e3o de Dados e Conhecimento para a Sa\u00fade, Maur\u00edcio Barreto, e o especialista em leishmaniose Edgar Marcelino, ambos da Fiocruz Bahia, receberam ex-libris personalizados com a frase \u201cSa\u00fade \u00e9 democracia. Democracia \u00e9 sa\u00fade\u201d e uma carta assinada pelos membros do Conselho.<\/p>\n<p style=\"text-align: justify;\">Em 2021, Benzaken e Lacerda haviam sido indicados para receberem a Ordem Nacional do M\u00e9rito Cient\u00edfico, mas tiveram a condecora\u00e7\u00e3o revogada pelo ent\u00e3o presidente Jair Bolsonaro, sem nenhuma justificativa, menos de 48h depois de assinada. Em protesto, outros 21 cientistas que seriam agraciados redigiram uma carta renunciando \u00e0 homenagem. Em julho deste ano, o presidente Luiz In\u00e1cio Lula da Silva entregou a medalha aos pesquisadores, em cerim\u00f4nia realizada no Pal\u00e1cio do Planalto.<\/p>\n<p><img decoding=\"async\" class=\"aligncenter size-gallery wp-image-39437\" src=\"https:\/\/amazonia.fiocruz.br\/wp-content\/uploads\/2023\/08\/35_homenagem_aos_cientistas_condecorados_peter_ilicciev-845x684.jpg\" alt=\"\" width=\"845\" height=\"684\" srcset=\"https:\/\/amazonia.fiocruz.br\/wp-content\/uploads\/2023\/08\/35_homenagem_aos_cientistas_condecorados_peter_ilicciev-845x684.jpg 845w, https:\/\/amazonia.fiocruz.br\/wp-content\/uploads\/2023\/08\/35_homenagem_aos_cientistas_condecorados_peter_ilicciev-495x400.jpg 495w\" sizes=\"(max-width: 845px) 100vw, 845px\" \/><\/p>\n<p style=\"text-align: justify;\">A ideia de homenagear os cientistas durante a reuni\u00e3o do CD partiu do presidente da Funda\u00e7\u00e3o, Mario Moreira. \u201cEsta \u00e9 uma repara\u00e7\u00e3o hist\u00f3rica \u00e0 desonra cometida contra nossos pesquisadores\u201d, destacou. \u201cA entrega da Ordem Nacional do M\u00e9rito Cient\u00edfico tem uma dimens\u00e3o muito simb\u00f3lica em rela\u00e7\u00e3o \u00e0 valoriza\u00e7\u00e3o da ci\u00eancia no nosso pa\u00eds. A sa\u00fade e a ci\u00eancia venceram. A resili\u00eancia da nossa base cient\u00edfica nos levou a um ponto de reconstru\u00e7\u00e3o e de avan\u00e7o em rela\u00e7\u00e3o ao que t\u00ednhamos no passado.\u201d<\/p>\n<p style=\"text-align: justify;\">Criada em 1993, a Ordem Nacional do M\u00e9rito Cient\u00edfico reconhece contribui\u00e7\u00f5es cient\u00edficas e t\u00e9cnicas de pesquisadores brasileiros e estrangeiros. A indica\u00e7\u00e3o \u00e9 feita por uma comiss\u00e3o formada por nove integrantes, designados de forma parit\u00e1ria pelo Minist\u00e9rio da Ci\u00eancia, Tecnologia e Inova\u00e7\u00e3o (MCTI), pela Academia Brasileira de Ci\u00eancias (ABC) e pela Sociedade Brasileira para o Progresso da Ci\u00eancia (SBPC).<\/p>\n<p style=\"text-align: justify;\">\u201cNesse momento, passa um filme na sua cabe\u00e7a e voc\u00ea revive 40 anos de pesquisa\u201d, afirmou Adele Benzaken, que, antes de ser eleita diretora da Fiocruz Amaz\u00f4nia, dirigiu o Departamento de HIV\/Aids do Minist\u00e9rio da Sa\u00fade, mas foi exonerada no in\u00edcio da gest\u00e3o de Jair Bolsonaro. \u201cQueria dizer da minha emo\u00e7\u00e3o de estar aqui nesse momento t\u00e3o importante e t\u00e3o memor\u00e1vel das nossas vidas. \u00c0 Fiocruz eu devo a minha forma\u00e7\u00e3o e essa viv\u00eancia dos \u00faltimos dois anos como diretora da Fiocruz Amaz\u00f4nia, que \u00e9 um novo aprendizado. Quando a gente envelhece, \u00e9 importante ter esse est\u00edmulo de novas experi\u00eancias. \u00c9 o que nos mant\u00e9m vivos.\u201d<\/p>\n<p><img decoding=\"async\" class=\"aligncenter size-gallery wp-image-39438\" src=\"https:\/\/amazonia.fiocruz.br\/wp-content\/uploads\/2023\/08\/33_homenagem_aos_cientistas_condecorados_peter_ilicciev-845x631.jpg\" alt=\"\" width=\"845\" height=\"631\" \/><\/p>\n<p style=\"text-align: justify;\">Alvo de amea\u00e7as de morte ap\u00f3s liderar, em 2020, o primeiro estudo que confirmou a inefic\u00e1cia da cloroquina no tratamento de pacientes com Covid-19, Marcus Lacerda ressaltou a emo\u00e7\u00e3o de ser homenageado pelo Conselho Deliberativo. \u201cEsse momento \u00e9 diferente do que vivemos no Pal\u00e1cio do Planalto, num sentido ainda melhor. Aqui estamos falando com pessoas que vivenciaram a nossa experi\u00eancia. Menos de 24h depois de um tweet que p\u00f4s em risco a vida da minha fam\u00edlia, esse mesmo CD se reuniu e divulgou uma nota para a imprensa. Nenhuma medalha tem o poder que esse Conselho teve ao defender os seus. Isso \u00e9 fam\u00edlia.\u201d<\/p>\n<p style=\"text-align: justify;\">\u00a0Co-fundador e atual diretor do Cidacs, Maur\u00edcio Barreto lembrou o hist\u00f3rico de resist\u00eancia da Fiocruz diante de ataques \u00e0 ci\u00eancia. \u201cReceber essa medalha no momento em que o Brasil sai de um obscurantismo terr\u00edvel tem um lado simb\u00f3lico que nos alimenta. A hist\u00f3ria da Fiocruz \u00e9 uma hist\u00f3ria de resist\u00eancia. \u00c9 uma institui\u00e7\u00e3o que viveu momentos dif\u00edceis, mas que n\u00e3o se dobrou facilmente quando a democracia foi violada em nosso pa\u00eds\u201d.<\/p>\n<p style=\"text-align: justify;\">Considerado um dos maiores especialistas em leishmaniose cut\u00e2nea do mundo, Edgar Marcelino participou do encontro por videochamada e refor\u00e7ou o incentivo que as homenagens representam para o trabalho cient\u00edfico. \u201cAs premia\u00e7\u00f5es representam para n\u00f3s n\u00e3o somente satisfa\u00e7\u00e3o, mas tamb\u00e9m mais trabalho. Me sinto disposto a trabalhar ainda mais.\u201d<\/p>\n<p style=\"text-align: justify;\">\u00a0Ex-vice-presidente de Pesquisa e Ensino e ex-diretor do Instituto Oswaldo Cruz, Renato Cordeiro dedicou a homenagem do CD ao seu \u201cpai cient\u00edfico\u201d, o m\u00e9dico Haity Moussatch\u00e9, um dos dez cientistas cujos direitos foram cassados pelo regime militar em 1970, no epis\u00f3dio conhecido como Massacre de Manguinhos. \u201cEntrei na Fiocruz como estagi\u00e1rio na d\u00e9cada de 1960 e logo depois fomos \u2018presenteados\u2019 por aquela ditadura maldita. \u00c9 importante que todos n\u00f3s nos mantenhamos unidos e que tenhamos no\u00e7\u00e3o do risco que ainda corremos\u201d, refor\u00e7ou.<\/p>\n<h6 style=\"text-align: justify;\"><em><strong>Fonte: Portal Fiocruz, por David Barbosa (CCS)<\/strong><\/em><\/h6>\n<h6 style=\"text-align: justify;\"><em><strong>Fotos: Peter Ilicciev (CCS)<\/strong><\/em><\/h6>\n<\/div><\/section>\n","protected":false},"excerpt":{"rendered":"<p>Criada em 1993, a Ordem Nacional do M\u00e9rito Cient\u00edfico reconhece contribui\u00e7\u00f5es cient\u00edficas e t\u00e9cnicas de pesquisadores brasileiros e estrangeiros.<\/p>\n","protected":false},"author":20,"featured_media":39436,"comment_status":"closed","ping_status":"closed","sticky":true,"template":"","format":"image","meta":{"footnotes":""},"categories":[15],"tags":[136,120,119,131],"class_list":["post-39435","post","type-post","status-publish","format-image","has-post-thumbnail","hentry","category-noticias","tag-fiocruz","tag-fiocruz-amazonia","tag-ilmd","tag-ilmdfiocruz-amazonia","post_format-post-format-image"],"_links":{"self":[{"href":"https:\/\/amazonia.fiocruz.br\/index.php?rest_route=\/wp\/v2\/posts\/39435","targetHints":{"allow":["GET"]}}],"collection":[{"href":"https:\/\/amazonia.fiocruz.br\/index.php?rest_route=\/wp\/v2\/posts"}],"about":[{"href":"https:\/\/amazonia.fiocruz.br\/index.php?rest_route=\/wp\/v2\/types\/post"}],"author":[{"embeddable":true,"href":"https:\/\/amazonia.fiocruz.br\/index.php?rest_route=\/wp\/v2\/users\/20"}],"replies":[{"embeddable":true,"href":"https:\/\/amazonia.fiocruz.br\/index.php?rest_route=%2Fwp%2Fv2%2Fcomments&post=39435"}],"version-history":[{"count":1,"href":"https:\/\/amazonia.fiocruz.br\/index.php?rest_route=\/wp\/v2\/posts\/39435\/revisions"}],"predecessor-version":[{"id":39439,"href":"https:\/\/amazonia.fiocruz.br\/index.php?rest_route=\/wp\/v2\/posts\/39435\/revisions\/39439"}],"wp:featuredmedia":[{"embeddable":true,"href":"https:\/\/amazonia.fiocruz.br\/index.php?rest_route=\/wp\/v2\/media\/39436"}],"wp:attachment":[{"href":"https:\/\/amazonia.fiocruz.br\/index.php?rest_route=%2Fwp%2Fv2%2Fmedia&parent=39435"}],"wp:term":[{"taxonomy":"category","embeddable":true,"href":"https:\/\/amazonia.fiocruz.br\/index.php?rest_route=%2Fwp%2Fv2%2Fcategories&post=39435"},{"taxonomy":"post_tag","embeddable":true,"href":"https:\/\/amazonia.fiocruz.br\/index.php?rest_route=%2Fwp%2Fv2%2Ftags&post=39435"}],"curies":[{"name":"wp","href":"https:\/\/api.w.org\/{rel}","templated":true}]}}