{"id":39426,"date":"2023-08-08T10:25:20","date_gmt":"2023-08-08T14:25:20","guid":{"rendered":"https:\/\/amazonia.fiocruz.br\/?p=39426"},"modified":"2024-03-13T14:18:16","modified_gmt":"2024-03-13T18:18:16","slug":"servidores-aprovam-novo-regimento-interno-da-fiocruz-amazonia","status":"publish","type":"post","link":"https:\/\/amazonia.fiocruz.br\/?p=39426","title":{"rendered":"Servidores aprovam novo Regimento Interno da Fiocruz Amaz\u00f4nia"},"content":{"rendered":"<section class=\"av_textblock_section \"  itemscope=\"itemscope\" itemtype=\"https:\/\/schema.org\/BlogPosting\" itemprop=\"blogPost\" ><div class='avia_textblock  '   itemprop=\"text\" ><p style=\"text-align: justify;\">Em assembleia geral realizada na manh\u00e3 desta segunda-feira, 7\/08, os servidores do Instituto Le\u00f4nidas &amp; Maria Deane (ILMD\/Fiocruz Amaz\u00f4nia) aprovaram, por unanimidade, os destaques feitos ao novo Regimento Interno da unidade, concluindo assim o processo de discuss\u00e3o e aprova\u00e7\u00e3o do documento. Entre as altera\u00e7\u00f5es propostas, est\u00e3o a cria\u00e7\u00e3o de n\u00facleos e coordena\u00e7\u00f5es que acompanham a evolu\u00e7\u00e3o da Ci\u00eancia e passam a atender \u00e0s demandas de diversas \u00e1reas da pesquisa, a implanta\u00e7\u00e3o e coordena\u00e7\u00e3o da pol\u00edtica de comunica\u00e7\u00e3o da unidade e o controle interno de atividades junto \u00e0 diretoria. A assembleia foi presidida pela diretora do ILMD\/Fiocruz Amaz\u00f4nia, Adele Benzaken, e contou com representantes de todos os setores da institui\u00e7\u00e3o.<\/p>\n<p><img decoding=\"async\" class=\"aligncenter size-gallery wp-image-39428\" src=\"https:\/\/amazonia.fiocruz.br\/wp-content\/uploads\/2023\/08\/Assembleia-Geral_Foto-Ingrid-Anne_Fiocruz-Amazonia_07.08.2023-9-845x684.jpg\" alt=\"\" width=\"845\" height=\"684\" srcset=\"https:\/\/amazonia.fiocruz.br\/wp-content\/uploads\/2023\/08\/Assembleia-Geral_Foto-Ingrid-Anne_Fiocruz-Amazonia_07.08.2023-9-845x684.jpg 845w, https:\/\/amazonia.fiocruz.br\/wp-content\/uploads\/2023\/08\/Assembleia-Geral_Foto-Ingrid-Anne_Fiocruz-Amazonia_07.08.2023-9-495x400.jpg 495w\" sizes=\"(max-width: 845px) 100vw, 845px\" \/><\/p>\n<p style=\"text-align: justify;\">A extin\u00e7\u00e3o do N\u00facleo de Apoio \u00e0 Pesquisa (NAP) foi um dos pontos discutidos durante a reuni\u00e3o. Com a altera\u00e7\u00e3o, o setor cresce e passa a funcionar como Servi\u00e7o de Apoio \u00e0 Pesquisa e Inova\u00e7\u00e3o, composto por tr\u00eas n\u00facleos (de Inova\u00e7\u00e3o Tecnol\u00f3gica, de Servi\u00e7os e Refer\u00eancia e de Programas Institucionais). \u201cA mudan\u00e7a acompanha a evolu\u00e7\u00e3o da Ci\u00eancia e a amplia\u00e7\u00e3o dos quadros do ILMD\/Fiocruz Amaz\u00f4nia\u201d, afirmou a vice-diretora de Pesquisa e Inova\u00e7\u00e3o, Stefanie Lopes. Concordando com Stefanie, o chefe do Laborat\u00f3rio de Modelagem em Estat\u00edstica, Geoprocessamento e Epidemiologia (LEGEPI), Jesem Orellana, observou que o NAP teve sua relev\u00e2ncia hist\u00f3rica e atendeu ao prop\u00f3sito de sua cria\u00e7\u00e3o.<\/p>\n<p><img decoding=\"async\" class=\"aligncenter size-gallery wp-image-39429\" src=\"https:\/\/amazonia.fiocruz.br\/wp-content\/uploads\/2023\/08\/Assembleia-Geral_Foto-Ingrid-Anne_Fiocruz-Amazonia_07.08.2023-19-845x684.jpg\" alt=\"\" width=\"845\" height=\"684\" srcset=\"https:\/\/amazonia.fiocruz.br\/wp-content\/uploads\/2023\/08\/Assembleia-Geral_Foto-Ingrid-Anne_Fiocruz-Amazonia_07.08.2023-19-845x684.jpg 845w, https:\/\/amazonia.fiocruz.br\/wp-content\/uploads\/2023\/08\/Assembleia-Geral_Foto-Ingrid-Anne_Fiocruz-Amazonia_07.08.2023-19-495x400.jpg 495w\" sizes=\"(max-width: 845px) 100vw, 845px\" \/><\/p>\n<p style=\"text-align: justify;\">\u201cNo entanto, a unidade cresceu, ampliou seu escopo de atua\u00e7\u00e3o e a capacidade de trabalhar em rede, impondo a supera\u00e7\u00e3o de novos desafios, como o reordenamento de atua\u00e7\u00e3o do seu quadro de servidores e colaboradores. Ao fim, ganham o ILMD, a sociedade e o SUS\u201d, destacou Orellana. A metodologia utilizada na condu\u00e7\u00e3o da assembleia permitiu que que todos os destaques feitos durante tr\u00eas reuni\u00f5es do Conselho Deliberativo do ILMD\/Fiocruz Amaz\u00f4nia fossem aprovados, de forma \u00e1gil e democr\u00e1tica.<\/p>\n<p><img decoding=\"async\" class=\"aligncenter size-gallery wp-image-39430\" src=\"https:\/\/amazonia.fiocruz.br\/wp-content\/uploads\/2023\/08\/Assembleia-Geral_Foto-Ingrid-Anne_Fiocruz-Amazonia_07.08.2023-1-845x684.jpg\" alt=\"\" width=\"845\" height=\"684\" srcset=\"https:\/\/amazonia.fiocruz.br\/wp-content\/uploads\/2023\/08\/Assembleia-Geral_Foto-Ingrid-Anne_Fiocruz-Amazonia_07.08.2023-1-845x684.jpg 845w, https:\/\/amazonia.fiocruz.br\/wp-content\/uploads\/2023\/08\/Assembleia-Geral_Foto-Ingrid-Anne_Fiocruz-Amazonia_07.08.2023-1-495x400.jpg 495w\" sizes=\"(max-width: 845px) 100vw, 845px\" \/><\/p>\n<p style=\"text-align: justify;\">Uma vers\u00e3o atualizada contendo mudan\u00e7as em pontos espec\u00edficos do Regimento Interno foi elaborada pela Diretoria com apoio de sua Assessoria e em consulta aos colaboradores do ILMD\/Fiocruz Amaz\u00f4nia de todos os setores. Esta nova vers\u00e3o foi discutida e apreciada pelo Conselho Deliberativo nos dias 24\/04\/2023, 08\/05\/2023 e 15\/05\/2023. Durante a assembleia, os participantes com direito a voto poderiam apreciar, alterar, suprimir ou aprovar os artigos com proposta de mudan\u00e7a (destacados em vermelho na minuta do Regimento Interno encaminhada a todos os servidores da institui\u00e7\u00e3o).<\/p>\n<p><img decoding=\"async\" class=\"aligncenter size-gallery wp-image-39431\" src=\"https:\/\/amazonia.fiocruz.br\/wp-content\/uploads\/2023\/08\/Assembleia-Geral_Foto-Ingrid-Anne_Fiocruz-Amazonia_07.08.2023-17-845x684.jpg\" alt=\"\" width=\"845\" height=\"684\" srcset=\"https:\/\/amazonia.fiocruz.br\/wp-content\/uploads\/2023\/08\/Assembleia-Geral_Foto-Ingrid-Anne_Fiocruz-Amazonia_07.08.2023-17-845x684.jpg 845w, https:\/\/amazonia.fiocruz.br\/wp-content\/uploads\/2023\/08\/Assembleia-Geral_Foto-Ingrid-Anne_Fiocruz-Amazonia_07.08.2023-17-495x400.jpg 495w\" sizes=\"(max-width: 845px) 100vw, 845px\" \/><\/p>\n<p style=\"text-align: justify;\">Participaram da assembleia com direito a voto os servidores ativos da Fiocruz lotados na unidade, os servidores cedidos oficialmente de outras institui\u00e7\u00f5es p\u00fablicas, com mais de um ano de atividades na unidade, servidores ocupantes de cargos de confian\u00e7a (tamb\u00e9m com mais de um ano na unidade), assim como pesquisadores visitantes de \u00f3rg\u00e3os p\u00fablicos nacionais ou internacionais, de \u00f3rg\u00e3o de fomento ou outras formas de coopera\u00e7\u00e3o, um representante do corpo discente da cada programa de p\u00f3s-gradua\u00e7\u00e3o Stricto Sensu, devidamente matriculado e com mais de um ano na institui\u00e7\u00e3o, e um representante do conjunto de profissionais prestadores de servi\u00e7os, tamb\u00e9m com mais de um ano na unidade, vinculado \u00e0 empresa contratada.<\/p>\n<p><img decoding=\"async\" class=\"aligncenter size-gallery wp-image-39433\" src=\"https:\/\/amazonia.fiocruz.br\/wp-content\/uploads\/2023\/08\/Assembleia-Geral_Foto-Ingrid-Anne_Fiocruz-Amazonia_07.08.2023-10-845x684.jpg\" alt=\"\" width=\"845\" height=\"684\" srcset=\"https:\/\/amazonia.fiocruz.br\/wp-content\/uploads\/2023\/08\/Assembleia-Geral_Foto-Ingrid-Anne_Fiocruz-Amazonia_07.08.2023-10-845x684.jpg 845w, https:\/\/amazonia.fiocruz.br\/wp-content\/uploads\/2023\/08\/Assembleia-Geral_Foto-Ingrid-Anne_Fiocruz-Amazonia_07.08.2023-10-495x400.jpg 495w\" sizes=\"(max-width: 845px) 100vw, 845px\" \/><\/p>\n<p style=\"text-align: justify;\">A diretora do ILMD\/Fiocruz Amaz\u00f4nia agradeceu a presen\u00e7a e o envolvimento de todos ao longo do processo de discuss\u00e3o das pautas do Regimento Interno. \u201cDevemos ser ousados, se necess\u00e1rio criar, sim, novos servi\u00e7os porque, ao fazermos isso, nos obrigamos de alguma forma a termos instrumentos para requerer mais profissionais para ocupar determinadas fun\u00e7\u00f5es\u201d, afirmou, agradecendo a todos.<\/p>\n<p><em><strong>ILMD\/Fiocruz Amaz\u00f4nia, por J\u00falio Pedrosa<\/strong><\/em><\/p>\n<p><em><strong>Fotos: Eduardo Gomes<\/strong><\/em><\/p>\n<\/div><\/section>\n","protected":false},"excerpt":{"rendered":"<p>A assembleia foi presidida pela diretora do ILMD\/Fiocruz Amaz\u00f4nia, Adele Benzaken, e contou com representantes de todos os setores da institui\u00e7\u00e3o.<\/p>\n","protected":false},"author":20,"featured_media":39427,"comment_status":"closed","ping_status":"closed","sticky":true,"template":"","format":"image","meta":{"footnotes":""},"categories":[15],"tags":[136,120,119,131,274],"class_list":["post-39426","post","type-post","status-publish","format-image","has-post-thumbnail","hentry","category-noticias","tag-fiocruz","tag-fiocruz-amazonia","tag-ilmd","tag-ilmdfiocruz-amazonia","tag-regimento-interno","post_format-post-format-image"],"_links":{"self":[{"href":"https:\/\/amazonia.fiocruz.br\/index.php?rest_route=\/wp\/v2\/posts\/39426","targetHints":{"allow":["GET"]}}],"collection":[{"href":"https:\/\/amazonia.fiocruz.br\/index.php?rest_route=\/wp\/v2\/posts"}],"about":[{"href":"https:\/\/amazonia.fiocruz.br\/index.php?rest_route=\/wp\/v2\/types\/post"}],"author":[{"embeddable":true,"href":"https:\/\/amazonia.fiocruz.br\/index.php?rest_route=\/wp\/v2\/users\/20"}],"replies":[{"embeddable":true,"href":"https:\/\/amazonia.fiocruz.br\/index.php?rest_route=%2Fwp%2Fv2%2Fcomments&post=39426"}],"version-history":[{"count":2,"href":"https:\/\/amazonia.fiocruz.br\/index.php?rest_route=\/wp\/v2\/posts\/39426\/revisions"}],"predecessor-version":[{"id":42474,"href":"https:\/\/amazonia.fiocruz.br\/index.php?rest_route=\/wp\/v2\/posts\/39426\/revisions\/42474"}],"wp:featuredmedia":[{"embeddable":true,"href":"https:\/\/amazonia.fiocruz.br\/index.php?rest_route=\/wp\/v2\/media\/39427"}],"wp:attachment":[{"href":"https:\/\/amazonia.fiocruz.br\/index.php?rest_route=%2Fwp%2Fv2%2Fmedia&parent=39426"}],"wp:term":[{"taxonomy":"category","embeddable":true,"href":"https:\/\/amazonia.fiocruz.br\/index.php?rest_route=%2Fwp%2Fv2%2Fcategories&post=39426"},{"taxonomy":"post_tag","embeddable":true,"href":"https:\/\/amazonia.fiocruz.br\/index.php?rest_route=%2Fwp%2Fv2%2Ftags&post=39426"}],"curies":[{"name":"wp","href":"https:\/\/api.w.org\/{rel}","templated":true}]}}