{"id":39262,"date":"2023-07-12T09:54:07","date_gmt":"2023-07-12T13:54:07","guid":{"rendered":"https:\/\/amazonia.fiocruz.br\/?p=39262"},"modified":"2023-07-12T09:55:27","modified_gmt":"2023-07-12T13:55:27","slug":"premio-oswaldo-cruz-de-teses-prorroga-inscricoes-ate-14-7","status":"publish","type":"post","link":"https:\/\/amazonia.fiocruz.br\/?p=39262","title":{"rendered":"Pr\u00eamio Oswaldo Cruz de Teses prorroga inscri\u00e7\u00f5es at\u00e9 14\/7"},"content":{"rendered":"<section class=\"av_textblock_section \"  itemscope=\"itemscope\" itemtype=\"https:\/\/schema.org\/BlogPosting\" itemprop=\"blogPost\" ><div class='avia_textblock  '   itemprop=\"text\" ><p style=\"text-align: justify;\">O Pr\u00eamio Oswaldo Cruz de Teses, iniciativa coordenada pela Vice-Presid\u00eancia de Educa\u00e7\u00e3o, Informa\u00e7\u00e3o e Comunica\u00e7\u00e3o (VPEIC), que est\u00e1 em sua s\u00e9tima edi\u00e7\u00e3o e visa distinguir teses de elevado valor para o avan\u00e7o do campo da sa\u00fade em diversas \u00e1reas tem\u00e1ticas de atua\u00e7\u00e3o da Funda\u00e7\u00e3o Oswaldo Cruz, prorrogou suas inscri\u00e7\u00f5es. De acordo com o novo cronograma, candidatos podem inscrever suas teses at\u00e9 14 de julho.<\/p>\n<p style=\"text-align: justify;\">Confira na <a href=\"https:\/\/campusvirtual.fiocruz.br\/portal\/?q=content\/70498\">Chamada do Pr\u00eamio<\/a> o <a href=\"https:\/\/campusvirtual.fiocruz.br\/portal\/sites\/default\/files\/editais\/Edital%20de%20chamada%20-%20prorroga%C3%A7%C3%A3o%20das%20inscri%C3%A7%C3%B5es%202023.pdf\">Edital de prorroga\u00e7\u00e3o<\/a> com as novas datas do cronograma e inscreva-se!<\/p>\n<p style=\"text-align: justify;\">A Medalha Virginia Schall de M\u00e9rito Educacional, tamb\u00e9m coordenada pela Vice-Presid\u00eancia de Educa\u00e7\u00e3o, Informa\u00e7\u00e3o e Comunica\u00e7\u00e3o (VPEIC) e que est\u00e1 em sua sexta edi\u00e7\u00e3o, reconhece e valoriza os esfor\u00e7os educacionais de seus servidores e servidoras, destacando trajet\u00f3rias acad\u00eamicas de elevado m\u00e9rito na educa\u00e7\u00e3o no campo da sa\u00fade, segue com inscri\u00e7\u00f5es abertas at\u00e9 22 de agosto.<\/p>\n<p style=\"text-align: justify;\">Confira a <a href=\"https:\/\/campusvirtual.fiocruz.br\/portal\/?q=content\/70497\">Chamada<\/a> e <a href=\"https:\/\/campusvirtual.fiocruz.br\/portal\/sites\/default\/files\/editais\/Chamada_Medalha_Virginia_Schall_2023.pdf\">o Edital<\/a> e inscreva-se!<\/p>\n<p style=\"text-align: justify;\">Ambos os pr\u00eamios valorizam a produ\u00e7\u00e3o do conhecimento acad\u00eamico em sa\u00fade. Veja abaixo mais informa\u00e7\u00f5es!<\/p>\n<p style=\"text-align: justify;\"><strong>Pr\u00eamio Oswaldo Cruz de Teses 2023 &#8211; inscri\u00e7\u00f5es prorrogadas at\u00e9 14\/7\/2023<\/strong><\/p>\n<p style=\"text-align: justify;\">O Pr\u00eamio Oswaldo Cruz de Teses (Poct) visa distinguir teses de elevado valor para o avan\u00e7o do campo da sa\u00fade em diversas \u00e1reas tem\u00e1ticas de atua\u00e7\u00e3o da Funda\u00e7\u00e3o Oswaldo Cruz.<\/p>\n<p style=\"text-align: justify;\">Poder\u00e3o concorrer doutores e doutoras, cujas teses tenham sido defendidas entre os meses de maio de 2022 e abril de 2023 nos cursos da Fiocruz e de cursos nos quais a Funda\u00e7\u00e3o participa de forma compartilhada, e que sejam registrados na Coordena\u00e7\u00e3o-Geral de Educa\u00e7\u00e3o (CGE).<\/p>\n<p style=\"text-align: justify;\">As inscri\u00e7\u00f5es podem ser realizadas tanto por alunos egressos como pelas coordena\u00e7\u00f5es dos programas de p\u00f3s-gradua\u00e7\u00e3o (PPG) da Fiocruz, com a anu\u00eancia do egresso. \u00c9 importante ressaltar que n\u00e3o h\u00e1 restri\u00e7\u00e3o quanto ao n\u00famero de egressos inscritos por curso. Nesta dire\u00e7\u00e3o, n\u00e3o devem ser identificados os trabalhos publicados como resultado da tese.<\/p>\n<p style=\"text-align: justify;\">Destaca-se ainda que a comiss\u00e3o julgadora do Poct ser\u00e1 formada por membros externos \u00e0 Fiocruz, considerando o n\u00famero de inscritos em cada \u00e1rea. Al\u00e9m disso, dever\u00e1 haver pelo menos tr\u00eas membros para cada \u00e1rea.<\/p>\n<p style=\"text-align: justify;\">Ser\u00e1 selecionada uma tese de cada uma das \u00e1reas abaixo indicadas:<\/p>\n<p style=\"text-align: justify;\">\u2022 Ci\u00eancias Biol\u00f3gicas aplicadas e Biomedicina;<\/p>\n<p style=\"text-align: justify;\">\u2022 Medicina;<\/p>\n<p style=\"text-align: justify;\">\u2022 Sa\u00fade Coletiva;<\/p>\n<p style=\"text-align: justify;\">\u2022 Ci\u00eancias Humanas e Sociais.<\/p>\n<p style=\"text-align: justify;\">O PPG no qual foi realizado o curso n\u00e3o limita a escolha da \u00e1rea. O candidato ou o PPG que o indicou deve apontar no formul\u00e1rio de inscri\u00e7\u00e3o a \u00e1rea tem\u00e1tica na qual melhor se enquadra o trabalho. As inscri\u00e7\u00f5es devem ser enviadas para o e-mail: <a href=\"mailto:premio.oct@fiocruz.br\">premio.oct@fiocruz.br<\/a> .<\/p>\n<p style=\"text-align: justify;\">Cada premiado receber\u00e1 um certificado e o apoio de at\u00e9 R$ 7.500,00 (sete mil e quinhentos reais), que poder\u00e1 ser utilizado para deslocamento, inscri\u00e7\u00e3o e estadia em eventos presenciais; inscri\u00e7\u00e3o em evento remoto; publica\u00e7\u00f5es de artigos em revistas especializadas\/tradu\u00e7\u00f5es de artigos (obrigatoriamente em revista de acesso aberto e Qualis B2 ou superior na respectiva \u00e1rea de avalia\u00e7\u00e3o do PPG de origem na Capes); em cursos presenciais ou \u00e0 dist\u00e2ncia e compra de livros acad\u00eamicos.<\/p>\n<p style=\"text-align: justify;\">Vale destacar que o apoio financeiro poder\u00e1 ser utilizado at\u00e9 um ano ap\u00f3s a data do recebimento do pr\u00eamio; e tamb\u00e9m dividido em, no m\u00e1ximo, duas das despesas mencionadas acima, n\u00e3o podendo ultrapassar o valor total da premia\u00e7\u00e3o (o eventual valor excedente dever\u00e1 ser custeado pelo pr\u00f3prio premiado ou premiada).<\/p>\n<p style=\"text-align: justify;\">As inscri\u00e7\u00f5es foram prorrogadas at\u00e9 14\/7\/2023!<\/p>\n<p style=\"text-align: justify;\"><strong>Medalha Virginia Schall de M\u00e9rito Educacional 2023 &#8211; inscri\u00e7\u00f5es at\u00e9 22\/8\/2023<\/strong><\/p>\n<p style=\"text-align: justify;\">A Medalha Virginia Schall de M\u00e9rito Educacional tem como objetivo reconhecer e valorizar os esfor\u00e7os educacionais de seus servidores e servidoras, distinguindo trajet\u00f3rias acad\u00eamicas de elevado m\u00e9rito na educa\u00e7\u00e3o no campo da sa\u00fade. A premia\u00e7\u00e3o \u00e9 concedida para apenas um indiv\u00edduo, sem a possibilidade de concess\u00e3o compartilhada nem a concess\u00e3o de men\u00e7\u00e3o honrosa.<\/p>\n<p style=\"text-align: justify;\">No ano de 2023, somente ser\u00e3o aceitas candidaturas de profissionais com destacada atua\u00e7\u00e3o nas \u00e1reas da Sa\u00fade Coletiva e Ci\u00eancias Humanas e Sociais.<\/p>\n<p style=\"text-align: justify;\">Espera-se dos candidatos indicados \u00e0 Medalha uma trajet\u00f3ria merit\u00f3ria de contribui\u00e7\u00f5es para a educa\u00e7\u00e3o por meio da forma\u00e7\u00e3o de pessoal para o campo da sa\u00fade e reconhecida pelos pares; integridade profissional; contribui\u00e7\u00e3o duradoura para o campo de atua\u00e7\u00e3o, expressa, entre outros elementos, pela capacidade de seus ex-alunos; reconhecimento geral das caracter\u00edsticas de lideran\u00e7a no campo da educa\u00e7\u00e3o; e influ\u00eancia estadual, nacional e\/ou internacional nas pol\u00edticas educacionais.<\/p>\n<p style=\"text-align: justify;\">A candidatura \u00e0 Medalha poder\u00e1 ser apresentada de tr\u00eas formas:<\/p>\n<p style=\"text-align: justify;\">(a) Autoindica\u00e7\u00e3o \u2013 o servidor apresenta a sua pr\u00f3pria candidatura;<\/p>\n<p style=\"text-align: justify;\">(b) Indica\u00e7\u00e3o pelo Conselho Deliberativo (CD) de unidade da Fiocruz;<\/p>\n<p style=\"text-align: justify;\">(c) Indica\u00e7\u00e3o pela Comiss\u00e3o de P\u00f3s-Gradua\u00e7\u00e3o (CPG) de programas de p\u00f3s-gradua\u00e7\u00e3o Stricto sensu da Fiocruz.<\/p>\n<p style=\"text-align: justify;\">Os documentos para candidatura devem ser enviados com clara indica\u00e7\u00e3o do nome do candidato(a) para o endere\u00e7o <a href=\"mailto:medalhavs@fiocruz.br\">medalhavs@fiocruz.br<\/a> .<\/p>\n<p style=\"text-align: justify;\">As inscri\u00e7\u00f5es v\u00e3o at\u00e9 22\/8\/2023!<\/p>\n<\/div><\/section>\n","protected":false},"excerpt":{"rendered":"<p>Pr\u00eamio reconhece e valoriza os esfor\u00e7os educacionais de seus servidores e servidoras, destacando trajet\u00f3rias acad\u00eamicas de elevado m\u00e9rito na educa\u00e7\u00e3o no campo da sa\u00fade<\/p>\n","protected":false},"author":20,"featured_media":39263,"comment_status":"closed","ping_status":"closed","sticky":true,"template":"","format":"image","meta":{"footnotes":""},"categories":[15],"tags":[136,120,119,131,420,1147],"class_list":["post-39262","post","type-post","status-publish","format-image","has-post-thumbnail","hentry","category-noticias","tag-fiocruz","tag-fiocruz-amazonia","tag-ilmd","tag-ilmdfiocruz-amazonia","tag-premio","tag-teses","post_format-post-format-image"],"_links":{"self":[{"href":"https:\/\/amazonia.fiocruz.br\/index.php?rest_route=\/wp\/v2\/posts\/39262","targetHints":{"allow":["GET"]}}],"collection":[{"href":"https:\/\/amazonia.fiocruz.br\/index.php?rest_route=\/wp\/v2\/posts"}],"about":[{"href":"https:\/\/amazonia.fiocruz.br\/index.php?rest_route=\/wp\/v2\/types\/post"}],"author":[{"embeddable":true,"href":"https:\/\/amazonia.fiocruz.br\/index.php?rest_route=\/wp\/v2\/users\/20"}],"replies":[{"embeddable":true,"href":"https:\/\/amazonia.fiocruz.br\/index.php?rest_route=%2Fwp%2Fv2%2Fcomments&post=39262"}],"version-history":[{"count":1,"href":"https:\/\/amazonia.fiocruz.br\/index.php?rest_route=\/wp\/v2\/posts\/39262\/revisions"}],"predecessor-version":[{"id":39264,"href":"https:\/\/amazonia.fiocruz.br\/index.php?rest_route=\/wp\/v2\/posts\/39262\/revisions\/39264"}],"wp:featuredmedia":[{"embeddable":true,"href":"https:\/\/amazonia.fiocruz.br\/index.php?rest_route=\/wp\/v2\/media\/39263"}],"wp:attachment":[{"href":"https:\/\/amazonia.fiocruz.br\/index.php?rest_route=%2Fwp%2Fv2%2Fmedia&parent=39262"}],"wp:term":[{"taxonomy":"category","embeddable":true,"href":"https:\/\/amazonia.fiocruz.br\/index.php?rest_route=%2Fwp%2Fv2%2Fcategories&post=39262"},{"taxonomy":"post_tag","embeddable":true,"href":"https:\/\/amazonia.fiocruz.br\/index.php?rest_route=%2Fwp%2Fv2%2Ftags&post=39262"}],"curies":[{"name":"wp","href":"https:\/\/api.w.org\/{rel}","templated":true}]}}