{"id":39234,"date":"2023-07-07T10:25:09","date_gmt":"2023-07-07T14:25:09","guid":{"rendered":"https:\/\/amazonia.fiocruz.br\/?p=39234"},"modified":"2024-10-25T10:27:41","modified_gmt":"2024-10-25T14:27:41","slug":"fiocruz-amazonia-integra-projeto-do-instituto-frances-de-pesquisa-para-o-desenvolvimento-na-area-de-vigilancia-de-doencas-infecciosas-natriplice-fronteira","status":"publish","type":"post","link":"https:\/\/amazonia.fiocruz.br\/?p=39234","title":{"rendered":"Fiocruz Amaz\u00f4nia integra projeto do Instituto Franc\u00eas de Pesquisa para o Desenvolvimento na \u00e1rea de vigil\u00e2ncia de doen\u00e7as infecciosas naTr\u00edplice Fronteira"},"content":{"rendered":"<section class=\"av_textblock_section \"  itemscope=\"itemscope\" itemtype=\"https:\/\/schema.org\/BlogPosting\" itemprop=\"blogPost\" ><div class='avia_textblock  '   itemprop=\"text\" ><p style=\"text-align: justify;\">O Instituto Le\u00f4nidas &amp; Maria Deane (ILMD\/Fiocruz Amaz\u00f4nia), junto com a Universidade de Bras\u00edlia (UnB) e o Instituto Franc\u00eas de Pesquisa para o Desenvolvimento (IRD), integra o Laborat\u00f3rio Misto Internacional Sentinela, iniciativa que tem como objetivo expandir, desenvolver e implementar metodologias e ferramentas sustent\u00e1veis para a obten\u00e7\u00e3o, representa\u00e7\u00e3o e an\u00e1lise conjunta de dados, informa\u00e7\u00f5es e conhecimentos transfronteiri\u00e7os relativos a doen\u00e7as infecciosas, para implementa\u00e7\u00e3o de s\u00edtios sentinelas transdisciplinares, territorialiados e transfronteiri\u00e7os para a sa\u00fade p\u00fablica. A Fiocruz Amaz\u00f4nia participa do LMI Sentinela com o Projeto Vigil\u00e2ncia Transfronteiri\u00e7a em Sa\u00fade com Base Comunit\u00e1ria na Tr\u00edplice Fronteira, com a participa\u00e7\u00e3o de pesquisadores do N\u00facleo de Pat\u00f3genos, Reservat\u00f3rios e Vetores na Amaz\u00f4nia \u2013 PreV Amaz\u00f4nia, pertencente ao Laborat\u00f3rio de Ecologia de Doen\u00e7as Transmiss\u00edveis na Amaz\u00f4nia (EDTA), tendo como integrantes os pesquisadores Sergio Luz Bessa (chefe do N\u00facleo), Jos\u00e9 Joaqu\u00edn Carvajal Cortes e Alessandra Nava.<\/p>\n<p style=\"text-align: justify;\">Durante tr\u00eas dias (3 a 5\/07), o Instituto Franc\u00eas realizou em Manaus um workshop com a finalidade de discutir quest\u00f5es globais relacionadas \u00e0 Amaz\u00f4nia e estabelecer estrat\u00e9gias de a\u00e7\u00e3o para o desenvolvimento de pesquisas em parceria com institui\u00e7\u00f5es do Brasil e da Fran\u00e7a. A inten\u00e7\u00e3o \u00e9 definir uma estrat\u00e9gia cient\u00edfica para o Instituto e os parceiros, baseada nas expectativas dos parceiros e dos governos e discutida com alguns financiadores. O encontro resultou na elabora\u00e7\u00e3o da &#8220;Declara\u00e7\u00e3o de Manaus para a pesquisa compartilhada na Amaz\u00f4nia&#8221;, em conjunto com a Organiza\u00e7\u00e3o do Tratado de Coopera\u00e7\u00e3o Amaz\u00f4nica (OTCA), que poder\u00e1 ser apresentada na C\u00fapula dos Chefes de Estado da Amaz\u00f4nia prevista para o in\u00edcio de agosto em Bel\u00e9m.<\/p>\n<p style=\"text-align: justify;\"><img decoding=\"async\" class=\"aligncenter wp-image-39236 size-gallery\" src=\"https:\/\/amazonia.fiocruz.br\/wp-content\/uploads\/2023\/07\/bfc35c9d-81ce-405d-a06d-e0ce8673e924-845x684.jpg\" alt=\"\" width=\"845\" height=\"684\" srcset=\"https:\/\/amazonia.fiocruz.br\/wp-content\/uploads\/2023\/07\/bfc35c9d-81ce-405d-a06d-e0ce8673e924-845x684.jpg 845w, https:\/\/amazonia.fiocruz.br\/wp-content\/uploads\/2023\/07\/bfc35c9d-81ce-405d-a06d-e0ce8673e924-495x400.jpg 495w\" sizes=\"(max-width: 845px) 100vw, 845px\" \/><\/p>\n<p style=\"text-align: justify;\">Do ILMD, participaram como palestrantes do workshop os pesquisadores Jos\u00e9 Joaqu\u00edn Carvajal e Alessandra Nava, do PReV Amaz\u00f4nia. Nesta quinta-feira, 06\/07, o ILMD recebeu a visita da conselheira adjunta de coopera\u00e7\u00e3o e de a\u00e7\u00e3o cultural da Embaixada da Fran\u00e7a no Brasil, Sophie Jacquel, para conhecer a unidade e estabelecer poss\u00edveis parcerias a projetos de pesquisa em andamento dentro do LMI Sentinela e outros projetos de interesse do instituto. Ela foi recepcionada de modo on line pela vice-diretora de Pesquisa e Inova\u00e7\u00e3o, Stefanie Lopes, e pelo pesquisador da Fiocruz Amaz\u00f4nia, S\u00e9rgio Luz Bessa. Presencialmente, foi recebida pelos pesquisadores Joaqu\u00edn Carvajal, Alessandra Nava e Luiza Garnelo. A visita faz parte da programa\u00e7\u00e3o do workshop e foi recomendada pelo IRD. Foram apresentadas as linhas de pesquisa dos laborat\u00f3rios da Fiocruz Amaz\u00f4nia e alguns dos projetos desenvolvidos nas \u00e1reas de One Health, Sa\u00fade Ind\u00edgena e Vigil\u00e2ncia de Pat\u00f3genos, al\u00e9m dos programas de p\u00f3s-gradua\u00e7\u00e3o oferecidos pela institui\u00e7\u00e3o.<\/p>\n<p style=\"text-align: justify;\"><strong>DESAFIOS CIENT\u00cdFICOS<\/strong><\/p>\n<p style=\"text-align: justify;\">O workshop contou com cinco mesas-redondas em torno dos &#8220;desafios cient\u00edficos&#8221; para os quais o IRD pode contribuir transferindo experi\u00eancias, conhecimentos e compet\u00eancias para os pa\u00edses da regi\u00e3o amaz\u00f4nica. As mesas-redondas foram precedidas de apresenta\u00e7\u00f5es de cientistas e de organiza\u00e7\u00f5es governamentais e n\u00e3o governamentais para dar uma vis\u00e3o regional das quest\u00f5es abordadas e dos desafios a enfrentar nestas \u00e1reas. Os temas abordados foram \u201cBiodiversidade e Gest\u00e3o Sustent\u00e1vel e Equitativa dos Recursos Naturais\u201d, \u201cGeorecursos e One Health\u201d e \u201cCidades Sustent\u00e1veis e Desenvolvimento Territorial\u201d. O evento contou com a participa\u00e7\u00e3o de diversas institui\u00e7\u00f5es parceiras do IRD, a exemplo da CPRM, Universidade Federal do Amazonas (Ufam), Universidade do Estado do Amazonas (UEA), Instituto de Pesquisa da Amaz\u00f4nia Peruana (IIAP), Universidad Peruana Caytano Heredia (Peru), Universidade de La Paz, Universidade de los Andes, Instituto Mamirau\u00e1 e WWF, entre outros.<\/p>\n<p style=\"text-align: justify;\">A m\u00e9dica veterin\u00e1ria Alessandra Nava participou da mesa redonda sobre &#8220;Georecursos e One Health&#8221;, enfocando a quest\u00e3o\u00a0 estrat\u00e9gica da biodiversidade amazonica como indicadores de processos que possam amea\u00e7ar a saude ambiental. Mencionou o Biobanco da Biodiversidade do ILMD como ferramenta nesse monitoramento e a import\u00e2ncia de parcerias institucionais bem estabelecidas , como a constru\u00e7\u00e3o da Rede Norte e Nordeste em vigilancia de pat\u00f3genos silvestres firmada pelo ILMD e PICTIS juntamente com a Fiocruz Cear\u00e1.<\/p>\n<p style=\"text-align: justify;\"><img decoding=\"async\" class=\"aligncenter wp-image-39237 size-gallery\" src=\"https:\/\/amazonia.fiocruz.br\/wp-content\/uploads\/2023\/07\/4c264bca-c896-4e13-a19b-9147b836d88e-845x684.jpg\" alt=\"\" width=\"845\" height=\"684\" srcset=\"https:\/\/amazonia.fiocruz.br\/wp-content\/uploads\/2023\/07\/4c264bca-c896-4e13-a19b-9147b836d88e-845x684.jpg 845w, https:\/\/amazonia.fiocruz.br\/wp-content\/uploads\/2023\/07\/4c264bca-c896-4e13-a19b-9147b836d88e-495x400.jpg 495w\" sizes=\"(max-width: 845px) 100vw, 845px\" \/><\/p>\n<p style=\"text-align: justify;\"><strong>SERVI\u00c7OS AMBIENTAIS<\/strong><\/p>\n<p style=\"text-align: justify;\">O IRD, por meio do LMI Sentinela e outros laborat\u00f3rios mistos internacionais, vem dando uma aten\u00e7\u00e3o especial a quest\u00f5es relativas aos servi\u00e7os ambientais prestados pela Amaz\u00f4nia em rela\u00e7\u00e3o ao clima e \u00e0s diferentes fases que caracterizam a regi\u00e3o amaz\u00f4nica. Sa\u00fade Global, rios voadores (criados pela evapotranspira\u00e7\u00e3o das \u00e1rvores e que fornecem chuva para outras regi\u00f5es do Planeta), a perda da biodiversidade, os efeitos do desmatamento no clima, o avan\u00e7o do agroneg\u00f3cio e das migra\u00e7\u00f5es s\u00e3o alguns dos temas que est\u00e3o no centro dos debates.<\/p>\n<p style=\"text-align: justify;\">Recentemente, Joaqu\u00edn Carvajal Cortes, apresentou\u00a0 os resultados das pesquisas do Laborat\u00f3rio do N\u00facleo PReV Amaz\u00f4nia e do LMI Sentinela, num Semin\u00e1rio Internacional do Projeto PROGYSAT, na Guiana Francesa. O palestrante abordou sobre os desafios e perspectivas da vigil\u00e2ncia entomol\u00f3gica espa\u00e7o-temporal em zonas de fronteira e resultados do controle de Aedes atrav\u00e9s das Esta\u00e7\u00f5es Disseminadores de Larvicida no Brasil, avaliando a possibilidade de implementa\u00e7\u00e3o da estrat\u00e9gia em Caiena e Kouros (Guiana Francesa). O PROGYSAT faz \u00eanfase no desenvolvimento ou \u00e0 harmoniza\u00e7\u00e3o de aplica\u00e7\u00f5es tem\u00e1ticas baseadas em imagens de sat\u00e9lite, em quatro eixos tem\u00e1ticos: recursos h\u00eddricos e sensibilidade ambiental; mal\u00e1ria e arboviroses transmitidas por mosquitos; polui\u00e7\u00e3o, urbaniza\u00e7\u00e3o e habita\u00e7\u00e3o prec\u00e1ria e conhecimento da diversidade florestal.<\/p>\n<p style=\"text-align: justify;\"><em>ILMD\/Fiocruz Amaz\u00f4nia, Por J\u00falio Pedrosa<\/em><\/p>\n<p><em>Fotos: J\u00falio Pedrosa<\/em><\/p>\n<\/div><\/section>\n","protected":false},"excerpt":{"rendered":"","protected":false},"author":20,"featured_media":39235,"comment_status":"closed","ping_status":"closed","sticky":true,"template":"","format":"image","meta":{"footnotes":""},"categories":[15],"tags":[136,120,119,131],"class_list":["post-39234","post","type-post","status-publish","format-image","has-post-thumbnail","hentry","category-noticias","tag-fiocruz","tag-fiocruz-amazonia","tag-ilmd","tag-ilmdfiocruz-amazonia","post_format-post-format-image"],"_links":{"self":[{"href":"https:\/\/amazonia.fiocruz.br\/index.php?rest_route=\/wp\/v2\/posts\/39234","targetHints":{"allow":["GET"]}}],"collection":[{"href":"https:\/\/amazonia.fiocruz.br\/index.php?rest_route=\/wp\/v2\/posts"}],"about":[{"href":"https:\/\/amazonia.fiocruz.br\/index.php?rest_route=\/wp\/v2\/types\/post"}],"author":[{"embeddable":true,"href":"https:\/\/amazonia.fiocruz.br\/index.php?rest_route=\/wp\/v2\/users\/20"}],"replies":[{"embeddable":true,"href":"https:\/\/amazonia.fiocruz.br\/index.php?rest_route=%2Fwp%2Fv2%2Fcomments&post=39234"}],"version-history":[{"count":3,"href":"https:\/\/amazonia.fiocruz.br\/index.php?rest_route=\/wp\/v2\/posts\/39234\/revisions"}],"predecessor-version":[{"id":49562,"href":"https:\/\/amazonia.fiocruz.br\/index.php?rest_route=\/wp\/v2\/posts\/39234\/revisions\/49562"}],"wp:featuredmedia":[{"embeddable":true,"href":"https:\/\/amazonia.fiocruz.br\/index.php?rest_route=\/wp\/v2\/media\/39235"}],"wp:attachment":[{"href":"https:\/\/amazonia.fiocruz.br\/index.php?rest_route=%2Fwp%2Fv2%2Fmedia&parent=39234"}],"wp:term":[{"taxonomy":"category","embeddable":true,"href":"https:\/\/amazonia.fiocruz.br\/index.php?rest_route=%2Fwp%2Fv2%2Fcategories&post=39234"},{"taxonomy":"post_tag","embeddable":true,"href":"https:\/\/amazonia.fiocruz.br\/index.php?rest_route=%2Fwp%2Fv2%2Ftags&post=39234"}],"curies":[{"name":"wp","href":"https:\/\/api.w.org\/{rel}","templated":true}]}}