{"id":38944,"date":"2023-05-24T14:19:50","date_gmt":"2023-05-24T18:19:50","guid":{"rendered":"https:\/\/amazonia.fiocruz.br\/?p=38944"},"modified":"2023-05-26T16:45:51","modified_gmt":"2023-05-26T20:45:51","slug":"fiocruz-amazonia-parabeniza-a-fapeam-pelos-20-anos-de-fomento-a-pesquisa-cientifica-e-tecnologica","status":"publish","type":"post","link":"https:\/\/amazonia.fiocruz.br\/?p=38944","title":{"rendered":"Fiocruz Amaz\u00f4nia parabeniza a Fapeam pelos 20 anos de fomento \u00e0 pesquisa cient\u00edfica e tecnol\u00f3gica"},"content":{"rendered":"<section class=\"av_textblock_section \"  itemscope=\"itemscope\" itemtype=\"https:\/\/schema.org\/BlogPosting\" itemprop=\"blogPost\" ><div class='avia_textblock  '   itemprop=\"text\" ><p style=\"text-align: justify;\">O Instituto Le\u00f4nidas &amp; Maria Deane (ILMD\/Fiocruz Amaz\u00f4nia) foi uma das institui\u00e7\u00f5es presentes, na tarde desta ter\u00e7a-feira, 23\/05, \u00e0 Sess\u00e3o Especial da Assembleia Legislativa do Estado do Amazonas (ALE-AM) em homenagem aos 20 anos de atua\u00e7\u00e3o no desenvolvimento da pesquisa cient\u00edfica e tecnol\u00f3gica da Funda\u00e7\u00e3o de Amparo \u00e0 Pesquisa do Estado do Amazonas (Fapeam). Representando a diretora da Fiocruz Amaz\u00f4nia, Adele Schwartz Benzaken, a diretora substituta Stefanie Lopes, comp\u00f4s a mesa de honra da solenidade, ao lado de representantes de diversas institui\u00e7\u00f5es de ensino e pesquisa do Amazonas, parceiras da funda\u00e7\u00e3o. A Fapeam \u00e9 uma das principais fomentadoras das pesquisas realizadas pela Fiocruz Amaz\u00f4nia.<\/p>\n<p style=\"text-align: justify;\">Segundo Stefanie, a homenagem e o reconhecimento \u00e0 Fapeam s\u00e3o de suma import\u00e2ncia, tendo em vista que h\u00e1 duas d\u00e9cadas a institui\u00e7\u00e3o vem contribuindo com o desenvolvimento cient\u00edfico e tecnol\u00f3gico do Estado atrav\u00e9s do fomento de bolsas de estudos, projetos de pesquisa, de extens\u00e3o e de comunica\u00e7\u00e3o cient\u00edfica.\u00a0 \u201cHoje, a funda\u00e7\u00e3o est\u00e1 consolidada e mostra resultados em n\u00fameros impressionantes, sendo a segunda ag\u00eancia de fomento nacional em montante de recursos aportados, chegando a R$ 500 milh\u00f5es para a \u00e1rea de Ci\u00eancia Tecnologia e Inova\u00e7\u00e3o (CT&amp;I) e a primeira na propor\u00e7\u00e3o de bolsas fomentadas aso estudantes de p\u00f3s-gradua\u00e7\u00e3o no Estado. Um trabalho que impressiona e demonstra a relev\u00e2ncia da institui\u00e7\u00e3o em n\u00edveis regional e nacional\u201d, destacou a pesquisadora.<\/p>\n<p><img decoding=\"async\" class=\"aligncenter size-large wp-image-38946\" src=\"https:\/\/amazonia.fiocruz.br\/wp-content\/uploads\/2023\/05\/IMG_2233-1030x687.jpg\" alt=\"\" width=\"1030\" height=\"687\" srcset=\"https:\/\/amazonia.fiocruz.br\/wp-content\/uploads\/2023\/05\/IMG_2233-1030x687.jpg 1030w, https:\/\/amazonia.fiocruz.br\/wp-content\/uploads\/2023\/05\/IMG_2233-300x200.jpg 300w, https:\/\/amazonia.fiocruz.br\/wp-content\/uploads\/2023\/05\/IMG_2233-768x512.jpg 768w, https:\/\/amazonia.fiocruz.br\/wp-content\/uploads\/2023\/05\/IMG_2233-1536x1024.jpg 1536w, https:\/\/amazonia.fiocruz.br\/wp-content\/uploads\/2023\/05\/IMG_2233-2048x1365.jpg 2048w, https:\/\/amazonia.fiocruz.br\/wp-content\/uploads\/2023\/05\/IMG_2233-1500x1000.jpg 1500w, https:\/\/amazonia.fiocruz.br\/wp-content\/uploads\/2023\/05\/IMG_2233-705x470.jpg 705w\" sizes=\"(max-width: 1030px) 100vw, 1030px\" \/><\/p>\n<p style=\"text-align: justify;\">Fundada em 2003, a Fapeam tem como miss\u00e3o fomentar a produ\u00e7\u00e3o e a difus\u00e3o do conhecimento cient\u00edfico, tecnol\u00f3gico e de inova\u00e7\u00e3o, visando contribuir para o desenvolvimento sustent\u00e1vel da Amaz\u00f4nia. Stefanie destacou outro dado importante, ressaltado na sess\u00e3o especial pela diretora-presidente da Fapeam, M\u00e1rcia Perales. Segundo ela, um estudo preliminar da Fapeam revelou que 95% dos bolsistas de P\u00f3s-gradua\u00e7\u00e3o apoiados pela institui\u00e7\u00e3o est\u00e3o nucleados no Estado, em diferentes \u00e1reas, contribuindo significativamente com o desenvolvimento regional. \u201cO ILMD\/Fiocruz Amaz\u00f4nia \u00e9 uma das institui\u00e7\u00f5es sediadas no Estado e que \u00e9 apoiada pela Fapeam, sem sombra de d\u00favidas a principal ag\u00eancia fomentadora das atividades de ensino e e pesquisa, desenvolvidas na institui\u00e7\u00e3o\u201d, salientou.<\/p>\n<p><img decoding=\"async\" class=\"aligncenter size-large wp-image-38948\" src=\"https:\/\/amazonia.fiocruz.br\/wp-content\/uploads\/2023\/05\/IMG_2218-1-1030x687.jpg\" alt=\"\" width=\"1030\" height=\"687\" srcset=\"https:\/\/amazonia.fiocruz.br\/wp-content\/uploads\/2023\/05\/IMG_2218-1-1030x687.jpg 1030w, https:\/\/amazonia.fiocruz.br\/wp-content\/uploads\/2023\/05\/IMG_2218-1-300x200.jpg 300w, https:\/\/amazonia.fiocruz.br\/wp-content\/uploads\/2023\/05\/IMG_2218-1-768x512.jpg 768w, https:\/\/amazonia.fiocruz.br\/wp-content\/uploads\/2023\/05\/IMG_2218-1-1536x1024.jpg 1536w, https:\/\/amazonia.fiocruz.br\/wp-content\/uploads\/2023\/05\/IMG_2218-1-2048x1365.jpg 2048w, https:\/\/amazonia.fiocruz.br\/wp-content\/uploads\/2023\/05\/IMG_2218-1-1500x1000.jpg 1500w, https:\/\/amazonia.fiocruz.br\/wp-content\/uploads\/2023\/05\/IMG_2218-1-705x470.jpg 705w\" sizes=\"(max-width: 1030px) 100vw, 1030px\" \/><\/p>\n<p style=\"text-align: justify;\">Entre 2022 e 2023, cerca de R$ 6 milh\u00f5es foram aportados para as pesquisas na institui\u00e7\u00e3o, al\u00e9m de 58 cotas e bolsas de P\u00f3s-Gradua\u00e7\u00e3o, que atendem aproximadamente 50% do corpo discente do ILMD\/Fiocruz Amaz\u00f4nia. \u201c\u00c9 gratificante ver este protagonismo da Fapeam e esta sess\u00e3o especial de reconhecimento, pois isto permite que a sociedade civil e o Poder Legislativo percebam a import\u00e2ncia da funda\u00e7\u00e3o para o crescimento do Amazonas e o desenvolvimento da regi\u00e3o amaz\u00f4nica, nas \u00e1reas de biotecnologia, meio ambiente, sa\u00fade, tecnologia da informa\u00e7\u00e3o, energia renov\u00e1vel, entre outras\u201d, completou. A solenidade contou com homenagens aos ex-diretores-presidentes da Fapeam, Maria Olivia de Albuquerque Ribeiro Sim\u00e3o, professora da UFAM, Edson Barcelos, pesquisador da Embrapa; o primeiro diretor-presidente, Jos\u00e9 Aldemir de Oliveira (in memorian), Odenildo Sena, professor da UFAM aposentado; e Ren\u00e9 Levy, professor da UEA.<\/p>\n<p><img decoding=\"async\" class=\"aligncenter size-large wp-image-38949\" src=\"https:\/\/amazonia.fiocruz.br\/wp-content\/uploads\/2023\/05\/IMG_2252-1030x687.jpg\" alt=\"\" width=\"1030\" height=\"687\" srcset=\"https:\/\/amazonia.fiocruz.br\/wp-content\/uploads\/2023\/05\/IMG_2252-1030x687.jpg 1030w, https:\/\/amazonia.fiocruz.br\/wp-content\/uploads\/2023\/05\/IMG_2252-300x200.jpg 300w, https:\/\/amazonia.fiocruz.br\/wp-content\/uploads\/2023\/05\/IMG_2252-768x512.jpg 768w, https:\/\/amazonia.fiocruz.br\/wp-content\/uploads\/2023\/05\/IMG_2252-1536x1024.jpg 1536w, https:\/\/amazonia.fiocruz.br\/wp-content\/uploads\/2023\/05\/IMG_2252-2048x1365.jpg 2048w, https:\/\/amazonia.fiocruz.br\/wp-content\/uploads\/2023\/05\/IMG_2252-1500x1000.jpg 1500w, https:\/\/amazonia.fiocruz.br\/wp-content\/uploads\/2023\/05\/IMG_2252-705x470.jpg 705w\" sizes=\"(max-width: 1030px) 100vw, 1030px\" \/><\/p>\n<\/div><\/section>\n","protected":false},"excerpt":{"rendered":"<p>A Fapeam \u00e9 uma das principais fomentadoras das pesquisas realizadas pela Fiocruz Amaz\u00f4nia. <\/p>\n","protected":false},"author":20,"featured_media":38945,"comment_status":"closed","ping_status":"closed","sticky":true,"template":"","format":"image","meta":{"footnotes":""},"categories":[15],"tags":[422,136,120,119,131],"class_list":["post-38944","post","type-post","status-publish","format-image","has-post-thumbnail","hentry","category-noticias","tag-fapeam","tag-fiocruz","tag-fiocruz-amazonia","tag-ilmd","tag-ilmdfiocruz-amazonia","post_format-post-format-image"],"_links":{"self":[{"href":"https:\/\/amazonia.fiocruz.br\/index.php?rest_route=\/wp\/v2\/posts\/38944","targetHints":{"allow":["GET"]}}],"collection":[{"href":"https:\/\/amazonia.fiocruz.br\/index.php?rest_route=\/wp\/v2\/posts"}],"about":[{"href":"https:\/\/amazonia.fiocruz.br\/index.php?rest_route=\/wp\/v2\/types\/post"}],"author":[{"embeddable":true,"href":"https:\/\/amazonia.fiocruz.br\/index.php?rest_route=\/wp\/v2\/users\/20"}],"replies":[{"embeddable":true,"href":"https:\/\/amazonia.fiocruz.br\/index.php?rest_route=%2Fwp%2Fv2%2Fcomments&post=38944"}],"version-history":[{"count":2,"href":"https:\/\/amazonia.fiocruz.br\/index.php?rest_route=\/wp\/v2\/posts\/38944\/revisions"}],"predecessor-version":[{"id":38978,"href":"https:\/\/amazonia.fiocruz.br\/index.php?rest_route=\/wp\/v2\/posts\/38944\/revisions\/38978"}],"wp:featuredmedia":[{"embeddable":true,"href":"https:\/\/amazonia.fiocruz.br\/index.php?rest_route=\/wp\/v2\/media\/38945"}],"wp:attachment":[{"href":"https:\/\/amazonia.fiocruz.br\/index.php?rest_route=%2Fwp%2Fv2%2Fmedia&parent=38944"}],"wp:term":[{"taxonomy":"category","embeddable":true,"href":"https:\/\/amazonia.fiocruz.br\/index.php?rest_route=%2Fwp%2Fv2%2Fcategories&post=38944"},{"taxonomy":"post_tag","embeddable":true,"href":"https:\/\/amazonia.fiocruz.br\/index.php?rest_route=%2Fwp%2Fv2%2Ftags&post=38944"}],"curies":[{"name":"wp","href":"https:\/\/api.w.org\/{rel}","templated":true}]}}