{"id":38930,"date":"2023-05-24T10:15:55","date_gmt":"2023-05-24T14:15:55","guid":{"rendered":"https:\/\/amazonia.fiocruz.br\/?p=38930"},"modified":"2023-05-24T10:16:19","modified_gmt":"2023-05-24T14:16:19","slug":"projeto-manaos-da-fiocruz-se-destaca-entre-experiencias-de-impacto-local-selecionadas-pelo-laboratorio-latino-americano-de-praticas-de-participacao-social-em-saude","status":"publish","type":"post","link":"https:\/\/amazonia.fiocruz.br\/?p=38930","title":{"rendered":"Projeto Mana\u00f3s, da Fiocruz, se destaca entre experi\u00eancias de impacto local selecionadas pelo Laborat\u00f3rio Latino-Americano de Pr\u00e1ticas de Participa\u00e7\u00e3o Social em Sa\u00fade"},"content":{"rendered":"<section class=\"av_textblock_section \"  itemscope=\"itemscope\" itemtype=\"https:\/\/schema.org\/BlogPosting\" itemprop=\"blogPost\" ><div class='avia_textblock  '   itemprop=\"text\" ><p style=\"text-align: justify;\">O Projeto Mana\u00f3s: Sa\u00fade Ind\u00edgena no Contexto Urbano, desenvolvido pela Fiocruz Amaz\u00f4nia, foi selecionado pelo Laborat\u00f3rio Latino Americano de Pr\u00e1ticas de Participa\u00e7\u00e3o Social em Sa\u00fade, criado pelo Organiza\u00e7\u00e3o Pan-Americana de Sa\u00fade (OPAS), como uma das 30 melhores experi\u00eancias de impacto local em sa\u00fade de popula\u00e7\u00f5es vulnerabilizadas que participaram da sele\u00e7\u00e3o de projetos aberta no ano passado. O Laborat\u00f3rio tem como finalidade possibilitar trocas e aprendizados, al\u00e9m de potencializar as a\u00e7\u00f5es dos atores envolvidos na execu\u00e7\u00e3o dos projetos em n\u00edveis regionais, nacional e internacional, com as experi\u00eancias escolhidas a partir dos eixos Participa\u00e7\u00e3o e Controle Social em Pol\u00edticas P\u00fablicas de Sa\u00fade e Participa\u00e7\u00e3o e Engajamento Comunit\u00e1rio em Pr\u00e1ticas de Sa\u00fade.<\/p>\n<p style=\"text-align: justify;\">No \u00fatlimo dia 11\/05, o projeto foi uma das cinco experi\u00eancias apresentadas durante a terceira live do Laborat\u00f3rio. Ser\u00e3o realizadas, no total, seis encontros virtuais que ter\u00e3o como finalidade dar visibilidade aos projetos. Apresentado pelo pesquisador da Fiocruz Amaz\u00f4nia, Rodrigo Tobias de Souza Lima, coordenador do projeto, o Mana\u00f3s \u00e9 desenvolvido no Parque das Tribos, o primeiro bairro ind\u00edgena de Manaus. O projeto foi aprovado na Chamada P\u00fablica 001\/2021 do Edital Inova Fiocruz, com foco no apoio a propostas que dialogam com os objetivos, princ\u00edpios e pressupostos do Subsistema de Aten\u00e7\u00e3o \u00e0 Sa\u00fade Ind\u00edgena. Na primeira fase, o projeto realizou o mapeamento dos perfis socioecon\u00f4mico e da sa\u00fade da popula\u00e7\u00e3o que vive na comunidade, identificando os processos de organiza\u00e7\u00e3o sociocultural e pol\u00edtica, no acesso aos servi\u00e7os de sa\u00fade.<\/p>\n<p style=\"text-align: justify;\">Os projetos selecionados pelo Laborat\u00f3rio Latino-Americano de Pr\u00e1ticas de Participa\u00e7\u00e3o Social em Sa\u00fade participar\u00e3o do processo de interc\u00e2mbio, por meio de oficinas e troca de experi\u00eancias, dentro do desenvolvimento proposto pelo Laborat\u00f3rio de Inova\u00e7\u00e3o. Al\u00e9m disso, receber\u00e3o um certificado de reconhecimento do projeto.<\/p>\n<p><img decoding=\"async\" class=\"aligncenter wp-image-38935 size-large\" src=\"https:\/\/amazonia.fiocruz.br\/wp-content\/uploads\/2023\/05\/IMG_2215-1030x687.jpg\" alt=\"\" width=\"1030\" height=\"687\" srcset=\"https:\/\/amazonia.fiocruz.br\/wp-content\/uploads\/2023\/05\/IMG_2215-1030x687.jpg 1030w, https:\/\/amazonia.fiocruz.br\/wp-content\/uploads\/2023\/05\/IMG_2215-300x200.jpg 300w, https:\/\/amazonia.fiocruz.br\/wp-content\/uploads\/2023\/05\/IMG_2215-768x512.jpg 768w, https:\/\/amazonia.fiocruz.br\/wp-content\/uploads\/2023\/05\/IMG_2215-1536x1024.jpg 1536w, https:\/\/amazonia.fiocruz.br\/wp-content\/uploads\/2023\/05\/IMG_2215-2048x1365.jpg 2048w, https:\/\/amazonia.fiocruz.br\/wp-content\/uploads\/2023\/05\/IMG_2215-1500x1000.jpg 1500w, https:\/\/amazonia.fiocruz.br\/wp-content\/uploads\/2023\/05\/IMG_2215-705x470.jpg 705w\" sizes=\"(max-width: 1030px) 100vw, 1030px\" \/><\/p>\n<p style=\"text-align: justify;\">\u00a0As experi\u00eancias consideradas como de destaque ir\u00e3o compor uma publica\u00e7\u00e3o organizada pelo CNS e pela Opas. \u201cO Mana\u00f3s tem ganhado dimens\u00f5es de notoriedade local, regional e internacional, o que para a coordena\u00e7\u00e3o do projeto \u00e9 bastante gratificante, uma vez que em pouco mais de dois anos de atua\u00e7\u00e3o j\u00e1 iremos fazer parte de uma publica\u00e7\u00e3o in\u00e9dita, tornando-o refer\u00eancia para a Regi\u00e3o das Am\u00e9ricas\u201d, afirmou o pesquisador.<\/p>\n<p style=\"text-align: justify;\">Al\u00e9m do Brasil, Uruguai e Col\u00f4mbia tamb\u00e9m tiveram experi\u00eancias inovadoras selecionadas e presentes na terceira live do Laborat\u00f3rio, cujo tema foi \u201cParticipa\u00e7\u00e3o Social em Sa\u00fade para garantia do direito de popula\u00e7\u00f5es em situa\u00e7\u00f5es de vulnerabilidades\u201d.<\/p>\n<p style=\"text-align: justify;\">Confira: <a href=\"https:\/\/youtube.com\/live\/zY9KouDBBFo?feature=share\">https:\/\/youtube.com\/live\/zY9KouDBBFo?feature=share<\/a><\/p>\n<p style=\"text-align: justify;\"><strong>LABORAT\u00d3RIO DE INOVA\u00c7\u00c3O<\/strong><\/p>\n<p style=\"text-align: justify;\">O Laborat\u00f3rio de Inova\u00e7\u00e3o Latino-Americano de Pr\u00e1ticas de Participa\u00e7\u00e3o Social em Sa\u00fade recebeu 146 relatos de experi\u00eancias (125 nacionais e 21 internacionais), sendo que 122 foram homologadas por cumprirem os requisitos do edital (20 internacionais e 102 nacionais), dispon\u00edveis para confer\u00eancia no mapa, organizadas por eixo e\/ou por Estado, dispon\u00edvel no site do LIS. ( <a href=\"http:\/\/www.apsredes.org\/lis-cns\">www.apsredes.org\/lis-cns<\/a> ).<\/p>\n<p style=\"text-align: justify;\">Entre os eixos previstos no edital de chamamento, foram homologados 79 relatos do Eixo A \u2013 Participa\u00e7\u00e3o e controle social em pol\u00edticas p\u00fablicas de sa\u00fade e 43 relatos do Eixo B \u2013 Participa\u00e7\u00e3o e engajamento comunit\u00e1rio em pr\u00e1ticas de sa\u00fade. Todas as experi\u00eancias homologadas est\u00e3o acess\u00edveis no site do Portal da Inova\u00e7\u00e3o na gest\u00e3o do SUS ( <a href=\"https:\/\/apsredes.org\/\">apsredes.org<\/a> ), compondo um mosaico. As experi\u00eancias foram consideradas potentes e v\u00e3o contribuir para o fortalecimento da participa\u00e7\u00e3o social em sa\u00fade, segundo os organizadores.<\/p>\n<p style=\"text-align: justify;\">A primeira live, realizada no dia 19 de abril, abordou experi\u00eancias de participa\u00e7\u00e3o social que enfatizam a import\u00e2ncia da comunica\u00e7\u00e3o dial\u00f3gica e descentralizada para o Sistema \u00danico de Sa\u00fade. O interc\u00e2mbio de conhecimentos mostrou como as experi\u00eancias potencializam as a\u00e7\u00f5es dos conselhos, das entidades, dos movimentos, da comunica\u00e7\u00e3o como estrat\u00e9gia de fortalecimento da comunidade, como manifesta\u00e7\u00e3o das necessidades das popula\u00e7\u00f5es em suas diferentes situa\u00e7\u00f5es e de conscientiza\u00e7\u00e3o de educa\u00e7\u00e3o em sa\u00fade. O resultado foi um panorama das variadas facetas da comunica\u00e7\u00e3o que ajudam a fortalecer o SUS. Saiba mais aqui: <a href=\"https:\/\/apsredes.org\/experiencias-de-participacao-social-enfatizam-a-importancia-da-comunicacao-dialogica-e-descentralizada-para-o-sistema-unico-de-saude\/\">https:\/\/apsredes.org\/experiencias-de-participacao-social-enfatizam-a-importancia-da-comunicacao-dialogica-e-descentralizada-para-o-sistema-unico-de-saude\/<\/a> . A segunda live, que aconteceu no dia 25 de abril, teve foco na garantia da cidadania, com o interc\u00e2mbio entre experi\u00eancias que lutam pela concretiza\u00e7\u00e3o do direito \u00e0 sa\u00fade nos pa\u00edses latino-americanos. Saiba mais em: <a href=\"https:\/\/apsredes.org\/cooperacao-horizontal-entre-paises-da-america-latina-destaca-praticas-de-participacao-social-em-saude-para-a-garantia-da-cidadania\/\">https:\/\/apsredes.org\/cooperacao-horizontal-entre-paises-da-america-latina-destaca-praticas-de-participacao-social-em-saude-para-a-garantia-da-cidadania\/<\/a> .<\/p>\n<\/div><\/section>\n","protected":false},"excerpt":{"rendered":"<p>. O Laborat\u00f3rio tem como finalidade possibilitar trocas e aprendizados, al\u00e9m de potencializar as a\u00e7\u00f5es dos atores envolvidos na execu\u00e7\u00e3o dos projetos em n\u00edveis regionais, nacional e internacional.<\/p>\n","protected":false},"author":20,"featured_media":38934,"comment_status":"closed","ping_status":"closed","sticky":true,"template":"","format":"image","meta":{"footnotes":""},"categories":[15],"tags":[136,120,119,131,1061],"class_list":["post-38930","post","type-post","status-publish","format-image","has-post-thumbnail","hentry","category-noticias","tag-fiocruz","tag-fiocruz-amazonia","tag-ilmd","tag-ilmdfiocruz-amazonia","tag-projeto-manaos","post_format-post-format-image"],"_links":{"self":[{"href":"https:\/\/amazonia.fiocruz.br\/index.php?rest_route=\/wp\/v2\/posts\/38930","targetHints":{"allow":["GET"]}}],"collection":[{"href":"https:\/\/amazonia.fiocruz.br\/index.php?rest_route=\/wp\/v2\/posts"}],"about":[{"href":"https:\/\/amazonia.fiocruz.br\/index.php?rest_route=\/wp\/v2\/types\/post"}],"author":[{"embeddable":true,"href":"https:\/\/amazonia.fiocruz.br\/index.php?rest_route=\/wp\/v2\/users\/20"}],"replies":[{"embeddable":true,"href":"https:\/\/amazonia.fiocruz.br\/index.php?rest_route=%2Fwp%2Fv2%2Fcomments&post=38930"}],"version-history":[{"count":1,"href":"https:\/\/amazonia.fiocruz.br\/index.php?rest_route=\/wp\/v2\/posts\/38930\/revisions"}],"predecessor-version":[{"id":38936,"href":"https:\/\/amazonia.fiocruz.br\/index.php?rest_route=\/wp\/v2\/posts\/38930\/revisions\/38936"}],"wp:featuredmedia":[{"embeddable":true,"href":"https:\/\/amazonia.fiocruz.br\/index.php?rest_route=\/wp\/v2\/media\/38934"}],"wp:attachment":[{"href":"https:\/\/amazonia.fiocruz.br\/index.php?rest_route=%2Fwp%2Fv2%2Fmedia&parent=38930"}],"wp:term":[{"taxonomy":"category","embeddable":true,"href":"https:\/\/amazonia.fiocruz.br\/index.php?rest_route=%2Fwp%2Fv2%2Fcategories&post=38930"},{"taxonomy":"post_tag","embeddable":true,"href":"https:\/\/amazonia.fiocruz.br\/index.php?rest_route=%2Fwp%2Fv2%2Ftags&post=38930"}],"curies":[{"name":"wp","href":"https:\/\/api.w.org\/{rel}","templated":true}]}}