{"id":38910,"date":"2023-05-22T16:33:57","date_gmt":"2023-05-22T20:33:57","guid":{"rendered":"https:\/\/amazonia.fiocruz.br\/?p=38910"},"modified":"2023-05-22T16:33:58","modified_gmt":"2023-05-22T20:33:58","slug":"fiocruz-amazonia-promove-ii-workshop-estrategico-de-pos-graduacao","status":"publish","type":"post","link":"https:\/\/amazonia.fiocruz.br\/?p=38910","title":{"rendered":"Fiocruz Amaz\u00f4nia promove II Workshop Estrat\u00e9gico de P\u00f3s-gradua\u00e7\u00e3o"},"content":{"rendered":"<section class=\"av_textblock_section \"  itemscope=\"itemscope\" itemtype=\"https:\/\/schema.org\/BlogPosting\" itemprop=\"blogPost\" ><div class='avia_textblock  '   itemprop=\"text\" ><p style=\"text-align: justify;\"><strong>Fiocruz Amaz\u00f4nia promove II Workshop Estrat\u00e9gico de P\u00f3s-gradua\u00e7\u00e3o<\/strong><\/p>\n<p style=\"text-align: justify;\">A Vice-Diretoria de Ensino, Informa\u00e7\u00e3o e Comunica\u00e7\u00e3o (VDEIC) do Instituto Le\u00f4nidas &amp; Maria Deane (ILMD\/Fiocruz Amaz\u00f4nia), promove nesta quarta-feira, 24\/5, \u00e0s 13h30, o II Workshop Estrat\u00e9gico de P\u00f3s-gradua\u00e7\u00e3o do ILMD\/Fiocruz Amaz\u00f4nia. Com o tema \u201cBiosseguran\u00e7a e Inova\u00e7\u00e3o Tecnol\u00f3gica no ILMD\/Fiocruz Amaz\u00f4nia\u201d.<\/p>\n<p style=\"text-align: justify;\">Nesta segunda edi\u00e7\u00e3o o encontro destaca o processo de integra\u00e7\u00e3o dos discentes que ingressaram neste ano, nos programas de p\u00f3s-gradua\u00e7\u00e3o da institui\u00e7\u00e3o. Na ocasi\u00e3o, ser\u00e1 feita uma apresenta\u00e7\u00e3o da equipe de Ensino e, uma breve exposi\u00e7\u00e3o dos servi\u00e7os e fluxos, no intuito de auxiliar na inser\u00e7\u00e3o dos discentes, no contexto da p\u00f3s-gradua\u00e7\u00e3o e no acompanhamento de sua vida acad\u00eamica.<\/p>\n<p style=\"text-align: justify;\">A a\u00e7\u00e3o ocorrer\u00e1 ao longo de todo o primeiro semestre de 2023, para orienta\u00e7\u00e3o dos estudantes ingressantes nos cursos de mestrado e doutorado do Instituto. Em cada edi\u00e7\u00e3o ser\u00e3o abordados temas espec\u00edficos, relacionados ao funcionamento, miss\u00e3o, formas de apoio ao estudante, visando oportunizar que o novo estudante perceba a institui\u00e7\u00e3o de forma hol\u00edstica e, se insira de maneira mais apropriada, podendo usufruir de todas as assessorias e benef\u00edcios e, ao mesmo tempo melhor contribuir, a partir de suas pesquisas, com o prop\u00f3sito de promover melhorias na sa\u00fade e no fortalecimento do SUS.<\/p>\n<p style=\"text-align: justify;\">A atividade tem ainda o intuito de manter o estudante bem-informado, para que possa melhor desenvolver suas atividades, minimizando a perda de tempo na busca por apoio institucional e ainda, melhor usufruir das assessorias t\u00e9cnicas que pode al\u00e7ar para desenvolver seu trabalho com qualidade. Al\u00e9m disso, podendo desenvolver tamb\u00e9m produtos e processos inovadores que podem ser transferidos para o sistema de sa\u00fade e a sociedade.<\/p>\n<p style=\"text-align: justify;\"><strong>PROGRAMA\u00c7\u00c3O:<\/strong><\/p>\n<p style=\"text-align: justify;\">13h30 \u00e0s 14h15 &#8211; Abertura \u2013 Diretoria e Vice-Diretoria de Ensino, Informa\u00e7\u00e3o e Comunica\u00e7\u00e3o em Sa\u00fade &#8211; VDEIC<\/p>\n<p style=\"text-align: justify;\">14h15 \u00e0s 14h45 \u2013 Secretaria Acad\u00eamica &#8211; SECA<\/p>\n<p style=\"text-align: justify;\">14h50 \u00e0s 15h00 \u2013 Intervalo<\/p>\n<p style=\"text-align: justify;\">15h05 \u00e0s 15h35 \u2013 P\u00f3s-Gradua\u00e7\u00e3o \u2013 POSGRAD<\/p>\n<p style=\"text-align: justify;\">15h40 \u00e0s 16h10 &#8211; Biblioteca<\/p>\n<p style=\"text-align: justify;\">16h15 \u00e0s 16h30 \u2013 Encerramento \u2013 Vice-Diretoria de Ensino, Informa\u00e7\u00e3o e Comunica\u00e7\u00e3o em Sa\u00fade &#8211; VDEIC<\/p>\n<\/div><\/section>\n","protected":false},"excerpt":{"rendered":"<p>Encontro vai destacar o processo de integra\u00e7\u00e3o dos discentes que ingressaram este ano, nos programas de p\u00f3s-gradua\u00e7\u00e3o da institui\u00e7\u00e3o.<\/p>\n","protected":false},"author":20,"featured_media":38911,"comment_status":"closed","ping_status":"closed","sticky":true,"template":"","format":"image","meta":{"footnotes":""},"categories":[15],"tags":[136,120,119,131,190],"class_list":["post-38910","post","type-post","status-publish","format-image","has-post-thumbnail","hentry","category-noticias","tag-fiocruz","tag-fiocruz-amazonia","tag-ilmd","tag-ilmdfiocruz-amazonia","tag-pos-graduacao","post_format-post-format-image"],"_links":{"self":[{"href":"https:\/\/amazonia.fiocruz.br\/index.php?rest_route=\/wp\/v2\/posts\/38910","targetHints":{"allow":["GET"]}}],"collection":[{"href":"https:\/\/amazonia.fiocruz.br\/index.php?rest_route=\/wp\/v2\/posts"}],"about":[{"href":"https:\/\/amazonia.fiocruz.br\/index.php?rest_route=\/wp\/v2\/types\/post"}],"author":[{"embeddable":true,"href":"https:\/\/amazonia.fiocruz.br\/index.php?rest_route=\/wp\/v2\/users\/20"}],"replies":[{"embeddable":true,"href":"https:\/\/amazonia.fiocruz.br\/index.php?rest_route=%2Fwp%2Fv2%2Fcomments&post=38910"}],"version-history":[{"count":1,"href":"https:\/\/amazonia.fiocruz.br\/index.php?rest_route=\/wp\/v2\/posts\/38910\/revisions"}],"predecessor-version":[{"id":38912,"href":"https:\/\/amazonia.fiocruz.br\/index.php?rest_route=\/wp\/v2\/posts\/38910\/revisions\/38912"}],"wp:featuredmedia":[{"embeddable":true,"href":"https:\/\/amazonia.fiocruz.br\/index.php?rest_route=\/wp\/v2\/media\/38911"}],"wp:attachment":[{"href":"https:\/\/amazonia.fiocruz.br\/index.php?rest_route=%2Fwp%2Fv2%2Fmedia&parent=38910"}],"wp:term":[{"taxonomy":"category","embeddable":true,"href":"https:\/\/amazonia.fiocruz.br\/index.php?rest_route=%2Fwp%2Fv2%2Fcategories&post=38910"},{"taxonomy":"post_tag","embeddable":true,"href":"https:\/\/amazonia.fiocruz.br\/index.php?rest_route=%2Fwp%2Fv2%2Ftags&post=38910"}],"curies":[{"name":"wp","href":"https:\/\/api.w.org\/{rel}","templated":true}]}}