{"id":38813,"date":"2023-05-17T14:51:05","date_gmt":"2023-05-17T18:51:05","guid":{"rendered":"https:\/\/amazonia.fiocruz.br\/?p=38813"},"modified":"2023-05-17T14:51:07","modified_gmt":"2023-05-17T18:51:07","slug":"projeto-da-fiocruz-amazonia-fiotec-e-usaid-fortalece-vacinacao-contra-covid-19-e-aproxima-servicos-de-saude-da-populacao-ribeirinha-em-tabatinga","status":"publish","type":"post","link":"https:\/\/amazonia.fiocruz.br\/?p=38813","title":{"rendered":"Projeto da Fiocruz Amaz\u00f4nia, Fiotec e USAID fortalece vacina\u00e7\u00e3o contra Covid-19 e aproxima servi\u00e7os de sa\u00fade da popula\u00e7\u00e3o ribeirinha em Tabatinga"},"content":{"rendered":"<section class=\"av_textblock_section \"  itemscope=\"itemscope\" itemtype=\"https:\/\/schema.org\/BlogPosting\" itemprop=\"blogPost\" ><div class='avia_textblock  '   itemprop=\"text\" ><p style=\"text-align: justify;\">Al\u00e9m do objetivo de desenvolver estrat\u00e9gias para melhorar a cobertura vacinal, as oficinas de educa\u00e7\u00e3o popular e comunica\u00e7\u00e3o em sa\u00fade voltadas para as popula\u00e7\u00f5es ribeirinhas, quilombolas e migrantes da Amaz\u00f4nia, realizadas pelo Projeto Amaz\u00f4nia: Ci\u00eancia, Sa\u00fade e Solidariedade no Enfrentamento \u00e0 Covid-19, desenvolvido pela Fiocruz Amaz\u00f4nia\/Fiotec, em parceria com a Ag\u00eancia dos Estados Unidos para o Desenvolvimento Internacional (USAID), SITAWI Finan\u00e7as para o bem e NPI Expand, est\u00e3o contribuindo tamb\u00e9m para aproximar comunidades rurais dos servi\u00e7os de sa\u00fade municipais. Um exemplo disso aconteceu, no \u00faltimo m\u00eas de fevereiro, no munic\u00edpio de Tabatinga, na regi\u00e3o do Alto Solim\u00f5es, no Amazonas. Durante a primeira oficina da Frente 3 do projeto, que teve dois dias de dura\u00e7\u00e3o, na comunidade Novo Para\u00edso, agentes de Secretaria Municipal de Sa\u00fade se mobilizaram para realizar uma a\u00e7\u00e3o de sa\u00fade na \u00e1rea, que contou com diversos servi\u00e7os, entre os quais a vacina\u00e7\u00e3o de adultos e crian\u00e7as.<\/p>\n<p><img decoding=\"async\" class=\"aligncenter size-large wp-image-38815\" src=\"https:\/\/amazonia.fiocruz.br\/wp-content\/uploads\/2023\/05\/IMG-20230306-WA0113-002-1030x773.jpg\" alt=\"\" width=\"1030\" height=\"773\" srcset=\"https:\/\/amazonia.fiocruz.br\/wp-content\/uploads\/2023\/05\/IMG-20230306-WA0113-002-1030x773.jpg 1030w, https:\/\/amazonia.fiocruz.br\/wp-content\/uploads\/2023\/05\/IMG-20230306-WA0113-002-300x225.jpg 300w, https:\/\/amazonia.fiocruz.br\/wp-content\/uploads\/2023\/05\/IMG-20230306-WA0113-002-768x577.jpg 768w, https:\/\/amazonia.fiocruz.br\/wp-content\/uploads\/2023\/05\/IMG-20230306-WA0113-002-705x529.jpg 705w, https:\/\/amazonia.fiocruz.br\/wp-content\/uploads\/2023\/05\/IMG-20230306-WA0113-002.jpg 1440w\" sizes=\"(max-width: 1030px) 100vw, 1030px\" \/><\/p>\n<p style=\"text-align: justify;\">As oficinas, intituladas Educa\u00e7\u00e3o Popular e Comunica\u00e7\u00e3o em Sa\u00fade para Engajamento Social e Fortalecimento da Cobertura Vacinal da Popula\u00e7\u00e3o Ribeirinha, Quilombola e Migrante, v\u00eam ocorrendo em munic\u00edpios do interior do Amazonas e em Rio Branco, no Acre, visando identificar fatores que impactam na baixa cobertura vacinal e levantar estrat\u00e9gias para divulga\u00e7\u00e3o da import\u00e2ncia da imuniza\u00e7\u00e3o nos respectivos territ\u00f3rios por meio de iniciativas constru\u00eddas de forma participativa pelas pr\u00f3prias comunidades. \u201cAs oficinas, al\u00e9m de conscientizar as comunidades para a import\u00e2ncia da vacina\u00e7\u00e3o, promovem uma escuta ativa por parte dos profissionais de sa\u00fade. Os relatos dos comunit\u00e1rios, nesta comunidade, levaram a equipe a se mobilizar e promover uma a\u00e7\u00e3o de sa\u00fade, de muita import\u00e2ncia para estas pessoas, que sofrem com as quest\u00f5es da dist\u00e2ncia e condi\u00e7\u00f5es prec\u00e1rias de acesso ao servi\u00e7o de sa\u00fade\u201d, relata a mestre em Sa\u00fade P\u00fablica e publicit\u00e1ria Denise Amorim, facilitadora da oficina.<\/p>\n<p><img decoding=\"async\" class=\"aligncenter size-large wp-image-38816\" src=\"https:\/\/amazonia.fiocruz.br\/wp-content\/uploads\/2023\/05\/IMG-20230306-WA0110-002-1030x773.jpg\" alt=\"\" width=\"1030\" height=\"773\" srcset=\"https:\/\/amazonia.fiocruz.br\/wp-content\/uploads\/2023\/05\/IMG-20230306-WA0110-002-1030x773.jpg 1030w, https:\/\/amazonia.fiocruz.br\/wp-content\/uploads\/2023\/05\/IMG-20230306-WA0110-002-300x225.jpg 300w, https:\/\/amazonia.fiocruz.br\/wp-content\/uploads\/2023\/05\/IMG-20230306-WA0110-002-768x576.jpg 768w, https:\/\/amazonia.fiocruz.br\/wp-content\/uploads\/2023\/05\/IMG-20230306-WA0110-002-1536x1152.jpg 1536w, https:\/\/amazonia.fiocruz.br\/wp-content\/uploads\/2023\/05\/IMG-20230306-WA0110-002-1500x1125.jpg 1500w, https:\/\/amazonia.fiocruz.br\/wp-content\/uploads\/2023\/05\/IMG-20230306-WA0110-002-705x529.jpg 705w, https:\/\/amazonia.fiocruz.br\/wp-content\/uploads\/2023\/05\/IMG-20230306-WA0110-002.jpg 1600w\" sizes=\"(max-width: 1030px) 100vw, 1030px\" \/><\/p>\n<p style=\"text-align: justify;\">A enfermeira Nara Peres, gerente de A\u00e7\u00f5es Estrat\u00e9gicas da Secretaria Municipal de Sa\u00fade de Tabatinga, explica que a\u00e7\u00f5es integradas voltadas \u00e0 orienta\u00e7\u00e3o da popula\u00e7\u00e3o s\u00e3o sempre bem-vindas. \u201cImportante aproveitarmos essa oportunidade para aproximar a popula\u00e7\u00e3o dos servi\u00e7os de aten\u00e7\u00e3o b\u00e1sica. Aqui no Novo Para\u00edso, junto com a Fiocruz, foi poss\u00edvel realizar testes r\u00e1pidos de HIV, S\u00edfilis, Hepatite B, al\u00e9m da aplica\u00e7\u00e3o de vacinas contra Covid-19\u201d, afirmou Nara. Somente neste dia da a\u00e7\u00e3o, foram realizados seis atos m\u00e9dicos, duas remo\u00e7\u00f5es de pacientes, 13 atos de enfermagem, dez testes de Glicemia (medi\u00e7\u00e3o da taxa de glicose no sangue) e dez aferi\u00e7\u00f5es de press\u00e3o arterial. \u201cPrecisamos que esse tipo de atividade aconte\u00e7a mais vezes, pois s\u00e3o a\u00e7\u00f5es voltadas \u00e0 preven\u00e7\u00e3o e \u00e0 oferta de conhecimento e \u00e0 multiplica\u00e7\u00e3o desse conhecimento dentro da comunidade\u201d, comentou.<\/p>\n<p><img decoding=\"async\" class=\"aligncenter size-large wp-image-38817\" src=\"https:\/\/amazonia.fiocruz.br\/wp-content\/uploads\/2023\/05\/IMG_1274-1030x687.jpg\" alt=\"\" width=\"1030\" height=\"687\" srcset=\"https:\/\/amazonia.fiocruz.br\/wp-content\/uploads\/2023\/05\/IMG_1274-1030x687.jpg 1030w, https:\/\/amazonia.fiocruz.br\/wp-content\/uploads\/2023\/05\/IMG_1274-300x200.jpg 300w, https:\/\/amazonia.fiocruz.br\/wp-content\/uploads\/2023\/05\/IMG_1274-768x512.jpg 768w, https:\/\/amazonia.fiocruz.br\/wp-content\/uploads\/2023\/05\/IMG_1274-1536x1024.jpg 1536w, https:\/\/amazonia.fiocruz.br\/wp-content\/uploads\/2023\/05\/IMG_1274-2048x1365.jpg 2048w, https:\/\/amazonia.fiocruz.br\/wp-content\/uploads\/2023\/05\/IMG_1274-1500x1000.jpg 1500w, https:\/\/amazonia.fiocruz.br\/wp-content\/uploads\/2023\/05\/IMG_1274-705x470.jpg 705w\" sizes=\"(max-width: 1030px) 100vw, 1030px\" \/><\/p>\n<p style=\"text-align: justify;\">A oficina mobilizou grande parte dos moradores da comunidade Novo Para\u00edso. Alguns vieram de comunidades pr\u00f3ximas, cujas fam\u00edlias s\u00e3o cadastradas pela Secretaria de Sa\u00fade do munic\u00edpio e ficaram sabendo da atividade, por meio dos agentes comunit\u00e1rios de sa\u00fade. \u201cTemos os cadastros e conseguimos fazer o acompanhamento com a estrat\u00e9gia da Sa\u00fade na Fam\u00edlia, atrav\u00e9s do programa de assist\u00eancia \u00e0 sa\u00fade rural, onde temos m\u00e9dico, enfermeiro, t\u00e9cnico de sa\u00fade bucal, agentes de sa\u00fade comunit\u00e1rio, toda uma equipe que elabora a\u00e7\u00f5es de atendimento coletivo como essa pelo menos duas ou mais vezes ao m\u00eas para trazer n\u00e3o s\u00f3 a vacina, mas tamb\u00e9m a preven\u00e7\u00e3o e o tratamento de outras doen\u00e7as\u201d, comenta a enfermeira.<\/p>\n<p style=\"text-align: justify;\">Uma das moradoras da Novo Para\u00edso, a dona de casa, agricultora e artes\u00e3 Maria C\u00e2ndida, 67, n\u00e3o perde as a\u00e7\u00f5es de sa\u00fade, que considera oportunidades de aprendizado e conquistas. \u201cUma andorinha s\u00f3 n\u00e3o faz ver\u00e3o, agrade\u00e7o muito a Fiocruz de proporcionar esse evento, de estarmos aqui para aprender e valorizar a nossa sa\u00fade.\u00a0Muito\u00a0das conquistas que tivemos na comunidade foi gra\u00e7as \u00e0 nossa uni\u00e3o\u201d, cita a moradora, referindo-se ao asfalto do ramal que liga a comunidade \u00e0 sede do munic\u00edpio. \u201cAdoeci v\u00e1rias vezes e antes era um sofrimento levar nossa produ\u00e7\u00e3o ou um doente para a cidade\u201d, lembra Maria.<\/p>\n<p><img decoding=\"async\" class=\"aligncenter size-large wp-image-38819\" src=\"https:\/\/amazonia.fiocruz.br\/wp-content\/uploads\/2023\/05\/IMG-20230306-WA0137-003-1030x773.jpg\" alt=\"\" width=\"1030\" height=\"773\" srcset=\"https:\/\/amazonia.fiocruz.br\/wp-content\/uploads\/2023\/05\/IMG-20230306-WA0137-003-1030x773.jpg 1030w, https:\/\/amazonia.fiocruz.br\/wp-content\/uploads\/2023\/05\/IMG-20230306-WA0137-003-300x225.jpg 300w, https:\/\/amazonia.fiocruz.br\/wp-content\/uploads\/2023\/05\/IMG-20230306-WA0137-003-768x576.jpg 768w, https:\/\/amazonia.fiocruz.br\/wp-content\/uploads\/2023\/05\/IMG-20230306-WA0137-003-1536x1152.jpg 1536w, https:\/\/amazonia.fiocruz.br\/wp-content\/uploads\/2023\/05\/IMG-20230306-WA0137-003-1500x1125.jpg 1500w, https:\/\/amazonia.fiocruz.br\/wp-content\/uploads\/2023\/05\/IMG-20230306-WA0137-003-705x529.jpg 705w, https:\/\/amazonia.fiocruz.br\/wp-content\/uploads\/2023\/05\/IMG-20230306-WA0137-003.jpg 1600w\" sizes=\"(max-width: 1030px) 100vw, 1030px\" \/><\/p>\n<p style=\"text-align: justify;\">A falta de pavimenta\u00e7\u00e3o dos ramais foi o problema mais citado pelos comunit\u00e1rios durante a din\u00e2mica realizada na oficina de reconhecimento dos territ\u00f3rios onde vivem. \u201cPrecisamos tamb\u00e9m de um posto de sa\u00fade, porque ainda \u00e9 dif\u00edcil de entrar aqui. Se n\u00e3o fosse a dedica\u00e7\u00e3o do nosso agente comunit\u00e1rio de sa\u00fade, que vem de moto, muitas vezes debaixo de chuva e enfrentando o barreiro, para avisar das consultas e atendimentos n\u00e3o sei o que seria da gente\u201d, reconheceu. Como agricultora, Maria se orgulha da planta\u00e7\u00e3o de a\u00e7a\u00ed, mandioca e banana, da sua propriedade, e da sua arte como artes\u00e3, que reutiliza sementes de tucum\u00e3 para confeccionar brincos, pulseiras, colares e bolsas.\u00a0\u201cJ\u00e1 sofremos muito carregando cachos de banana, caindo e chorando, pedindo que fizessem essa estrada, ainda falta, mas agrade\u00e7o a Deus pelo que conquistamos\u201d, relembra.<\/p>\n<p style=\"text-align: justify;\">Assim como Maria, outros moradores sentem falta de infraestrutura e apontam as condi\u00e7\u00f5es de mobilidade como fator importante para a melhoria da qualidade de vida na \u00e1rea. Denise Amorim, facilitadora das oficinas do projeto nos territ\u00f3rios ribeirinhos, explica que no contato com as comunidades \u00e9 preciso ampliar sentidos e percep\u00e7\u00f5es para atingir os objetivos e entender como chega a assist\u00eancia \u00e0 sa\u00fade naquela \u00e1rea.\u00a0 \u201cNesta perspectiva, da educa\u00e7\u00e3o popular, precisamos construir aproxima\u00e7\u00f5es e di\u00e1logos com as diversas formas de ver e viver, que muitas vezes parecem controversas. Atuar na desconstru\u00e7\u00e3o da desinforma\u00e7\u00e3o exige abertura ao di\u00e1logo, uma educa\u00e7\u00e3o baseada nos saberes populares e cient\u00edficos, a participa\u00e7\u00e3o ativa da comunidade, a implica\u00e7\u00e3o e um tanto de amorosidade\u201d, explica, ressaltando a import\u00e2ncia da participa\u00e7\u00e3o dos profissionais da sa\u00fade durante as atividades do projeto.<\/p>\n<p><img decoding=\"async\" class=\"aligncenter size-large wp-image-38818\" src=\"https:\/\/amazonia.fiocruz.br\/wp-content\/uploads\/2023\/05\/IMG-20230306-WA0149-002-1030x773.jpg\" alt=\"\" width=\"1030\" height=\"773\" srcset=\"https:\/\/amazonia.fiocruz.br\/wp-content\/uploads\/2023\/05\/IMG-20230306-WA0149-002-1030x773.jpg 1030w, https:\/\/amazonia.fiocruz.br\/wp-content\/uploads\/2023\/05\/IMG-20230306-WA0149-002-300x225.jpg 300w, https:\/\/amazonia.fiocruz.br\/wp-content\/uploads\/2023\/05\/IMG-20230306-WA0149-002-768x576.jpg 768w, https:\/\/amazonia.fiocruz.br\/wp-content\/uploads\/2023\/05\/IMG-20230306-WA0149-002-705x529.jpg 705w, https:\/\/amazonia.fiocruz.br\/wp-content\/uploads\/2023\/05\/IMG-20230306-WA0149-002.jpg 1440w\" sizes=\"(max-width: 1030px) 100vw, 1030px\" \/><\/p>\n<p style=\"text-align: justify;\"><strong>SOBRE OS PARCEIROS<\/strong><\/p>\n<p style=\"text-align: justify;\">No Brasil, a USAID, a NPI EXPAND e a SITAWI Finan\u00e7as do Bem se uniram para criar uma parceria para apoiar a Resposta \u00e0 COVID-19 na Amaz\u00f4nia. Entre 2020 e 2021, a primeira fase do projeto do NPI EXPAND Resposta \u00e0 Covid-19 na Amaz\u00f4nia distribuiu mais de 23 mil cestas b\u00e1sicas e kits de higiene, capacitou mais de 500 agentes comunit\u00e1rios de sa\u00fade, doou mais de 1,4 milh\u00e3o de m\u00e1scaras feitas por costureiras locais e divulgou mensagens educativas de preven\u00e7\u00e3o para mais de 875 mil pessoas na regi\u00e3o. A Fase est\u00e1 promovendo maior resili\u00eancia das comunidades amaz\u00f4nicas atrav\u00e9s do apoio amplo a vacina\u00e7\u00e3o contra a Covid-19, campanhas de informa\u00e7\u00e3o e combate \u00e0 fake News, e apoiando os sistemas locais de sa\u00fade na regi\u00e3o com equipamentos e insumos para detectar, prevenir e controlar a transmiss\u00e3o de Covid-19, bem como realizar o acompanhamento de casos agudos de Covid-19 e tratar as sequelas de s\u00edndrome p\u00f3s-Covid-19.<\/p>\n<\/div><\/section>\n","protected":false},"excerpt":{"rendered":"<p>Em resposta \u00e0s necessidades da comunidade Novo Para\u00edso, equipe da Secretaria Municipal de Sa\u00fade de Tabatinga promoveu a\u00e7\u00e3o de sa\u00fade para comunit\u00e1rios presentes \u00e0 oficina<\/p>\n","protected":false},"author":20,"featured_media":38814,"comment_status":"closed","ping_status":"closed","sticky":true,"template":"","format":"image","meta":{"footnotes":""},"categories":[15],"tags":[136,120,119,131,1135],"class_list":["post-38813","post","type-post","status-publish","format-image","has-post-thumbnail","hentry","category-noticias","tag-fiocruz","tag-fiocruz-amazonia","tag-ilmd","tag-ilmdfiocruz-amazonia","tag-usaid","post_format-post-format-image"],"_links":{"self":[{"href":"https:\/\/amazonia.fiocruz.br\/index.php?rest_route=\/wp\/v2\/posts\/38813","targetHints":{"allow":["GET"]}}],"collection":[{"href":"https:\/\/amazonia.fiocruz.br\/index.php?rest_route=\/wp\/v2\/posts"}],"about":[{"href":"https:\/\/amazonia.fiocruz.br\/index.php?rest_route=\/wp\/v2\/types\/post"}],"author":[{"embeddable":true,"href":"https:\/\/amazonia.fiocruz.br\/index.php?rest_route=\/wp\/v2\/users\/20"}],"replies":[{"embeddable":true,"href":"https:\/\/amazonia.fiocruz.br\/index.php?rest_route=%2Fwp%2Fv2%2Fcomments&post=38813"}],"version-history":[{"count":1,"href":"https:\/\/amazonia.fiocruz.br\/index.php?rest_route=\/wp\/v2\/posts\/38813\/revisions"}],"predecessor-version":[{"id":38820,"href":"https:\/\/amazonia.fiocruz.br\/index.php?rest_route=\/wp\/v2\/posts\/38813\/revisions\/38820"}],"wp:featuredmedia":[{"embeddable":true,"href":"https:\/\/amazonia.fiocruz.br\/index.php?rest_route=\/wp\/v2\/media\/38814"}],"wp:attachment":[{"href":"https:\/\/amazonia.fiocruz.br\/index.php?rest_route=%2Fwp%2Fv2%2Fmedia&parent=38813"}],"wp:term":[{"taxonomy":"category","embeddable":true,"href":"https:\/\/amazonia.fiocruz.br\/index.php?rest_route=%2Fwp%2Fv2%2Fcategories&post=38813"},{"taxonomy":"post_tag","embeddable":true,"href":"https:\/\/amazonia.fiocruz.br\/index.php?rest_route=%2Fwp%2Fv2%2Ftags&post=38813"}],"curies":[{"name":"wp","href":"https:\/\/api.w.org\/{rel}","templated":true}]}}