{"id":38704,"date":"2023-05-03T16:34:11","date_gmt":"2023-05-03T20:34:11","guid":{"rendered":"https:\/\/amazonia.fiocruz.br\/?p=38704"},"modified":"2023-05-03T16:34:12","modified_gmt":"2023-05-03T20:34:12","slug":"palestra-do-centro-de-estudos-vai-destacar-abordagem-metagenomica-e-suas-aplicacoes-na-area-clinica","status":"publish","type":"post","link":"https:\/\/amazonia.fiocruz.br\/?p=38704","title":{"rendered":"Palestra do Centro de Estudos vai destacar abordagem metagenomica e suas aplica\u00e7\u00f5es na \u00e1rea cl\u00ednica"},"content":{"rendered":"<section class=\"av_textblock_section \"  itemscope=\"itemscope\" itemtype=\"https:\/\/schema.org\/BlogPosting\" itemprop=\"blogPost\" ><div class='avia_textblock  '   itemprop=\"text\" ><p style=\"text-align: justify;\">O Centro de Estudos do Instituto Le\u00f4nidas &amp; Maria Deane (ILMD \/ Fiocruz Amaz\u00f4nia) apresenta na pr\u00f3xima sexta-feira, 5\/5, \u00e0s 10h, a palestra \u201cMetagenoma na elucida\u00e7\u00e3o da epidemiologia de doen\u00e7as f\u00fangicas: do meio ambiente ao paciente\u201d, a ser ministrada pela pesquisadora Maria Eduarda Grisolia, Doutora em Processos Biotecnol\u00f3gicos pela Universidade Federal do Paran\u00e1 (UFPR). A apresenta\u00e7\u00e3o ter\u00e1 como moderadora, Ani Beatriz Jackisch Matsuura, pesquisadora do Laborat\u00f3rio de Diversidade Microbiana da Amaz\u00f4nia da Fiocruz Amaz\u00f4nia.<\/p>\n<p style=\"text-align: justify;\">Na oportunidade, a pesquisadora ir\u00e1 fazer uma breve contextualiza\u00e7\u00e3o sobre a abordagem metagenomica e suas aplica\u00e7\u00f5es na \u00e1rea cl\u00ednica, al\u00e9m de explicar como aplicar esta ferramenta na investiga\u00e7\u00e3o ambiental por agentes de doen\u00e7as f\u00fangicas. A apresenta\u00e7\u00e3o acontecer\u00e1 no formato on-line, e pode ser assistida por meio do link de transmiss\u00e3o ( <a href=\"https:\/\/us06web.zoom.us\/j\/84015466810?pwd=SUNTT3VQSkNVM1FKeXBBMDZMTjBUQT09\">https:\/\/us06web.zoom.us\/j\/84015466810?pwd=SUNTT3VQSkNVM1FKeXBBMDZMTjBUQT09<\/a> ), utilizando ID da Reuni\u00e3o (840 1546 6810) e senha de acesso (391922).<\/p>\n<p style=\"text-align: justify;\"><strong>SOBRE A PALESTRANTE<\/strong><\/p>\n<p style=\"text-align: justify;\">Maria Eduarda Grisolia \u00e9 graduada em Biotecnologia pela Universidade Federal do Amazonas (Ufam), Mestrado em Sa\u00fade P\u00fablica pelo ILMD\/Fiocruz Amaz\u00f4nia e, doutora em Processos Biotecnol\u00f3gicos pela Universidade Federal do Paran\u00e1 (UFPR). Atualmente est\u00e1 em p\u00f3s-doutirado na UFPR, onde trabalha com an\u00e1lises epidemiol\u00f3gicas que quantificam a presen\u00e7a de carga viral de SARS-COV-2 em esta\u00e7\u00f5es de tratamento de esgoto.<\/p>\n<p style=\"text-align: justify;\">Ao longo do processo de forma\u00e7\u00e3o se aperfei\u00e7oou em Micologia, com \u00eanfase em Bioinform\u00e1tica, atuando em G\u00eanomica e Metag\u00eanomica, al\u00e9m disso tem experi\u00eancia de trabalho em cultur\u00f4mica, epidemiologia molecular, ensaios de susceptibilidade a antif\u00fangicos e diversidade microbiana.<\/p>\n<p style=\"text-align: justify;\"><strong>SOBRE O CENTRO DE ESTUDOS<\/strong><\/p>\n<p style=\"text-align: justify;\">O Centro de Estudos do ILMD\/Fiocruz Amaz\u00f4nia \u00e9 um n\u00facleo que oportuniza encontros, palestras, semin\u00e1rios e debates sobre diversos temas ligados \u00e0 pesquisa e ao ensino para a promo\u00e7\u00e3o da sa\u00fade. Os eventos s\u00e3o gratuitos e ocorrem \u00e0s sextas-feiras. As atividades s\u00e3o destinadas a estudantes de gradua\u00e7\u00e3o e p\u00f3s-gradua\u00e7\u00e3o, pesquisadores, professores e trabalhadores da \u00e1rea da Sa\u00fade.<\/p>\n<p style=\"text-align: justify;\">Nesta temporada, as palestras passam a ser moderadas pelos laborat\u00f3rios de pesquisa da Institui\u00e7\u00e3o. A todo, 16 sess\u00f5es devem ocorrer durante o ano de 2023, comtemplando as \u00e1reas de biodiversidade e sociodiversidade.<\/p>\n<\/div><\/section>\n","protected":false},"excerpt":{"rendered":"<p>Palestrante ir\u00e1 apresentar m\u00e9todo de aplica\u00e7\u00e3o desta ferramenta na investiga\u00e7\u00e3o ambiental por agentes de doen\u00e7as f\u00fangicas.<\/p>\n","protected":false},"author":20,"featured_media":38705,"comment_status":"closed","ping_status":"closed","sticky":true,"template":"","format":"image","meta":{"footnotes":""},"categories":[15],"tags":[118,136,120,119,131,772],"class_list":["post-38704","post","type-post","status-publish","format-image","has-post-thumbnail","hentry","category-noticias","tag-centro-de-estudos","tag-fiocruz","tag-fiocruz-amazonia","tag-ilmd","tag-ilmdfiocruz-amazonia","tag-palestras","post_format-post-format-image"],"_links":{"self":[{"href":"https:\/\/amazonia.fiocruz.br\/index.php?rest_route=\/wp\/v2\/posts\/38704","targetHints":{"allow":["GET"]}}],"collection":[{"href":"https:\/\/amazonia.fiocruz.br\/index.php?rest_route=\/wp\/v2\/posts"}],"about":[{"href":"https:\/\/amazonia.fiocruz.br\/index.php?rest_route=\/wp\/v2\/types\/post"}],"author":[{"embeddable":true,"href":"https:\/\/amazonia.fiocruz.br\/index.php?rest_route=\/wp\/v2\/users\/20"}],"replies":[{"embeddable":true,"href":"https:\/\/amazonia.fiocruz.br\/index.php?rest_route=%2Fwp%2Fv2%2Fcomments&post=38704"}],"version-history":[{"count":1,"href":"https:\/\/amazonia.fiocruz.br\/index.php?rest_route=\/wp\/v2\/posts\/38704\/revisions"}],"predecessor-version":[{"id":38706,"href":"https:\/\/amazonia.fiocruz.br\/index.php?rest_route=\/wp\/v2\/posts\/38704\/revisions\/38706"}],"wp:featuredmedia":[{"embeddable":true,"href":"https:\/\/amazonia.fiocruz.br\/index.php?rest_route=\/wp\/v2\/media\/38705"}],"wp:attachment":[{"href":"https:\/\/amazonia.fiocruz.br\/index.php?rest_route=%2Fwp%2Fv2%2Fmedia&parent=38704"}],"wp:term":[{"taxonomy":"category","embeddable":true,"href":"https:\/\/amazonia.fiocruz.br\/index.php?rest_route=%2Fwp%2Fv2%2Fcategories&post=38704"},{"taxonomy":"post_tag","embeddable":true,"href":"https:\/\/amazonia.fiocruz.br\/index.php?rest_route=%2Fwp%2Fv2%2Ftags&post=38704"}],"curies":[{"name":"wp","href":"https:\/\/api.w.org\/{rel}","templated":true}]}}