{"id":38620,"date":"2023-04-28T10:52:37","date_gmt":"2023-04-28T14:52:37","guid":{"rendered":"https:\/\/amazonia.fiocruz.br\/?p=38620"},"modified":"2023-04-28T11:02:15","modified_gmt":"2023-04-28T15:02:15","slug":"projeto-manaos-da-fiocruz-amazonia-leva-indigenas-do-parque-das-tribos-para-o-acampamento-terra-livre","status":"publish","type":"post","link":"https:\/\/amazonia.fiocruz.br\/?p=38620","title":{"rendered":"Projeto Mana\u00f3s, da Fiocruz Amaz\u00f4nia, leva ind\u00edgenas do Parque das Tribos para o Acampamento Terra Livre"},"content":{"rendered":"<section class=\"av_textblock_section \"  itemscope=\"itemscope\" itemtype=\"https:\/\/schema.org\/BlogPosting\" itemprop=\"blogPost\" ><div class='avia_textblock  '   itemprop=\"text\" ><p style=\"text-align: justify;\">O Projeto Mana\u00f3s: Sa\u00fade Ind\u00edgena no Contexto Urbano, desenvolvido pela Fiocruz Amaz\u00f4nia, participa do 19\u00ba Acampamento Terra Livre, realizado entre os dias 24 e 28 deste m\u00eas, em Bras\u00edlia, juntamente com lideran\u00e7as ind\u00edgenas do Parque das Tribos, primeiro bairro ind\u00edgena de Manaus, \u00e1rea de atua\u00e7\u00e3o do projeto. O Terra Livre re\u00fane anualmente representantes dos 305 povos ind\u00edgenas existentes em territ\u00f3rio brasileiro com a finalidade de reafirmar e fortalecer a luta pelos direitos dos povos ind\u00edgenas.\u00a0 Por meio do Projeto Mana\u00f3s, lideran\u00e7as do Parque das Tribos participam pela primeira vez do movimento como parte do componente de responsabilidade social do projeto. O evento encerra nesta sexta-feira, com a leitura da carta final do ATL 2023.<\/p>\n<p><img decoding=\"async\" class=\"aligncenter size-large wp-image-38623\" src=\"https:\/\/amazonia.fiocruz.br\/wp-content\/uploads\/2023\/04\/fad7c6e7-7a90-4d10-9f88-2263d7bac27a-1030x771.jpg\" alt=\"\" width=\"1030\" height=\"771\" srcset=\"https:\/\/amazonia.fiocruz.br\/wp-content\/uploads\/2023\/04\/fad7c6e7-7a90-4d10-9f88-2263d7bac27a-1030x771.jpg 1030w, https:\/\/amazonia.fiocruz.br\/wp-content\/uploads\/2023\/04\/fad7c6e7-7a90-4d10-9f88-2263d7bac27a-300x224.jpg 300w, https:\/\/amazonia.fiocruz.br\/wp-content\/uploads\/2023\/04\/fad7c6e7-7a90-4d10-9f88-2263d7bac27a-768x575.jpg 768w, https:\/\/amazonia.fiocruz.br\/wp-content\/uploads\/2023\/04\/fad7c6e7-7a90-4d10-9f88-2263d7bac27a-705x528.jpg 705w, https:\/\/amazonia.fiocruz.br\/wp-content\/uploads\/2023\/04\/fad7c6e7-7a90-4d10-9f88-2263d7bac27a.jpg 1160w\" sizes=\"(max-width: 1030px) 100vw, 1030px\" \/><\/p>\n<p style=\"text-align: justify;\">Com uma programa\u00e7\u00e3o extensa de reuni\u00f5es plen\u00e1rias e marchas, o ATL iniciou na \u00faltima segunda-feira, 24\/4, tendo como pontos altos o lan\u00e7amento da Frente Parlamentar Mista de Defesa dos Direitos dos Povos Ind\u00edgenas e ato em frente ao Congresso Nacional pelo enfrentamento de PLs (projetos de lei) anti-indigenas, em especial o PL 191\/2020, que trata sobre a libera\u00e7\u00e3o da minera\u00e7\u00e3o em terras ind\u00edgenas. Ao longo da semana, foram realizadas plen\u00e1rias com tem\u00e1ticas variadas, a exemplo da sa\u00fade ind\u00edgena, educa\u00e7\u00e3o escolar ind\u00edgena, retomada do Comit\u00ea Ind\u00edgena de Mudan\u00e7as Clim\u00e1ticas, Comiss\u00e3o Nacional de Mem\u00f3ria e Verdade Ind\u00edgena, luta da juventude ind\u00edgena pelo movimento identit\u00e1rio e julgamento do Marco Temporal e suas implica\u00e7\u00f5es no direito dos povos ind\u00edgenas.<\/p>\n<p><img decoding=\"async\" class=\"aligncenter size-large wp-image-38624\" src=\"https:\/\/amazonia.fiocruz.br\/wp-content\/uploads\/2023\/04\/8f84031d-615b-40db-9593-1f52fda6c174-1030x771.jpg\" alt=\"\" width=\"1030\" height=\"771\" srcset=\"https:\/\/amazonia.fiocruz.br\/wp-content\/uploads\/2023\/04\/8f84031d-615b-40db-9593-1f52fda6c174-1030x771.jpg 1030w, https:\/\/amazonia.fiocruz.br\/wp-content\/uploads\/2023\/04\/8f84031d-615b-40db-9593-1f52fda6c174-300x224.jpg 300w, https:\/\/amazonia.fiocruz.br\/wp-content\/uploads\/2023\/04\/8f84031d-615b-40db-9593-1f52fda6c174-768x575.jpg 768w, https:\/\/amazonia.fiocruz.br\/wp-content\/uploads\/2023\/04\/8f84031d-615b-40db-9593-1f52fda6c174-705x528.jpg 705w, https:\/\/amazonia.fiocruz.br\/wp-content\/uploads\/2023\/04\/8f84031d-615b-40db-9593-1f52fda6c174.jpg 1160w\" sizes=\"(max-width: 1030px) 100vw, 1030px\" \/><\/p>\n<p style=\"text-align: justify;\">A comitiva do Parque das Tribos esteve entra as mais de 20 delega\u00e7\u00f5es ind\u00edgenas do Amazonas presentes ao ATL. O pesquisador da Fiocruz Amaz\u00f4nia, Rodrigo Tobias, coordenador do Projeto Mana\u00f3s, explica que a comitiva participou de atividades tamb\u00e9m na Fiocruz Bras\u00edlia e Universidade de Bras\u00edlia (UNB), entre as quais o Encontro Geopoesia, Raizamas e Recome\u00e7os: montando o acampamento e orienta\u00e7\u00f5es sobre a (in)disciplina. &#8220;Este encontro foi dividido em duas estrofes: acolhimento de quem chegava e orienta\u00e7\u00f5es para jornada, e Raizamas, para estabelecer um percurso nas ra\u00edzes e nos rizomas do Brasil, provocar deslocamentos de vis\u00f5es de mundo e reflorestar os sentimentos, nossas\/os\/es convidadas\/os\/es dialogaram com as pessoas participantes por meio de prosas po\u00e9ticas sobre morte, recome\u00e7os e ancestralidade&#8221;, relatou Tobias.<\/p>\n<p><img decoding=\"async\" class=\"aligncenter size-large wp-image-38625\" src=\"https:\/\/amazonia.fiocruz.br\/wp-content\/uploads\/2023\/04\/09d365c9-16b1-4fff-b7a8-062831cc5603-1030x579.jpg\" alt=\"\" width=\"1030\" height=\"579\" srcset=\"https:\/\/amazonia.fiocruz.br\/wp-content\/uploads\/2023\/04\/09d365c9-16b1-4fff-b7a8-062831cc5603-1030x579.jpg 1030w, https:\/\/amazonia.fiocruz.br\/wp-content\/uploads\/2023\/04\/09d365c9-16b1-4fff-b7a8-062831cc5603-300x169.jpg 300w, https:\/\/amazonia.fiocruz.br\/wp-content\/uploads\/2023\/04\/09d365c9-16b1-4fff-b7a8-062831cc5603-768x432.jpg 768w, https:\/\/amazonia.fiocruz.br\/wp-content\/uploads\/2023\/04\/09d365c9-16b1-4fff-b7a8-062831cc5603-705x397.jpg 705w, https:\/\/amazonia.fiocruz.br\/wp-content\/uploads\/2023\/04\/09d365c9-16b1-4fff-b7a8-062831cc5603.jpg 1440w\" sizes=\"(max-width: 1030px) 100vw, 1030px\" \/><\/p>\n<\/div><\/section>\n","protected":false},"excerpt":{"rendered":"<p>O evento encerra nesta sexta-feira, com a leitura da carta final do ATL 2023.<\/p>\n","protected":false},"author":20,"featured_media":38621,"comment_status":"closed","ping_status":"closed","sticky":true,"template":"","format":"image","meta":{"footnotes":""},"categories":[15],"tags":[136,120,119,131,142,912],"class_list":["post-38620","post","type-post","status-publish","format-image","has-post-thumbnail","hentry","category-noticias","tag-fiocruz","tag-fiocruz-amazonia","tag-ilmd","tag-ilmdfiocruz-amazonia","tag-indigenas","tag-povos-indigenas","post_format-post-format-image"],"_links":{"self":[{"href":"https:\/\/amazonia.fiocruz.br\/index.php?rest_route=\/wp\/v2\/posts\/38620","targetHints":{"allow":["GET"]}}],"collection":[{"href":"https:\/\/amazonia.fiocruz.br\/index.php?rest_route=\/wp\/v2\/posts"}],"about":[{"href":"https:\/\/amazonia.fiocruz.br\/index.php?rest_route=\/wp\/v2\/types\/post"}],"author":[{"embeddable":true,"href":"https:\/\/amazonia.fiocruz.br\/index.php?rest_route=\/wp\/v2\/users\/20"}],"replies":[{"embeddable":true,"href":"https:\/\/amazonia.fiocruz.br\/index.php?rest_route=%2Fwp%2Fv2%2Fcomments&post=38620"}],"version-history":[{"count":2,"href":"https:\/\/amazonia.fiocruz.br\/index.php?rest_route=\/wp\/v2\/posts\/38620\/revisions"}],"predecessor-version":[{"id":38627,"href":"https:\/\/amazonia.fiocruz.br\/index.php?rest_route=\/wp\/v2\/posts\/38620\/revisions\/38627"}],"wp:featuredmedia":[{"embeddable":true,"href":"https:\/\/amazonia.fiocruz.br\/index.php?rest_route=\/wp\/v2\/media\/38621"}],"wp:attachment":[{"href":"https:\/\/amazonia.fiocruz.br\/index.php?rest_route=%2Fwp%2Fv2%2Fmedia&parent=38620"}],"wp:term":[{"taxonomy":"category","embeddable":true,"href":"https:\/\/amazonia.fiocruz.br\/index.php?rest_route=%2Fwp%2Fv2%2Fcategories&post=38620"},{"taxonomy":"post_tag","embeddable":true,"href":"https:\/\/amazonia.fiocruz.br\/index.php?rest_route=%2Fwp%2Fv2%2Ftags&post=38620"}],"curies":[{"name":"wp","href":"https:\/\/api.w.org\/{rel}","templated":true}]}}