{"id":38586,"date":"2023-04-24T14:10:49","date_gmt":"2023-04-24T18:10:49","guid":{"rendered":"https:\/\/amazonia.fiocruz.br\/?p=38586"},"modified":"2023-04-24T14:10:50","modified_gmt":"2023-04-24T18:10:50","slug":"executivos-da-usaid-visitam-fiocruz-amazonia-e-conhecem-resultados-do-projeto-amazonia-ciencia-e-solidariedade","status":"publish","type":"post","link":"https:\/\/amazonia.fiocruz.br\/?p=38586","title":{"rendered":"Executivos da USAID visitam Fiocruz Amaz\u00f4nia e conhecem resultados do Projeto Amaz\u00f4nia: Ci\u00eancia e Solidariedade"},"content":{"rendered":"<section class=\"av_textblock_section \"  itemscope=\"itemscope\" itemtype=\"https:\/\/schema.org\/BlogPosting\" itemprop=\"blogPost\" ><div class='avia_textblock  '   itemprop=\"text\" ><p>O diretor da Miss\u00e3o da Ag\u00eancia dos Estados Unidos para o Desenvolvimento Internacional (USAID), para o Brasil, Ted Gehr, visitou na sexta-feira, 21\/04, a sede da Fiocruz Amaz\u00f4nia, em Manaus, para conferir de perto os resultados das tr\u00eas frentes de atua\u00e7\u00e3o do Projeto Amaz\u00f4nia: Ci\u00eancia e Solidariedade no Enfrentamento \u00e0 Covid-19. O projeto, iniciado em julho de 2022, \u00e9 executado pela Fiocruz Amaz\u00f4nia e Fiotec, com apoio financeiro da USAID, em parceria com a NPI Expand e SITAWI Finan\u00e7as para o Bem.<\/p>\n<p><img decoding=\"async\" class=\"aligncenter size-large wp-image-38588\" src=\"https:\/\/amazonia.fiocruz.br\/wp-content\/uploads\/2023\/04\/Visita-de-representantes-USAID-ao-ILMD_Foto-Ingrid-Anne_Fiocruz-Amazonia-1-1030x688.jpg\" alt=\"\" width=\"1030\" height=\"688\" srcset=\"https:\/\/amazonia.fiocruz.br\/wp-content\/uploads\/2023\/04\/Visita-de-representantes-USAID-ao-ILMD_Foto-Ingrid-Anne_Fiocruz-Amazonia-1-1030x688.jpg 1030w, https:\/\/amazonia.fiocruz.br\/wp-content\/uploads\/2023\/04\/Visita-de-representantes-USAID-ao-ILMD_Foto-Ingrid-Anne_Fiocruz-Amazonia-1-300x200.jpg 300w, https:\/\/amazonia.fiocruz.br\/wp-content\/uploads\/2023\/04\/Visita-de-representantes-USAID-ao-ILMD_Foto-Ingrid-Anne_Fiocruz-Amazonia-1-768x513.jpg 768w, https:\/\/amazonia.fiocruz.br\/wp-content\/uploads\/2023\/04\/Visita-de-representantes-USAID-ao-ILMD_Foto-Ingrid-Anne_Fiocruz-Amazonia-1-1536x1025.jpg 1536w, https:\/\/amazonia.fiocruz.br\/wp-content\/uploads\/2023\/04\/Visita-de-representantes-USAID-ao-ILMD_Foto-Ingrid-Anne_Fiocruz-Amazonia-1-1500x1001.jpg 1500w, https:\/\/amazonia.fiocruz.br\/wp-content\/uploads\/2023\/04\/Visita-de-representantes-USAID-ao-ILMD_Foto-Ingrid-Anne_Fiocruz-Amazonia-1-705x471.jpg 705w, https:\/\/amazonia.fiocruz.br\/wp-content\/uploads\/2023\/04\/Visita-de-representantes-USAID-ao-ILMD_Foto-Ingrid-Anne_Fiocruz-Amazonia-1.jpg 2000w\" sizes=\"(max-width: 1030px) 100vw, 1030px\" \/><\/p>\n<p>A comitiva, formada tamb\u00e9m por executivos da USAID e NPI Expand, foi recebida pela diretora da Fiocruz Amaz\u00f4nia, Adele Schwartz Benzaken e a equipe de gestores respons\u00e1veis pela execu\u00e7\u00e3o do projeto, que englobou os estados do Amazonas, Acre, Rond\u00f4nia e Roraima.<\/p>\n<p><img decoding=\"async\" class=\"aligncenter size-large wp-image-38589\" src=\"https:\/\/amazonia.fiocruz.br\/wp-content\/uploads\/2023\/04\/Visita-de-representantes-USAID-ao-ILMD_Foto-Ingrid-Anne_Fiocruz-Amazonia-7-1030x688.jpg\" alt=\"\" width=\"1030\" height=\"688\" srcset=\"https:\/\/amazonia.fiocruz.br\/wp-content\/uploads\/2023\/04\/Visita-de-representantes-USAID-ao-ILMD_Foto-Ingrid-Anne_Fiocruz-Amazonia-7-1030x688.jpg 1030w, https:\/\/amazonia.fiocruz.br\/wp-content\/uploads\/2023\/04\/Visita-de-representantes-USAID-ao-ILMD_Foto-Ingrid-Anne_Fiocruz-Amazonia-7-300x200.jpg 300w, https:\/\/amazonia.fiocruz.br\/wp-content\/uploads\/2023\/04\/Visita-de-representantes-USAID-ao-ILMD_Foto-Ingrid-Anne_Fiocruz-Amazonia-7-768x513.jpg 768w, https:\/\/amazonia.fiocruz.br\/wp-content\/uploads\/2023\/04\/Visita-de-representantes-USAID-ao-ILMD_Foto-Ingrid-Anne_Fiocruz-Amazonia-7-1536x1025.jpg 1536w, https:\/\/amazonia.fiocruz.br\/wp-content\/uploads\/2023\/04\/Visita-de-representantes-USAID-ao-ILMD_Foto-Ingrid-Anne_Fiocruz-Amazonia-7-1500x1001.jpg 1500w, https:\/\/amazonia.fiocruz.br\/wp-content\/uploads\/2023\/04\/Visita-de-representantes-USAID-ao-ILMD_Foto-Ingrid-Anne_Fiocruz-Amazonia-7-705x471.jpg 705w, https:\/\/amazonia.fiocruz.br\/wp-content\/uploads\/2023\/04\/Visita-de-representantes-USAID-ao-ILMD_Foto-Ingrid-Anne_Fiocruz-Amazonia-7.jpg 2000w\" sizes=\"(max-width: 1030px) 100vw, 1030px\" \/><\/p>\n<p>Participaram da visita Molly Hanrahan, assistente de Programa do Bureau para a Sa\u00fade Global da USAID, integrante da equipe de contratos da Ag\u00eancia em Washington e respons\u00e1vel pelo acompanhamento do Acordo de Coopera\u00e7\u00e3o Global entre a USAID e a Palladium (USAID\/EUA); Ellen Halbach, da equipe de Resposta COVID-19 da Sa\u00fade Global USAID; Natalia Lopez-Hurst, oficial de comunica\u00e7\u00e3o da USAID em Bras\u00edlia; Nina Best, l\u00edder da Equipe Nacional NPI Expand (Palladium BR); Beatriz Ferreira, associada s\u00eanior de Neg\u00f3cios da Palladium BR; Aysa Saleh, gerente s\u00eanior de Programas da NPI EXPAND Brasil em Washington (Palladium US); e Felipe Storch, coordenador de Acordos de Doa\u00e7\u00e3o da Palladium BR.<\/p>\n<p><img decoding=\"async\" class=\"aligncenter size-large wp-image-38590\" src=\"https:\/\/amazonia.fiocruz.br\/wp-content\/uploads\/2023\/04\/Visita-de-representantes-USAID-ao-ILMD_Foto-Ingrid-Anne_Fiocruz-Amazonia-5-1030x688.jpg\" alt=\"\" width=\"1030\" height=\"688\" srcset=\"https:\/\/amazonia.fiocruz.br\/wp-content\/uploads\/2023\/04\/Visita-de-representantes-USAID-ao-ILMD_Foto-Ingrid-Anne_Fiocruz-Amazonia-5-1030x688.jpg 1030w, https:\/\/amazonia.fiocruz.br\/wp-content\/uploads\/2023\/04\/Visita-de-representantes-USAID-ao-ILMD_Foto-Ingrid-Anne_Fiocruz-Amazonia-5-300x200.jpg 300w, https:\/\/amazonia.fiocruz.br\/wp-content\/uploads\/2023\/04\/Visita-de-representantes-USAID-ao-ILMD_Foto-Ingrid-Anne_Fiocruz-Amazonia-5-768x513.jpg 768w, https:\/\/amazonia.fiocruz.br\/wp-content\/uploads\/2023\/04\/Visita-de-representantes-USAID-ao-ILMD_Foto-Ingrid-Anne_Fiocruz-Amazonia-5-1536x1025.jpg 1536w, https:\/\/amazonia.fiocruz.br\/wp-content\/uploads\/2023\/04\/Visita-de-representantes-USAID-ao-ILMD_Foto-Ingrid-Anne_Fiocruz-Amazonia-5-1500x1001.jpg 1500w, https:\/\/amazonia.fiocruz.br\/wp-content\/uploads\/2023\/04\/Visita-de-representantes-USAID-ao-ILMD_Foto-Ingrid-Anne_Fiocruz-Amazonia-5-705x471.jpg 705w, https:\/\/amazonia.fiocruz.br\/wp-content\/uploads\/2023\/04\/Visita-de-representantes-USAID-ao-ILMD_Foto-Ingrid-Anne_Fiocruz-Amazonia-5.jpg 2000w\" sizes=\"(max-width: 1030px) 100vw, 1030px\" \/><\/p>\n<\/div><\/section>\n","protected":false},"excerpt":{"rendered":"<p>O projeto, iniciado em julho de 2022, \u00e9 executado pela Fiocruz Amaz\u00f4nia e Fiotec, com apoio financeiro da USAID, em parceria com a NPI Expand e SITAWI Finan\u00e7as para o Bem. <\/p>\n","protected":false},"author":20,"featured_media":38587,"comment_status":"closed","ping_status":"closed","sticky":true,"template":"","format":"image","meta":{"footnotes":""},"categories":[15],"tags":[136,120,119,131,1135],"class_list":["post-38586","post","type-post","status-publish","format-image","has-post-thumbnail","hentry","category-noticias","tag-fiocruz","tag-fiocruz-amazonia","tag-ilmd","tag-ilmdfiocruz-amazonia","tag-usaid","post_format-post-format-image"],"_links":{"self":[{"href":"https:\/\/amazonia.fiocruz.br\/index.php?rest_route=\/wp\/v2\/posts\/38586","targetHints":{"allow":["GET"]}}],"collection":[{"href":"https:\/\/amazonia.fiocruz.br\/index.php?rest_route=\/wp\/v2\/posts"}],"about":[{"href":"https:\/\/amazonia.fiocruz.br\/index.php?rest_route=\/wp\/v2\/types\/post"}],"author":[{"embeddable":true,"href":"https:\/\/amazonia.fiocruz.br\/index.php?rest_route=\/wp\/v2\/users\/20"}],"replies":[{"embeddable":true,"href":"https:\/\/amazonia.fiocruz.br\/index.php?rest_route=%2Fwp%2Fv2%2Fcomments&post=38586"}],"version-history":[{"count":1,"href":"https:\/\/amazonia.fiocruz.br\/index.php?rest_route=\/wp\/v2\/posts\/38586\/revisions"}],"predecessor-version":[{"id":38591,"href":"https:\/\/amazonia.fiocruz.br\/index.php?rest_route=\/wp\/v2\/posts\/38586\/revisions\/38591"}],"wp:featuredmedia":[{"embeddable":true,"href":"https:\/\/amazonia.fiocruz.br\/index.php?rest_route=\/wp\/v2\/media\/38587"}],"wp:attachment":[{"href":"https:\/\/amazonia.fiocruz.br\/index.php?rest_route=%2Fwp%2Fv2%2Fmedia&parent=38586"}],"wp:term":[{"taxonomy":"category","embeddable":true,"href":"https:\/\/amazonia.fiocruz.br\/index.php?rest_route=%2Fwp%2Fv2%2Fcategories&post=38586"},{"taxonomy":"post_tag","embeddable":true,"href":"https:\/\/amazonia.fiocruz.br\/index.php?rest_route=%2Fwp%2Fv2%2Ftags&post=38586"}],"curies":[{"name":"wp","href":"https:\/\/api.w.org\/{rel}","templated":true}]}}