{"id":38567,"date":"2023-04-20T16:30:01","date_gmt":"2023-04-20T20:30:01","guid":{"rendered":"https:\/\/amazonia.fiocruz.br\/?p=38567"},"modified":"2023-04-20T16:30:03","modified_gmt":"2023-04-20T20:30:03","slug":"estudo-da-fiocruz-mostra-diferencas-nos-impactos-da-circulacao-das-variantes-do-sars-cov-2-no-amazonas","status":"publish","type":"post","link":"https:\/\/amazonia.fiocruz.br\/?p=38567","title":{"rendered":"Estudo da Fiocruz mostra diferen\u00e7as nos impactos da circula\u00e7\u00e3o das variantes do SARS-CoV-2 no Amazonas"},"content":{"rendered":"<section class=\"av_textblock_section \"  itemscope=\"itemscope\" itemtype=\"https:\/\/schema.org\/BlogPosting\" itemprop=\"blogPost\" ><div class='avia_textblock  '   itemprop=\"text\" ><p style=\"text-align: justify;\"><em>Apesar de ter sido at\u00e9 tr\u00eas vezes mais transmiss\u00edvel do que a Gama e a Delta, variante \u00d4micron provocou menos casos graves e \u00f3bitos gra\u00e7as \u00e0 vacina\u00e7\u00e3o<\/em><\/p>\n<p style=\"text-align: justify;\">Em <a href=\"https:\/\/www.nature.com\/ncomms\/editorshighlights#top\" target=\"_blank\" rel=\"noopener\">artigo publicado pela revista Nature Communications<\/a>, estudo realizado pela Fiocruz Amaz\u00f4nia e pelo Instituto Oswaldo Cruz (IOC\/Fiocruz), utilizando amostras de pacientes diagnosticados com Covid-19, evidencia a din\u00e2mica diferenciada de dispers\u00e3o das variantes Delta e \u00d4micron do v\u00edrus SARS-CoV-2 circulantes no Amazonas.<\/p>\n<p style=\"text-align: justify;\">A pesquisa, conduzida em parceria com diversas institui\u00e7\u00f5es, \u00e9 determinante para avalia\u00e7\u00e3o dos impactos do v\u00edrus no Estado. Segundo o coordenador do estudo, o virologista Felipe Naveca, chefe do N\u00facleo de Vigil\u00e2ncia de V\u00edrus Emergentes, Reemergentes e Negligenciados, da Fiocruz Amaz\u00f4nia, e pesquisador do Laborat\u00f3rio de Arbov\u00edrus e V\u00edrus Hemorr\u00e1gico do IOC\/Fiocruz, foram sequenciadas mais de 4 mil amostras de indiv\u00edduos infectados pelo novo coronav\u00edrus entre 1\u00ba de julho de 2021 e 31 de janeiro de 2022. O per\u00edodo compreendeu a entrada das variantes Delta e \u00d4micron no Estado.<\/p>\n<p><img decoding=\"async\" class=\"aligncenter size-large wp-image-38569\" src=\"https:\/\/amazonia.fiocruz.br\/wp-content\/uploads\/2023\/04\/Dr.-felipe-Naveca-2-1030x687.jpg\" alt=\"\" width=\"1030\" height=\"687\" srcset=\"https:\/\/amazonia.fiocruz.br\/wp-content\/uploads\/2023\/04\/Dr.-felipe-Naveca-2-1030x687.jpg 1030w, https:\/\/amazonia.fiocruz.br\/wp-content\/uploads\/2023\/04\/Dr.-felipe-Naveca-2-300x200.jpg 300w, https:\/\/amazonia.fiocruz.br\/wp-content\/uploads\/2023\/04\/Dr.-felipe-Naveca-2-768x512.jpg 768w, https:\/\/amazonia.fiocruz.br\/wp-content\/uploads\/2023\/04\/Dr.-felipe-Naveca-2-1536x1025.jpg 1536w, https:\/\/amazonia.fiocruz.br\/wp-content\/uploads\/2023\/04\/Dr.-felipe-Naveca-2-2048x1366.jpg 2048w, https:\/\/amazonia.fiocruz.br\/wp-content\/uploads\/2023\/04\/Dr.-felipe-Naveca-2-1500x1001.jpg 1500w, https:\/\/amazonia.fiocruz.br\/wp-content\/uploads\/2023\/04\/Dr.-felipe-Naveca-2-705x470.jpg 705w\" sizes=\"(max-width: 1030px) 100vw, 1030px\" \/><\/p>\n<p style=\"text-align: justify;\">&#8220;Conseguimos mostrar que, apesar de ambas as variantes terem se espalhado de forma semelhante, tendo Manaus como principal ponto de distribui\u00e7\u00e3o para os demais munic\u00edpios, a \u00d4micron teve uma maior capacidade de dissemina\u00e7\u00e3o&#8221;, explica Naveca, referindo-se ao contexto em que as amostras foram coletadas.<\/p>\n<p style=\"text-align: justify;\">O coordenador relembra que antes da circula\u00e7\u00e3o da \u00d4micron a popula\u00e7\u00e3o amanozense se encontrava altamente afetada pela Covid-19, uma vez que havia sido atingida por duas grandes ondas de infec\u00e7\u00f5es provocadas pelas linhagens iniciais e pela variante Gama.<\/p>\n<p style=\"text-align: justify;\">&#8220;A Delta provocou poucos casos em compara\u00e7\u00e3o com a Gama e com \u00d4micron, mas ela conseguiu se dispersar no Estado de uma maneira muito semelhante, seguindo rota para munic\u00edpios do interior a partir de Manaus. O que vimos quando a \u00d4micron entrou em cena foi um aumento expressivo de casos, principalmente no per\u00edodo entre o final de 2021 e o in\u00edcio de 2022, mas sem eleva\u00e7\u00e3o do n\u00famero de casos graves como aconteceu com a onda da Gama&#8221;, afirma o virologista, tendo em vista o in\u00edcio da campanha nacional de imuniza\u00e7\u00e3o.<\/p>\n<p><img decoding=\"async\" class=\"aligncenter size-large wp-image-38570\" src=\"https:\/\/amazonia.fiocruz.br\/wp-content\/uploads\/2023\/04\/Dra.-Valdinete-Nascimento-sobre-Vigilancia-Genomica-14-1-1030x687.jpg\" alt=\"\" width=\"1030\" height=\"687\" srcset=\"https:\/\/amazonia.fiocruz.br\/wp-content\/uploads\/2023\/04\/Dra.-Valdinete-Nascimento-sobre-Vigilancia-Genomica-14-1-1030x687.jpg 1030w, https:\/\/amazonia.fiocruz.br\/wp-content\/uploads\/2023\/04\/Dra.-Valdinete-Nascimento-sobre-Vigilancia-Genomica-14-1-300x200.jpg 300w, https:\/\/amazonia.fiocruz.br\/wp-content\/uploads\/2023\/04\/Dra.-Valdinete-Nascimento-sobre-Vigilancia-Genomica-14-1-768x512.jpg 768w, https:\/\/amazonia.fiocruz.br\/wp-content\/uploads\/2023\/04\/Dra.-Valdinete-Nascimento-sobre-Vigilancia-Genomica-14-1-1536x1024.jpg 1536w, https:\/\/amazonia.fiocruz.br\/wp-content\/uploads\/2023\/04\/Dra.-Valdinete-Nascimento-sobre-Vigilancia-Genomica-14-1-2048x1366.jpg 2048w, https:\/\/amazonia.fiocruz.br\/wp-content\/uploads\/2023\/04\/Dra.-Valdinete-Nascimento-sobre-Vigilancia-Genomica-14-1-1500x1000.jpg 1500w, https:\/\/amazonia.fiocruz.br\/wp-content\/uploads\/2023\/04\/Dra.-Valdinete-Nascimento-sobre-Vigilancia-Genomica-14-1-705x470.jpg 705w\" sizes=\"(max-width: 1030px) 100vw, 1030px\" \/><\/p>\n<p style=\"text-align: justify;\">Naveca observa que, mesmo sendo uma variante de preocupa\u00e7\u00e3o com muito mais poder de dissemina\u00e7\u00e3o, a \u00d4micron n\u00e3o chegou nem perto do efeito catastr\u00f3fico causado pela variante Gama.<\/p>\n<p style=\"text-align: justify;\">&#8220;Essa condi\u00e7\u00e3o mostra o poder de prote\u00e7\u00e3o das vacinas contra novas infec\u00e7\u00f5es. Isso mudou consideravelmente o cen\u00e1rio vivido na onda da variante Gama&#8221;, diz.<\/p>\n<p style=\"text-align: justify;\">O pesquisador lembra ainda que foram realizadas tamb\u00e9m compara\u00e7\u00f5es relativas entre as variantes, mostrando que a \u00d4micron teve uma taxa de transmiss\u00e3o at\u00e9 tr\u00eas vezes maior do que a Gama e a Delta.<\/p>\n<p style=\"text-align: justify;\">Outro aspecto apontado pelo estudo foi o maior poder de escape da variante \u00d4micron em rela\u00e7\u00e3o \u00e0 resposta imunol\u00f3gica dos indiv\u00edduos quando comparado \u00e0 Gama e \u00e0 Delta.<\/p>\n<p style=\"text-align: justify;\">&#8220;Felizmente, n\u00e3o causou maiores impactos do ponto de vista de formas graves da doen\u00e7a ou mesmo \u00f3bito certamente por conta do avan\u00e7o da vacina\u00e7\u00e3o da popula\u00e7\u00e3o&#8221;, destacou.<\/p>\n<p style=\"text-align: justify;\">Participaram do estudo cientistas do Laborat\u00f3rio de Ecologia de Doen\u00e7as Transmiss\u00edveis na Amaz\u00f4nia, do Instituto Le\u00f4nidas &amp; Maria Deane (ILMD\/Fiocruz Amaz\u00f4nia); do Laborat\u00f3rio de AIDS e Imunologia Molecular e de V\u00edrus Respirat\u00f3rios, Exantem\u00e1ticos, Enterov\u00edrus e Emerg\u00eancias Virais, do Instituto Oswaldo Cruz (IOC\/Fiocruz); da Funda\u00e7\u00e3o de Vigil\u00e2ncia em Sa\u00fade do Amazonas Dra Rosemary Costa Pinto (FVS-AM); da Funda\u00e7\u00e3o Centro de Controle de Oncologia do Estado do Amazonas (FCecon-AM); Universidade do Estado do Amazonas (UEA); e Hospital Adventista de Manaus.<\/p>\n<p style=\"text-align: justify;\">A pesquisa contou tamb\u00e9m com representantes da Graduate School of Infectious Diseases e International Institute for Zoonosis Control, da Hokkaido University (Jap\u00e3o); Department of Arbovirology, Bernhard Nocht Institute for Tropical Medicine (Alemanha); al\u00e9m do Instituto Aggeu Magalh\u00e3es\/Fiocruz Pernambuco; Departamento de Biologia, Centro de Ci\u00eancias Exatas, Naturais e da Sa\u00fade, da Universidade Federal do Esp\u00edrito Santo; e Laborat\u00f3rio de Virologia Molecular, Instituto Carlos Chagas &#8211; Fiocruz\/Paran\u00e1; e Laborat\u00f3rio de Arbov\u00edrus e V\u00edrus Hemorr\u00e1gicos, do IOC\/Fiocruz<\/p>\n<\/div><\/section>\n","protected":false},"excerpt":{"rendered":"<p>Apesar de ter sido at\u00e9 tr\u00eas vezes mais transmiss\u00edvel do que a Gama e a Delta, variante \u00d4micron provocou menos casos graves e \u00f3bitos gra\u00e7as \u00e0 vacina\u00e7\u00e3o.<\/p>\n","protected":false},"author":20,"featured_media":38568,"comment_status":"closed","ping_status":"closed","sticky":true,"template":"","format":"image","meta":{"footnotes":""},"categories":[15],"tags":[871,421,136,120,119,131],"class_list":["post-38567","post","type-post","status-publish","format-image","has-post-thumbnail","hentry","category-noticias","tag-covid-19","tag-felipe-naveca","tag-fiocruz","tag-fiocruz-amazonia","tag-ilmd","tag-ilmdfiocruz-amazonia","post_format-post-format-image"],"_links":{"self":[{"href":"https:\/\/amazonia.fiocruz.br\/index.php?rest_route=\/wp\/v2\/posts\/38567","targetHints":{"allow":["GET"]}}],"collection":[{"href":"https:\/\/amazonia.fiocruz.br\/index.php?rest_route=\/wp\/v2\/posts"}],"about":[{"href":"https:\/\/amazonia.fiocruz.br\/index.php?rest_route=\/wp\/v2\/types\/post"}],"author":[{"embeddable":true,"href":"https:\/\/amazonia.fiocruz.br\/index.php?rest_route=\/wp\/v2\/users\/20"}],"replies":[{"embeddable":true,"href":"https:\/\/amazonia.fiocruz.br\/index.php?rest_route=%2Fwp%2Fv2%2Fcomments&post=38567"}],"version-history":[{"count":1,"href":"https:\/\/amazonia.fiocruz.br\/index.php?rest_route=\/wp\/v2\/posts\/38567\/revisions"}],"predecessor-version":[{"id":38571,"href":"https:\/\/amazonia.fiocruz.br\/index.php?rest_route=\/wp\/v2\/posts\/38567\/revisions\/38571"}],"wp:featuredmedia":[{"embeddable":true,"href":"https:\/\/amazonia.fiocruz.br\/index.php?rest_route=\/wp\/v2\/media\/38568"}],"wp:attachment":[{"href":"https:\/\/amazonia.fiocruz.br\/index.php?rest_route=%2Fwp%2Fv2%2Fmedia&parent=38567"}],"wp:term":[{"taxonomy":"category","embeddable":true,"href":"https:\/\/amazonia.fiocruz.br\/index.php?rest_route=%2Fwp%2Fv2%2Fcategories&post=38567"},{"taxonomy":"post_tag","embeddable":true,"href":"https:\/\/amazonia.fiocruz.br\/index.php?rest_route=%2Fwp%2Fv2%2Ftags&post=38567"}],"curies":[{"name":"wp","href":"https:\/\/api.w.org\/{rel}","templated":true}]}}