{"id":38560,"date":"2023-04-18T16:31:46","date_gmt":"2023-04-18T20:31:46","guid":{"rendered":"https:\/\/amazonia.fiocruz.br\/?p=38560"},"modified":"2023-04-18T16:31:47","modified_gmt":"2023-04-18T20:31:47","slug":"divulgada-1a-republicacao-do-processo-de-selecao-de-candidatos-para-ingresso-no-curso-de-doutorado-em-saude-publica","status":"publish","type":"post","link":"https:\/\/amazonia.fiocruz.br\/?p=38560","title":{"rendered":"Divulgada 1\u00aa Republica\u00e7\u00e3o do processo de sele\u00e7\u00e3o de candidatos para ingresso no curso de doutorado em Sa\u00fade P\u00fablica"},"content":{"rendered":"<section class=\"av_textblock_section \"  itemscope=\"itemscope\" itemtype=\"https:\/\/schema.org\/BlogPosting\" itemprop=\"blogPost\" ><div class='avia_textblock  '   itemprop=\"text\" ><p style=\"text-align: justify;\">O Instituto Le\u00f4nidas &amp; Maria Deane (ILMD\/Fiocruz Amaz\u00f4nia), Universidade Federal do Amazonas \u2013 UFAM e, a Universidade do Estado do Amazonas \u2013 UEA (Institui\u00e7\u00e3o Associada), divulgam a 1\u00aa Republica\u00e7\u00e3o da Chamada P\u00fablica 005\/2023, referente ao processo de sele\u00e7\u00e3o p\u00fablica de candidatos para ingresso no curso de Doutorado Acad\u00eamico em Sa\u00fade P\u00fablica na Amaz\u00f4nia (DASPAM). A republica\u00e7\u00e3o apresenta altera\u00e7\u00f5es nos itens 7.23, 7.24 e 9.3, que tratam dos recursos e avalia\u00e7\u00e3o do pr\u00e9-projeto de pesquisa<\/p>\n<p style=\"text-align: justify;\"><a href=\"https:\/\/amazonia.fiocruz.br\/?page_id=38501\">Confira a republica\u00e7\u00e3o AQUI<\/a><\/p>\n<p style=\"text-align: justify;\"><strong>SOBRE AVALIA\u00c7\u00c3O DO PR\u00c9-PROJETO<\/strong><\/p>\n<p style=\"text-align: justify;\">O candidato dever\u00e1 enviar seu pr\u00e9-projeto no per\u00edodo de 29\/5 a 18\/6\/2023 atrav\u00e9s do sistema de inscri\u00e7\u00e3o, utilizando seu login e senha no acesso.fiocruz.br , Servi\u00e7os Fiocruz, Ensino, Minhas Inscri\u00e7\u00f5es, Envio de Documentos Exigidos para 3\u00aa Etapa \u2013 Avalia\u00e7\u00e3o do pr\u00e9-projeto de pesquisa.<\/p>\n<p style=\"text-align: justify;\">O pr\u00e9-projeto de pesquisa dever\u00e1 ser escrito em documento do Microsoft Word, com letra tipo Times New Roman, tamanho 12, espa\u00e7o entre linhas 1,5, margens padr\u00e3o e com no m\u00e1ximo 20 p\u00e1ginas A4, incluindo a capa onde deve obrigatoriamente constar o nome do candidato e o t\u00edtulo do projeto e posteriormente transformado em formato pdf para envio no sistema.<\/p>\n<p style=\"text-align: justify;\"><strong>SOBRE OS RECURSOS<\/strong><\/p>\n<p style=\"text-align: justify;\">O recurso dever\u00e1 ser individual e fundamentado, devendo os candidatos que desejarem entrar com pedido de recurso ao resultado de qualquer das Etapas, dever\u00e3o faz\u00ea-lo nos dias definidos no ANEXO I, at\u00e9 \u00e0s 17h (hor\u00e1rio de Bras\u00edlia, 16h hor\u00e1rio de Manaus), utilizando Login e senha no acesso.fiocruz.br , Servi\u00e7os Fiocruz, Ensino, Minhas Inscri\u00e7\u00f5es, Pedido de Recurso.<\/p>\n<p style=\"text-align: justify;\"><strong>SOBRE O DASPAM<\/strong><\/p>\n<p style=\"text-align: justify;\">O curso tem como objetivo capacitar pesquisadores para exercitar an\u00e1lises cr\u00edticas, utilizando, de forma integrada, conceitos e recursos metodol\u00f3gicos da sa\u00fade coletiva, biologia parasit\u00e1ria, epidemiologia, ci\u00eancias sociais aplicadas \u00e0 sa\u00fade, e de outras \u00e1reas conexas; Desenvolver modelos anal\u00edticos de processos de sa\u00fade\/doen\u00e7a\/cuidados, tomando como refer\u00eancia o quadro epidemiol\u00f3gico, econ\u00f4mico, s\u00f3cio antropol\u00f3gico, hist\u00f3rico, biol\u00f3gico e ambiental no cen\u00e1rio regional e suas interfaces com os contextos nacional e internacional de globaliza\u00e7\u00e3o da Amaz\u00f4nia; contribuir, te\u00f3rica e tecnicamente, para a formula\u00e7\u00e3o, implementa\u00e7\u00e3o e gest\u00e3o de pol\u00edticas setoriais, bem como atuar, neste campo, na doc\u00eancia e na pesquisa.<\/p>\n<\/div><\/section>\n","protected":false},"excerpt":{"rendered":"<p>A republica\u00e7\u00e3o apresenta altera\u00e7\u00f5es nos itens que tratam dos recursos e avalia\u00e7\u00e3o do pr\u00e9-projeto de pesquisa<\/p>\n","protected":false},"author":20,"featured_media":38561,"comment_status":"closed","ping_status":"closed","sticky":true,"template":"","format":"image","meta":{"footnotes":""},"categories":[15],"tags":[136,120,119,131],"class_list":["post-38560","post","type-post","status-publish","format-image","has-post-thumbnail","hentry","category-noticias","tag-fiocruz","tag-fiocruz-amazonia","tag-ilmd","tag-ilmdfiocruz-amazonia","post_format-post-format-image"],"_links":{"self":[{"href":"https:\/\/amazonia.fiocruz.br\/index.php?rest_route=\/wp\/v2\/posts\/38560","targetHints":{"allow":["GET"]}}],"collection":[{"href":"https:\/\/amazonia.fiocruz.br\/index.php?rest_route=\/wp\/v2\/posts"}],"about":[{"href":"https:\/\/amazonia.fiocruz.br\/index.php?rest_route=\/wp\/v2\/types\/post"}],"author":[{"embeddable":true,"href":"https:\/\/amazonia.fiocruz.br\/index.php?rest_route=\/wp\/v2\/users\/20"}],"replies":[{"embeddable":true,"href":"https:\/\/amazonia.fiocruz.br\/index.php?rest_route=%2Fwp%2Fv2%2Fcomments&post=38560"}],"version-history":[{"count":1,"href":"https:\/\/amazonia.fiocruz.br\/index.php?rest_route=\/wp\/v2\/posts\/38560\/revisions"}],"predecessor-version":[{"id":38562,"href":"https:\/\/amazonia.fiocruz.br\/index.php?rest_route=\/wp\/v2\/posts\/38560\/revisions\/38562"}],"wp:featuredmedia":[{"embeddable":true,"href":"https:\/\/amazonia.fiocruz.br\/index.php?rest_route=\/wp\/v2\/media\/38561"}],"wp:attachment":[{"href":"https:\/\/amazonia.fiocruz.br\/index.php?rest_route=%2Fwp%2Fv2%2Fmedia&parent=38560"}],"wp:term":[{"taxonomy":"category","embeddable":true,"href":"https:\/\/amazonia.fiocruz.br\/index.php?rest_route=%2Fwp%2Fv2%2Fcategories&post=38560"},{"taxonomy":"post_tag","embeddable":true,"href":"https:\/\/amazonia.fiocruz.br\/index.php?rest_route=%2Fwp%2Fv2%2Ftags&post=38560"}],"curies":[{"name":"wp","href":"https:\/\/api.w.org\/{rel}","templated":true}]}}