{"id":38523,"date":"2023-04-05T14:37:53","date_gmt":"2023-04-05T18:37:53","guid":{"rendered":"https:\/\/amazonia.fiocruz.br\/?p=38523"},"modified":"2023-04-05T14:38:46","modified_gmt":"2023-04-05T18:38:46","slug":"livro-organizado-por-pesquisadores-da-fiocruz-amazonia-aborda-praticas-sociais-de-enfrentamento-da-pandemia-no-amazonas","status":"publish","type":"post","link":"https:\/\/amazonia.fiocruz.br\/?p=38523","title":{"rendered":"Livro organizado por pesquisadores da Fiocruz Amaz\u00f4nia aborda pr\u00e1ticas sociais de enfrentamento da pandemia no Amazonas"},"content":{"rendered":"<section class=\"av_textblock_section \"  itemscope=\"itemscope\" itemtype=\"https:\/\/schema.org\/BlogPosting\" itemprop=\"blogPost\" ><div class='avia_textblock  '   itemprop=\"text\" ><p style=\"text-align: justify;\">A pandemia deixou marcas profundas na vida das pessoas, dos trabalhadores e gestores da sa\u00fade. Pensando nisso, pesquisadores do Laborat\u00f3rio de Hist\u00f3ria, Pol\u00edticas P\u00fablicas e Sa\u00fade na Amaz\u00f4nia (LAHPSA) do <a href=\"https:\/\/amazonia.fiocruz.br\/?page_id=28031\">Instituto Le\u00f4nidas &amp; Maria Deane (ILMD \/ Fiocruz Amaz\u00f4nia)<\/a> desenvolveram uma pesquisa com usu\u00e1rios, trabalhadores e gestores da sa\u00fade. Ao mesmo tempo, foi realizado um registro das hist\u00f3rias da experi\u00eancia da Covid-19 no trabalho. O livro \u201cPr\u00e1ticas sociais de enfrentamento da pandemia na Amaz\u00f4nia: esperan\u00e7ando novos mundos\u201d \u00e9 o resultado da pesquisa e das oficinas realizadas em 12 munic\u00edpios do Estado do Amazonas. A obra foi realizada a partir de um projeto de pesquisa financiado pela Funda\u00e7\u00e3o de Amparo \u00e0 Pesquisa do Amazonas (FAPEAM) e desenvolvida pelo LAHPSA\/Fiocruz Amaz\u00f4nia, com a colabora\u00e7\u00e3o de alunos, pesquisadores, trabalhadores e gestores de sa\u00fade de diferentes institui\u00e7\u00f5es e munic\u00edpios do Estado do Amazonas.<\/p>\n<p style=\"text-align: justify;\">Organizado pelos pesquisadores J\u00falio Cesar Schweickardt, Alcindo Ant\u00f4nio Ferla, Thalita Renata Oliveira das Neves Guedes, Izi Caterini Paiva Alves Martinelli dos Santos, S\u00f4nia Maria Lemos e, Ana Elizabeth Sousa Reis, o livro possui 309 p\u00e1ginas, divididas em tr\u00eas sess\u00f5es que contam hist\u00f3rias, de viv\u00eancias e de mem\u00f3rias sobre os diferentes momentos da pandemia. \u201cSobrevivente do Misterioso\u201d, \u201cMovimentos Da Sa\u00fade Em Itacoatiara, AM: da pintura na pedra \u00e0s marcas da pandemia\u201d, \u201co que dizem os aspectos locais sobre os efeitos da covid na organiza\u00e7\u00e3o da vida em Tef\u00e9, AM\u201d, \u201cO enfrentamento \u00e0 pandemia em Presidente Figueiredo, Amazonas: entre quedas d\u2019\u00e1gua, movimentos intersetoriais criativos para mitigar os efeitos da Covid-19\u201d, \u201cCorredeira, levando a canoa: a gest\u00e3o e o cuidado em sa\u00fade na pandemia em Boca do Acre, Amazonas\u201d, s\u00e3o algumas das hist\u00f3rias e resultados apresentadas no e-livro.<\/p>\n<p style=\"text-align: justify;\"><img decoding=\"async\" class=\"alignleft wp-image-38525 \" src=\"https:\/\/amazonia.fiocruz.br\/wp-content\/uploads\/2023\/04\/Julio-Cesar-Schweickardt_Foto-Ingrid-Anne_Fiocruz-Amazonia-26-200x300.jpg\" alt=\"\" width=\"215\" height=\"323\" srcset=\"https:\/\/amazonia.fiocruz.br\/wp-content\/uploads\/2023\/04\/Julio-Cesar-Schweickardt_Foto-Ingrid-Anne_Fiocruz-Amazonia-26-200x300.jpg 200w, https:\/\/amazonia.fiocruz.br\/wp-content\/uploads\/2023\/04\/Julio-Cesar-Schweickardt_Foto-Ingrid-Anne_Fiocruz-Amazonia-26-687x1030.jpg 687w, https:\/\/amazonia.fiocruz.br\/wp-content\/uploads\/2023\/04\/Julio-Cesar-Schweickardt_Foto-Ingrid-Anne_Fiocruz-Amazonia-26-768x1152.jpg 768w, https:\/\/amazonia.fiocruz.br\/wp-content\/uploads\/2023\/04\/Julio-Cesar-Schweickardt_Foto-Ingrid-Anne_Fiocruz-Amazonia-26-1024x1536.jpg 1024w, https:\/\/amazonia.fiocruz.br\/wp-content\/uploads\/2023\/04\/Julio-Cesar-Schweickardt_Foto-Ingrid-Anne_Fiocruz-Amazonia-26-1366x2048.jpg 1366w, https:\/\/amazonia.fiocruz.br\/wp-content\/uploads\/2023\/04\/Julio-Cesar-Schweickardt_Foto-Ingrid-Anne_Fiocruz-Amazonia-26-1000x1500.jpg 1000w, https:\/\/amazonia.fiocruz.br\/wp-content\/uploads\/2023\/04\/Julio-Cesar-Schweickardt_Foto-Ingrid-Anne_Fiocruz-Amazonia-26-470x705.jpg 470w, https:\/\/amazonia.fiocruz.br\/wp-content\/uploads\/2023\/04\/Julio-Cesar-Schweickardt_Foto-Ingrid-Anne_Fiocruz-Amazonia-26.jpg 1667w\" sizes=\"(max-width: 215px) 100vw, 215px\" \/>Para J\u00falio Schweickardt, pesquisador do ILMD Fiocruz Amaz\u00f4nia, um dos pontos positivos propiciados atrav\u00e9s deste trabalho, foi a participa\u00e7\u00e3o dos gestores e trabalhadores da sa\u00fade no processo de pesquisa e de escrita da obra. \u201cO diferencial desse livro \u00e9 o fato de termos envolvidos os gestores e trabalhadores nessa escrita, ent\u00e3o eles tamb\u00e9m foram pesquisadores, participaram da coleta, na organiza\u00e7\u00e3o dos dados, ou seja, \u00e9 uma abordagem metodol\u00f3gica participativa e colaborativa da pesquisa.<\/p>\n<p style=\"text-align: justify;\">Os resultados do projeto \u201cPreven\u00e7\u00e3o e controle da Covid-19: a transforma\u00e7\u00e3o das pr\u00e1ticas sociais da popula\u00e7\u00e3o em territ\u00f3rios de abrang\u00eancia da Aten\u00e7\u00e3o B\u00e1sica em Sa\u00fade no Estado do Amazonas\u201d, tiveram como objetivo central, analisar as transforma\u00e7\u00f5es sociais produzidas pela pandemia. Durante o estudo, os pesquisadores observaram uma grande capacidade de resili\u00eancia tanto de trabalhadores, como dos usu\u00e1rios nesses 12 munic\u00edpios do Amazonas, mas que retratam a realidade da regi\u00e3o amaz\u00f4nica.<\/p>\n<p style=\"text-align: justify;\">O livro est\u00e1 dividido em tr\u00eas momentos: no primeiro com os pref\u00e1cios de parceiros internacionais da It\u00e1lia e Nicar\u00e1gua, que tem participado das pesquisas e produ\u00e7\u00f5es do LAHPSA e, se inseriram em diferentes momentos da pesquisa, seja como dispositivo de pensamento em atividades de ensino e extens\u00e3o em atividades nacionais e internacionais, seja como colabora\u00e7\u00e3o na pesquisa propriamente dita. Ainda nessa sess\u00e3o, os organizadores apresentam dois textos mais gerais sobre a pesquisa. Na segunda sess\u00e3o, est\u00e3o os cap\u00edtulos que discutem os resultados da pesquisa e as estrat\u00e9gias municipais de enfrentamento da pandemia. Na terceira sess\u00e3o, os pesquisadores destacam relatos de trabalhadores e gestores de sa\u00fade.<\/p>\n<p style=\"text-align: justify;\">As narrativas apresentadas na terceira sess\u00e3o da publica\u00e7\u00e3o s\u00e3o emblem\u00e1ticas porque trazem a experi\u00eancia de quem esteve na gest\u00e3o, quem ficou em casa por ser do grupo de risco, de quem atuou nos servi\u00e7os nos momentos mais tr\u00e1gicos da nossa hist\u00f3ria recente. O convite para escrever as narrativas das experi\u00eancias foi feito a todas as pessoas participantes das oficinas, embora o grupo s\u00f3 tenha recebido o retorno dos profissionais e gestores do munic\u00edpio de Parintins.<\/p>\n<p style=\"text-align: justify;\"><strong>ARTE DA CAPA<\/strong><\/p>\n<p style=\"text-align: justify;\">Retratada na capa da publica\u00e7\u00e3o, uma obra do artista Rai Campo, chama aten\u00e7\u00e3o sobre os cuidados com o planeta. Um dos maiores trabalhos de sua experi\u00eancia art\u00edstica: o \u201cM\u00e3e D\u2019\u00c1gua\u201d, foi pintado no reservat\u00f3rio da \u00c1guas de Manaus, na Ponta Negra. Feito a 27 metros do ch\u00e3o, em parceria com outros colegas grafiteiros, o painel representa sua amiga ind\u00edgena Marg\u00f4, de S\u00e3o Gabriel, em homenagem ao esp\u00edrito que gera, acolhe, ama e garante o sustento a todos.<\/p>\n<p style=\"text-align: justify;\">Rai Campos, conhecido como Raiz, \u00e9 uma das grandes express\u00f5es do grafitti na regi\u00e3o Norte. Nascido na Bahia, chegou ao Amazonas ainda crian\u00e7a para morar na Vila do Pitinga, dentro da \u00c1rea Ind\u00edgena Waimiri Atroari, onde come\u00e7ou a grafitar aos 14 anos por esfor\u00e7o pr\u00f3prio.<\/p>\n<p style=\"text-align: justify;\"><strong>SOBRE A REDE UNIDA<\/strong><\/p>\n<p style=\"text-align: justify;\">A Rede Unida \u00e9 uma entidade internacional, sediada no Brasil, que se estrutura por uma Coordena\u00e7\u00e3o Internacional, Coordena\u00e7\u00f5es Regionais no Brasil, N\u00facleos Internacionais nos quais mant\u00e9m rela\u00e7\u00f5es de coopera\u00e7\u00e3o e F\u00f3runs Tem\u00e1ticos, sendo o de Resid\u00eancias em Sa\u00fade; dos Direitos Humanos, da Diversidade e da Equidade de Ra\u00e7a e G\u00eanero; Fazer-SUS; Internacional da Rede Unida; e F\u00f3rum Povos. Mant\u00e9m ainda a Editora Rede Unida e TV Rede Unida com importante contribui\u00e7\u00e3o \u00e0 publica\u00e7\u00e3o difus\u00e3o de materiais formativos, cient\u00edficos, debates e semin\u00e1rios sobre variados temas relacionados \u00e0 sa\u00fade e \u00e0 vida.<\/p>\n<p style=\"text-align: justify;\">A Rede Unida se prop\u00f5e a promover iniciativas conjuntas entre universidades, servi\u00e7os de sa\u00fade, organiza\u00e7\u00f5es comunit\u00e1rias, arte e cultura, no Brasil e pa\u00edses onde mant\u00e9m N\u00facleos Internacionais. Tamb\u00e9m coloca, em papel central, a participa\u00e7\u00e3o ativa de estudantes e professores, de profissionais, gestores, e usu\u00e1rios de servi\u00e7os p\u00fablicos de sa\u00fade, de militantes de movimentos sociais e outros representantes da sociedade civil nacional e internacional, com a perspectiva de que essas experi\u00eancias compartilhadas multiplicam o entendimento sobre sa\u00fade, a defesa da vida, e seu papel na sociedade.<\/p>\n<h6 style=\"text-align: justify;\"><strong><em>Fotos: Ingrid Anne \/ ILMD Fiocruz Amaz\u00f4nia<\/em><\/strong><\/h6>\n<\/div><\/section>\n","protected":false},"excerpt":{"rendered":"<p>Obra documenta hist\u00f3rias e destaca esperan\u00e7as nas falas dos usu\u00e1rios e trabalhadores da sa\u00fade, durante momento pand\u00eamico, enfrentado por popula\u00e7\u00f5es amaz\u00f4nicas.<\/p>\n","protected":false},"author":20,"featured_media":38524,"comment_status":"closed","ping_status":"closed","sticky":true,"template":"","format":"image","meta":{"footnotes":""},"categories":[15],"tags":[136,120,119,131,203,1136,124,125],"class_list":["post-38523","post","type-post","status-publish","format-image","has-post-thumbnail","hentry","category-noticias","tag-fiocruz","tag-fiocruz-amazonia","tag-ilmd","tag-ilmdfiocruz-amazonia","tag-lahpsa","tag-lancamento","tag-livro","tag-pesquisa","post_format-post-format-image"],"_links":{"self":[{"href":"https:\/\/amazonia.fiocruz.br\/index.php?rest_route=\/wp\/v2\/posts\/38523","targetHints":{"allow":["GET"]}}],"collection":[{"href":"https:\/\/amazonia.fiocruz.br\/index.php?rest_route=\/wp\/v2\/posts"}],"about":[{"href":"https:\/\/amazonia.fiocruz.br\/index.php?rest_route=\/wp\/v2\/types\/post"}],"author":[{"embeddable":true,"href":"https:\/\/amazonia.fiocruz.br\/index.php?rest_route=\/wp\/v2\/users\/20"}],"replies":[{"embeddable":true,"href":"https:\/\/amazonia.fiocruz.br\/index.php?rest_route=%2Fwp%2Fv2%2Fcomments&post=38523"}],"version-history":[{"count":2,"href":"https:\/\/amazonia.fiocruz.br\/index.php?rest_route=\/wp\/v2\/posts\/38523\/revisions"}],"predecessor-version":[{"id":38527,"href":"https:\/\/amazonia.fiocruz.br\/index.php?rest_route=\/wp\/v2\/posts\/38523\/revisions\/38527"}],"wp:featuredmedia":[{"embeddable":true,"href":"https:\/\/amazonia.fiocruz.br\/index.php?rest_route=\/wp\/v2\/media\/38524"}],"wp:attachment":[{"href":"https:\/\/amazonia.fiocruz.br\/index.php?rest_route=%2Fwp%2Fv2%2Fmedia&parent=38523"}],"wp:term":[{"taxonomy":"category","embeddable":true,"href":"https:\/\/amazonia.fiocruz.br\/index.php?rest_route=%2Fwp%2Fv2%2Fcategories&post=38523"},{"taxonomy":"post_tag","embeddable":true,"href":"https:\/\/amazonia.fiocruz.br\/index.php?rest_route=%2Fwp%2Fv2%2Ftags&post=38523"}],"curies":[{"name":"wp","href":"https:\/\/api.w.org\/{rel}","templated":true}]}}