{"id":38490,"date":"2023-03-28T16:42:42","date_gmt":"2023-03-28T20:42:42","guid":{"rendered":"https:\/\/amazonia.fiocruz.br\/?p=38490"},"modified":"2023-03-28T16:42:43","modified_gmt":"2023-03-28T20:42:43","slug":"fiocruz-amazonia-prestigia-posse-da-nova-diretoria-do-cosems-am","status":"publish","type":"post","link":"https:\/\/amazonia.fiocruz.br\/?p=38490","title":{"rendered":"Fiocruz Amaz\u00f4nia prestigia posse da nova diretoria do Cosems-AM"},"content":{"rendered":"<section class=\"av_textblock_section \"  itemscope=\"itemscope\" itemtype=\"https:\/\/schema.org\/BlogPosting\" itemprop=\"blogPost\" ><div class='avia_textblock  '   itemprop=\"text\" ><p style=\"text-align: justify;\">A Fiocruz Amaz\u00f4nia participou na noite da \u00faltima segunda-feira, 27\/03, da posse da nova diretoria do Conselho de Secret\u00e1rios Municipais de Sa\u00fade do Amazonas (Cosems-AM). A entidade \u00e9 parceira do Instituto Le\u00f4nidas &amp; Maria Deane (ILMD\/Fiocruz Amaz\u00f4nia) h\u00e1 mais de dez anos, atuando na constru\u00e7\u00e3o da gest\u00e3o do SUS para melhor desenvolver a Sa\u00fade P\u00fablica no Amazonas. Presente \u00e0 solenidade, a diretora do ILMD, Adele Schwartz Benzaken, destacou a relev\u00e2ncia dessa parceria, citando as diversas iniciativas realizadas em conjunto entre as duas institui\u00e7\u00f5es.<\/p>\n<p style=\"text-align: justify;\">&#8220;Ao longo dessa trajet\u00f3ria, foram dezenas de cursos de especializa\u00e7\u00e3o e de atualiza\u00e7\u00e3o cujo p\u00fablico-alvo s\u00e3o os gestores e trabalhadores do SUS. No \u00e2mbito da Fiocruz Amaz\u00f4nia, oferecemos o QualificaSUS, que atingiu os 62 munic\u00edpios do Amazonas, com treinamentos e capacita\u00e7\u00f5es,\u00a0 o que nos possibilitou a expertize para atuar hoje na capacita\u00e7\u00e3o de agentes comunit\u00e1rios de sa\u00fade juntamente com a Ag\u00eancia\u00a0 dos Estados Unidos para o Desenvolvimento Internacional (USAID), este com mais de 1500 agentes municipais de sa\u00fade capacitados nos Estados do Amazonas e Roraima&#8221;, exemplificou, citando ainda o Mestrado Profissional em Sa\u00fade P\u00fablica, curso de inova\u00e7\u00e3o na escrita sobre experi\u00eancias na gest\u00e3o em sa\u00fade do Amazonas, entre tantas outras iniciativas.<\/p>\n<p style=\"text-align: justify;\">Acompanhada dos pesquisadores do Laborat\u00f3rio de Hist\u00f3ria, Pol\u00edticas P\u00fablicas e Sa\u00fade na Amaz\u00f4nia (LAHPSA), Rodrigo Tobias e J\u00falio C\u00e9sar Schweickardt, Benzaken agradeceu o apoio do presidente Franmartony Firmo, secret\u00e1rio de Sa\u00fade de Mau\u00e9s, que encerrou o mandato,\u00a0 desejando sucesso \u00e0 nova gest\u00e3o, tendo \u00e0 frente o secret\u00e1rio de Sa\u00fade de Boca do Acre, Manoel Barbosa.<\/p>\n<\/div><\/section>\n","protected":false},"excerpt":{"rendered":"<p>Presente \u00e0 solenidade, a diretora do ILMD, Adele Schwartz Benzaken, destacou a relev\u00e2ncia dessa parceria institucional<\/p>\n","protected":false},"author":20,"featured_media":38491,"comment_status":"closed","ping_status":"closed","sticky":true,"template":"","format":"image","meta":{"footnotes":""},"categories":[15],"tags":[158,824,136,120,119,131],"class_list":["post-38490","post","type-post","status-publish","format-image","has-post-thumbnail","hentry","category-noticias","tag-cosems","tag-cosems-am","tag-fiocruz","tag-fiocruz-amazonia","tag-ilmd","tag-ilmdfiocruz-amazonia","post_format-post-format-image"],"_links":{"self":[{"href":"https:\/\/amazonia.fiocruz.br\/index.php?rest_route=\/wp\/v2\/posts\/38490","targetHints":{"allow":["GET"]}}],"collection":[{"href":"https:\/\/amazonia.fiocruz.br\/index.php?rest_route=\/wp\/v2\/posts"}],"about":[{"href":"https:\/\/amazonia.fiocruz.br\/index.php?rest_route=\/wp\/v2\/types\/post"}],"author":[{"embeddable":true,"href":"https:\/\/amazonia.fiocruz.br\/index.php?rest_route=\/wp\/v2\/users\/20"}],"replies":[{"embeddable":true,"href":"https:\/\/amazonia.fiocruz.br\/index.php?rest_route=%2Fwp%2Fv2%2Fcomments&post=38490"}],"version-history":[{"count":1,"href":"https:\/\/amazonia.fiocruz.br\/index.php?rest_route=\/wp\/v2\/posts\/38490\/revisions"}],"predecessor-version":[{"id":38492,"href":"https:\/\/amazonia.fiocruz.br\/index.php?rest_route=\/wp\/v2\/posts\/38490\/revisions\/38492"}],"wp:featuredmedia":[{"embeddable":true,"href":"https:\/\/amazonia.fiocruz.br\/index.php?rest_route=\/wp\/v2\/media\/38491"}],"wp:attachment":[{"href":"https:\/\/amazonia.fiocruz.br\/index.php?rest_route=%2Fwp%2Fv2%2Fmedia&parent=38490"}],"wp:term":[{"taxonomy":"category","embeddable":true,"href":"https:\/\/amazonia.fiocruz.br\/index.php?rest_route=%2Fwp%2Fv2%2Fcategories&post=38490"},{"taxonomy":"post_tag","embeddable":true,"href":"https:\/\/amazonia.fiocruz.br\/index.php?rest_route=%2Fwp%2Fv2%2Ftags&post=38490"}],"curies":[{"name":"wp","href":"https:\/\/api.w.org\/{rel}","templated":true}]}}