{"id":38430,"date":"2023-03-17T16:07:30","date_gmt":"2023-03-17T20:07:30","guid":{"rendered":"https:\/\/amazonia.fiocruz.br\/?p=38430"},"modified":"2023-03-17T16:07:32","modified_gmt":"2023-03-17T20:07:32","slug":"fiocruz-amazonia-participa-de-livro-sobre-riscos-sanitarios-da-atualidade","status":"publish","type":"post","link":"https:\/\/amazonia.fiocruz.br\/?p=38430","title":{"rendered":"Fiocruz Amaz\u00f4nia participa de livro sobre riscos sanit\u00e1rios da atualidade"},"content":{"rendered":"<section class=\"av_textblock_section \"  itemscope=\"itemscope\" itemtype=\"https:\/\/schema.org\/BlogPosting\" itemprop=\"blogPost\" ><div class='avia_textblock  '   itemprop=\"text\" ><p style=\"text-align: justify;\">O epidemiologista Jesem Orellana, chefe do Laborat\u00f3rio de Modelagem em Estat\u00edstica, Geoprocessamento e Epidemiologia (LEGEPI), da Fiocruz Amaz\u00f4nia, assina cap\u00edtulo do livro \u201cSociedade de Riscos Sanit\u00e1rios\u201d, em colabora\u00e7\u00e3o com as Professoras Yana Miranda Borges (IFAM) e Lihsieh Marrero (UEA). A obra \u00e9 da Editora CRV e foi lan\u00e7ada na \u00faltima segunda-feira, 13\/03, tendo Professores da Universidade Federal do Amazonas, Universidade Federal do Amap\u00e1, Universidade Federal do Rio Grande do Sul e Funda\u00e7\u00e3o Oswaldo Cruz como organizadores. O livro re\u00fane textos de variadas especialidades, brindando o leitor com reflex\u00f5es cr\u00edticas sobre as amea\u00e7as de sociedades de risco, pautadas em modelos de desenvolvimento econ\u00f4mico que ignoram as consequ\u00eancias do uso predat\u00f3rio de recursos naturais, da ocupa\u00e7\u00e3o desordenada do espa\u00e7o geogr\u00e1fico, bem como das excludentes pol\u00edticas de sa\u00fade. Em seu cap\u00edtulo, o epidemiologista destaca os efeitos devastadores dos cerca de tr\u00eas anos de epidemia de Covid-19 e da neglig\u00eancia sanit\u00e1ria no Brasil.<\/p>\n<p style=\"text-align: justify;\">No cap\u00edtulo, intitulado \u201cNeglig\u00eancia Sanit\u00e1ria, Negacionismo, Subnotifica\u00e7\u00e3o de Mortes por Covid-19 e Riscos \u00e0 Sa\u00fade Comunit\u00e1ria na Pandemia\u201d, Orellana ressalta que milhares das mortes ocorridas no Brasil, em especial no Amazonas, poderiam ter sido evitadas e muitas at\u00e9 hoje n\u00e3o foram oficialmente contadas, especialmente entre os mais vulner\u00e1veis, como \u00e0queles com pior condi\u00e7\u00e3o socioecon\u00f4mica, por exemplo. Em sua opini\u00e3o, \u201capesar da repercuss\u00e3o e desgaste do Governo Bolsonaro na pandemia, fica cada vez mais claro que muita gente tinha interesse que Manaus se tornasse um \u2018laborat\u00f3rio a c\u00e9u aberto\u2019, terreno f\u00e9rtil para toda sorte de insanidades com medicamentos ineficazes, incluindo seu criminoso uso ambulatorial e hospitalar, grosseiras e inver\u00eddicas interpreta\u00e7\u00f5es da \u2018imunidade de rebanho\u2019 ou da covarde campanha contra o distanciamento f\u00edsico, uso de m\u00e1scaras ou pior, contra as vacinas, aparente solu\u00e7\u00e3o da pandemia\u201d.<\/p>\n<p style=\"text-align: justify;\">O autor narra tamb\u00e9m a dram\u00e1tica e letal experi\u00eancia amazonense na pandemia de Covid-19. \u201cNenhum condenado rigorosamente no estado do Amazonas e Manaus e, menos ainda, no Minist\u00e9rio da Sa\u00fade. Nenhum memorial \u00e0s v\u00edtimas das sequenciais trag\u00e9dias e milhares de sequelados ou pessoas que perderam suas vidas por outras doen\u00e7as\/problemas de sa\u00fade, agravados pelo caos na sa\u00fade e seus residuais efeitos at\u00e9 os dias atuais. N\u00e3o ficarei surpreso se, daqui a algumas d\u00e9cadas, esses registros forem \u2018resgatados\u2019 para contarem nossa s\u00f3rdida realidade, em tempos de negacionismo, cinismo extremo e impunidade de mais alto grau\u201d, afirma.<\/p>\n<p style=\"text-align: justify;\">O livro est\u00e1 sendo lan\u00e7ado em modo digital, sem custos e a vers\u00e3o digital da obra pode ser baixada no endere\u00e7o eletr\u00f4nico: <a href=\"https:\/\/www.editoracrv.com.br\/produtos\/detalhes\/37703-sociedade-de-riscos-sanitarios\">https:\/\/www.editoracrv.com.br\/produtos\/detalhes\/37703-sociedade-de-riscos-sanitarios\u00a0<\/a><\/p>\n<h6><em><strong>Fotos: Ingrid Anne \/ ILMD Fiocruz Amaz\u00f4nia\u00a0<\/strong><\/em><\/h6>\n<\/div><\/section>\n","protected":false},"excerpt":{"rendered":"<p>Em seu cap\u00edtulo, o epidemiologista destaca os efeitos devastadores dos cerca de tr\u00eas anos de epidemia de Covid-19 e da neglig\u00eancia sanit\u00e1ria no Brasil.<\/p>\n","protected":false},"author":20,"featured_media":38431,"comment_status":"closed","ping_status":"closed","sticky":true,"template":"","format":"image","meta":{"footnotes":""},"categories":[15],"tags":[136,120,119,131],"class_list":["post-38430","post","type-post","status-publish","format-image","has-post-thumbnail","hentry","category-noticias","tag-fiocruz","tag-fiocruz-amazonia","tag-ilmd","tag-ilmdfiocruz-amazonia","post_format-post-format-image"],"_links":{"self":[{"href":"https:\/\/amazonia.fiocruz.br\/index.php?rest_route=\/wp\/v2\/posts\/38430","targetHints":{"allow":["GET"]}}],"collection":[{"href":"https:\/\/amazonia.fiocruz.br\/index.php?rest_route=\/wp\/v2\/posts"}],"about":[{"href":"https:\/\/amazonia.fiocruz.br\/index.php?rest_route=\/wp\/v2\/types\/post"}],"author":[{"embeddable":true,"href":"https:\/\/amazonia.fiocruz.br\/index.php?rest_route=\/wp\/v2\/users\/20"}],"replies":[{"embeddable":true,"href":"https:\/\/amazonia.fiocruz.br\/index.php?rest_route=%2Fwp%2Fv2%2Fcomments&post=38430"}],"version-history":[{"count":1,"href":"https:\/\/amazonia.fiocruz.br\/index.php?rest_route=\/wp\/v2\/posts\/38430\/revisions"}],"predecessor-version":[{"id":38432,"href":"https:\/\/amazonia.fiocruz.br\/index.php?rest_route=\/wp\/v2\/posts\/38430\/revisions\/38432"}],"wp:featuredmedia":[{"embeddable":true,"href":"https:\/\/amazonia.fiocruz.br\/index.php?rest_route=\/wp\/v2\/media\/38431"}],"wp:attachment":[{"href":"https:\/\/amazonia.fiocruz.br\/index.php?rest_route=%2Fwp%2Fv2%2Fmedia&parent=38430"}],"wp:term":[{"taxonomy":"category","embeddable":true,"href":"https:\/\/amazonia.fiocruz.br\/index.php?rest_route=%2Fwp%2Fv2%2Fcategories&post=38430"},{"taxonomy":"post_tag","embeddable":true,"href":"https:\/\/amazonia.fiocruz.br\/index.php?rest_route=%2Fwp%2Fv2%2Ftags&post=38430"}],"curies":[{"name":"wp","href":"https:\/\/api.w.org\/{rel}","templated":true}]}}