{"id":38408,"date":"2023-03-15T16:17:31","date_gmt":"2023-03-15T20:17:31","guid":{"rendered":"https:\/\/amazonia.fiocruz.br\/?p=38408"},"modified":"2023-03-15T16:17:33","modified_gmt":"2023-03-15T20:17:33","slug":"fiocruz-amazonia-e-usaid-contam-com-apoiadores-como-pontos-focais-nas-comunidades-quilombolas-ribeirinhas-e-de-migrantes","status":"publish","type":"post","link":"https:\/\/amazonia.fiocruz.br\/?p=38408","title":{"rendered":"Fiocruz Amaz\u00f4nia e USAID contam com apoiadores como pontos focais nas comunidades quilombolas, ribeirinhas e de migrantes"},"content":{"rendered":"<section class=\"av_textblock_section \"  itemscope=\"itemscope\" itemtype=\"https:\/\/schema.org\/BlogPosting\" itemprop=\"blogPost\" ><div class='avia_textblock  '   itemprop=\"text\" ><p style=\"text-align: justify;\">O Projeto Ci\u00eancia, Sa\u00fade e Solidariedade no Enfrentamento \u00e0 Covid-19, desenvolvido pela Fiocruz Amaz\u00f4nia\/Fiotec, em parceria com a Ag\u00eancia dos Estados Unidos para o Desenvolvimento Internacional (USAID), NPI EXPAND e SITAWI, contam com \u00a0apoiadores locais \u2013 como s\u00e3o denominadas as lideran\u00e7as escolhidas como pontos focais nas comunidades \u2013 com vistas \u00e0 execu\u00e7\u00e3o das oficinas sobre Educa\u00e7\u00e3o Popular e Comunica\u00e7\u00e3o em Sa\u00fade para Engajamento Social e Fortalecimento da Cobertura Vacinal da Popula\u00e7\u00e3o Ribeirinha, Quilombola e Migrante, que j\u00e1 est\u00e3o sendo oferecidas pela Frente 3 do projeto. O treinamento dos apoiadores abordou os caminhos a serem percorridos pelos facilitadores em cada um dos territ\u00f3rios selecionados, com apoio das comunidades e institui\u00e7\u00f5es parcerias do projeto, a exemplo do Conselho de Secret\u00e1rios Municipais de Sa\u00fade (Cosems), nos munic\u00edpios dos estados do Amazonas, Roraima e Acre.<\/p>\n<p style=\"text-align: justify;\">A Frente 3 do projeto diz respeito \u00e0 Comunica\u00e7\u00e3o e Populariza\u00e7\u00e3o do Conhecimento Cient\u00edfico. Os objetivos s\u00e3o garantir o acesso amplo, eficaz e com equidade \u00e0 vacina contra a COVI-19, bem como sua aplica\u00e7\u00e3o segura e eficaz, e reduzir a morbimortalidade e transmiss\u00e3o da COVID-19, incluindo preven\u00e7\u00e3o, detec\u00e7\u00e3o e resposta \u00e0s amea\u00e7as pand\u00eamicas. Entre as estrat\u00e9gias para isso, est\u00e1 ampliar a demanda pela vacina de COVID-19 e a comunica\u00e7\u00e3o de risco e engajamento comunit\u00e1rio para chegar at\u00e9 as comunidades ribeirinhas, quilombolas e migrantes;<\/p>\n<p style=\"text-align: justify;\">\u201cMuitas das popula\u00e7\u00f5es residentes nesses territ\u00f3rios se encontram em situa\u00e7\u00e3o de invisibiliza\u00e7\u00e3o, em condi\u00e7\u00e3o de desvantagem e vulnerabiliza\u00e7\u00e3o perante as demais comunidades sobretudo no tocante ao atendimento de Sa\u00fade P\u00fablica. Esta \u00e9 uma realidade comum \u00e0 maioria dos territ\u00f3rios quilombolas, ribeirinhos e de migrantes, que integram o mapa social delimitado pelo projeto, e a figura do apoiador local tem um papel importante na mobiliza\u00e7\u00e3o das popula\u00e7\u00f5es\u201d, explica o pesquisador em sa\u00fade p\u00fablica da Fiocruz Amaz\u00f4nia, J\u00falio C\u00e9sar Schweickardt, chefe do Laborat\u00f3rio de Hist\u00f3ria, Pol\u00edticas P\u00fablicas e Sa\u00fade na Amaz\u00f4nia (LAHPSA) e coordenador da Frente 3 do projeto.<\/p>\n<p><img decoding=\"async\" class=\"aligncenter size-large wp-image-38410\" src=\"https:\/\/amazonia.fiocruz.br\/wp-content\/uploads\/2023\/03\/Reuniao-Frente-3-do-Projeto-USAID-PALLADIUM_Foto-Ingrid-Anne_Fiocruz-Amazonia_04.10-1-1030x687.jpg\" alt=\"\" width=\"1030\" height=\"687\" srcset=\"https:\/\/amazonia.fiocruz.br\/wp-content\/uploads\/2023\/03\/Reuniao-Frente-3-do-Projeto-USAID-PALLADIUM_Foto-Ingrid-Anne_Fiocruz-Amazonia_04.10-1-1030x687.jpg 1030w, https:\/\/amazonia.fiocruz.br\/wp-content\/uploads\/2023\/03\/Reuniao-Frente-3-do-Projeto-USAID-PALLADIUM_Foto-Ingrid-Anne_Fiocruz-Amazonia_04.10-1-300x200.jpg 300w, https:\/\/amazonia.fiocruz.br\/wp-content\/uploads\/2023\/03\/Reuniao-Frente-3-do-Projeto-USAID-PALLADIUM_Foto-Ingrid-Anne_Fiocruz-Amazonia_04.10-1-768x512.jpg 768w, https:\/\/amazonia.fiocruz.br\/wp-content\/uploads\/2023\/03\/Reuniao-Frente-3-do-Projeto-USAID-PALLADIUM_Foto-Ingrid-Anne_Fiocruz-Amazonia_04.10-1-1536x1024.jpg 1536w, https:\/\/amazonia.fiocruz.br\/wp-content\/uploads\/2023\/03\/Reuniao-Frente-3-do-Projeto-USAID-PALLADIUM_Foto-Ingrid-Anne_Fiocruz-Amazonia_04.10-1-2048x1365.jpg 2048w, https:\/\/amazonia.fiocruz.br\/wp-content\/uploads\/2023\/03\/Reuniao-Frente-3-do-Projeto-USAID-PALLADIUM_Foto-Ingrid-Anne_Fiocruz-Amazonia_04.10-1-1500x1000.jpg 1500w, https:\/\/amazonia.fiocruz.br\/wp-content\/uploads\/2023\/03\/Reuniao-Frente-3-do-Projeto-USAID-PALLADIUM_Foto-Ingrid-Anne_Fiocruz-Amazonia_04.10-1-705x470.jpg 705w\" sizes=\"(max-width: 1030px) 100vw, 1030px\" \/><\/p>\n<p style=\"text-align: justify;\">Artes\u00e3 e agricultora, Adriane Nogueira, 24 anos, \u00e9 apoiadora do projeto e participa das atividades relativas ao Quilombo do Andir\u00e1, na comunidade Santa Tereza do Matupiri, munic\u00edpio de Barreirinha, Baixo Amazonas. Segundo ela, a maior dificuldade enfrentada pela comunidade \u00e9 a da comunica\u00e7\u00e3o. \u201cO projeto surge como uma possibilidade de se dar vez e voz a essas comunidades, processo no qual n\u00f3s, apoiadores, temos um papel fundamental\u201d, admite ela, refor\u00e7ando que a aus\u00eancia de comunica\u00e7\u00e3o acontece inclusive entre as comunidades que formam o complexo.<\/p>\n<p style=\"text-align: justify;\">\u201cAs oficinas acabam se tornando tamb\u00e9m uma oportunidade de interc\u00e2mbio, troca de informa\u00e7\u00f5es entre as comunidades, que muitas vezes n\u00e3o sabem o que est\u00e1 ocorrendo em uma ou na outra. A dificuldade maior a se vencer \u00e9 essa, n\u00e3o termos comunica\u00e7\u00e3o\u201d, afirma Adriane, que v\u00ea tamb\u00e9m no Projeto Amaz\u00f4nia Solid\u00e1ria a possibilidade de desenvolvimento profissional. \u201cSou um pouco artes\u00e3, um pouco agricultora comunit\u00e1ria, um pouco de cada. Ainda n\u00e3o tive chance de ter meu trabalho na \u00e1rea de sa\u00fade e educa\u00e7\u00e3o desenvolvido dentro do meu quilombo e o projeto est\u00e1 me dando essa oportunidade. Como apoiadora, me sinto uma porta-voz\u201d, resume, agradecendo a confian\u00e7a nela depositada.<\/p>\n<p style=\"text-align: justify;\">Para Adriane, o projeto proporciona ao seu \u201cpovo quilombola\u201d a oportunidade de falar o que est\u00e3o passando. \u201cAs comunidades s\u00e3o separadas, como ilhas, cada uma tem dificuldades espec\u00edficas e passam por processos diferentes. Durante as oficinas, cada representante tem a possibilidade de falar, de acordo com a vis\u00e3o dele, e essa experiencia de interc\u00e2mbio de informa\u00e7\u00f5es e de serem ouvidos e de escutarem os demais, me deixou muito feliz e a eles tamb\u00e9m\u201d, disse, referindo-se \u00e0 primeira oficina do projeto realizada no m\u00eas de novembro no territ\u00f3rio quilombola do Andir\u00e1.<\/p>\n<p><img decoding=\"async\" class=\"aligncenter size-large wp-image-38411\" src=\"https:\/\/amazonia.fiocruz.br\/wp-content\/uploads\/2023\/03\/Reuniao-Frente-3-do-Projeto-USAID-PALLADIUM_Foto-Ingrid-Anne_Fiocruz-Amazonia_04.10-11-1030x687.jpg\" alt=\"\" width=\"1030\" height=\"687\" srcset=\"https:\/\/amazonia.fiocruz.br\/wp-content\/uploads\/2023\/03\/Reuniao-Frente-3-do-Projeto-USAID-PALLADIUM_Foto-Ingrid-Anne_Fiocruz-Amazonia_04.10-11-1030x687.jpg 1030w, https:\/\/amazonia.fiocruz.br\/wp-content\/uploads\/2023\/03\/Reuniao-Frente-3-do-Projeto-USAID-PALLADIUM_Foto-Ingrid-Anne_Fiocruz-Amazonia_04.10-11-300x200.jpg 300w, https:\/\/amazonia.fiocruz.br\/wp-content\/uploads\/2023\/03\/Reuniao-Frente-3-do-Projeto-USAID-PALLADIUM_Foto-Ingrid-Anne_Fiocruz-Amazonia_04.10-11-768x512.jpg 768w, https:\/\/amazonia.fiocruz.br\/wp-content\/uploads\/2023\/03\/Reuniao-Frente-3-do-Projeto-USAID-PALLADIUM_Foto-Ingrid-Anne_Fiocruz-Amazonia_04.10-11-1536x1024.jpg 1536w, https:\/\/amazonia.fiocruz.br\/wp-content\/uploads\/2023\/03\/Reuniao-Frente-3-do-Projeto-USAID-PALLADIUM_Foto-Ingrid-Anne_Fiocruz-Amazonia_04.10-11-2048x1365.jpg 2048w, https:\/\/amazonia.fiocruz.br\/wp-content\/uploads\/2023\/03\/Reuniao-Frente-3-do-Projeto-USAID-PALLADIUM_Foto-Ingrid-Anne_Fiocruz-Amazonia_04.10-11-1500x1000.jpg 1500w, https:\/\/amazonia.fiocruz.br\/wp-content\/uploads\/2023\/03\/Reuniao-Frente-3-do-Projeto-USAID-PALLADIUM_Foto-Ingrid-Anne_Fiocruz-Amazonia_04.10-11-705x470.jpg 705w\" sizes=\"(max-width: 1030px) 100vw, 1030px\" \/><\/p>\n<p style=\"text-align: justify;\">O atendimento \u00e0 sa\u00fade \u00e9 uma das quest\u00f5es mais negligenciadas, na opini\u00e3o da apoiadora. \u201cSomos esquecidos pelo poder p\u00fablico. No posto de sa\u00fade, temos a sala de vacina, mas n\u00e3o temos vacina na sala, inclusive a da COVID-19. Temos uma sala de odontologia mas n\u00e3o tem profissional para estar l\u00e1. N\u00e3o h\u00e1 trabalhadores da sa\u00fade para colocar a unidade em funcionamento\u201d, revela Adriane, citando ainda a dificuldade de deslocamento com a \u00fanica ambulancha da comunidade, que \u00e9 de pequeno porte e coloca em risco a vida dos ocupantes, em caso de vento forte durante a travessia do Rio Andir\u00e1. \u201cS\u00f3 o munic\u00edpio-polo, Barreirinha, tem a UBS que responde pelas cinco comunidades e n\u00e3o \u00e9 seguro transportar mais de um paciente por comunidade, em caso de necessidade\u201d, relata, citando ainda problemas com qualidade da \u00e1gua consumida na comunidade e alcoolismo e aus\u00eancia de orienta\u00e7\u00e3o sexual e reprodutiva entre os jovens.<\/p>\n<p style=\"text-align: justify;\">Elisandra Pereira Simas, 32, professora e residente na comunidade quilombola de Santa Maria do Igarap\u00e9 do Mato, pertencente a Urucurituba, explica que a luta na comunidade \u00e9 pelo reconhecimento enquanto territ\u00f3rio remanescente de quilombo. \u201cA import\u00e2ncia do territ\u00f3rio quilombola no contexto da sa\u00fade p\u00fablica, na minha opini\u00e3o, tem que ser vista de forma diversificada, diferente. Quando se trata de quilombo, a sa\u00fade p\u00fablica tem que ser vista de outra forma. A Fiocruz foi essencial na oficina ocorrida em novembro, no Matupiri, porque tirou muitas d\u00favidas em rela\u00e7\u00e3o aos quilombolas. Rem\u00e9dios que n\u00e3o podem ser tomados, vacinas que s\u00e3o obrigat\u00f3rias e muitos sequer tinham conhecimento. Ent\u00e3o \u00e9 muito importante esse olha da sa\u00fade p\u00fablica para com os quilombolas\u201d, ressaltou.<\/p>\n<p style=\"text-align: justify;\">Na comunidade de Santa Maria do Igarap\u00e9 do Mato, os moradores n\u00e3o tem acesso \u00e0 atendimento p\u00fablico de sa\u00fade. \u201cNossa comunidade pertence a Urucurituba, mas a unidade fluvial pertencente ao munic\u00edpio n\u00e3o chega at\u00e9 a comunidade. \u00c9 muito raro ter atendimento m\u00e9dico, vacina\u00e7\u00e3o em dia. Geralmente nossas crian\u00e7as sofrem com esse problema porque quando chegam l\u00e1 est\u00e3o com a vacina\u00e7\u00e3o atrasada e sofrem por ter que tomar todas as doses de uma vez. As dificuldades elas existem e s\u00e3o cru\u00e9is\u201d, lamenta Elisandra, sugerindo a aquisi\u00e7\u00e3o de uma lancha de maior pot\u00eancia para atendimento \u00e0s comunidades.<\/p>\n<p style=\"text-align: justify;\"><strong>APOIADORES DO COSEMS<\/strong><\/p>\n<p style=\"text-align: justify;\">Cristiano Fernandes, assessor t\u00e9cnico da Vigil\u00e2ncia em Sa\u00fade do Cosems-AM, ressalta a import\u00e2ncia dos esfor\u00e7os desenvolvidos pela equipe dos apoiadores do Conselho de Secret\u00e1rios do Amazonas para a execu\u00e7\u00e3o do projeto. \u201cEles (os apoiadores), na verdade, fazem um trabalho que \u00e9 rotina, uma vez que a gente apoia, atende e mant\u00e9m contato com todos os secret\u00e1rios e todas as secretarias municipais de sa\u00fade e consequentemente com as equipes t\u00e9cnicas das respectivas secretarias, o que inclui a coordena\u00e7\u00e3o de imuniza\u00e7\u00e3o, aten\u00e7\u00e3o prim\u00e1ria, vigil\u00e2ncia epidemiol\u00f3gica, enfim, o projeto \u00e9 uma oportunidade de colocarmos as nossas equipes em contato direto com essas diferentes realidades\u201d, observa o assessor t\u00e9cnico.<\/p>\n<p style=\"text-align: justify;\">Cristiano explica que o Cosems atuou diretamente na indica\u00e7\u00e3o de apoiadores do projeto atrav\u00e9s do contato di\u00e1rio das equipes com os munic\u00edpios. \u201cA partir do trabalho que \u00e9 feito junto \u00e0s comunidades, foi poss\u00edvel mobilizar as lideran\u00e7as-refer\u00eancias, incluindo t\u00e9cnicos e agentes comunit\u00e1rios de sa\u00fade, que est\u00e3o na ponta\u201d, afirmou, lembrando que o esfor\u00e7o de mobiliza\u00e7\u00e3o envolveu a realiza\u00e7\u00e3o de oficinas e reuni\u00f5es peri\u00f3dicas, entre as quais o encontro mensal com os secret\u00e1rios de Sa\u00fade, onde s\u00e3o apresentados os projetos que est\u00e3o sendo desenvolvidos tanto em parceria com outras institui\u00e7\u00f5es quanto pelo pr\u00f3prio Cosems, oportunidade em que mobilizam e sensibilizam as autoridades de sa\u00fade para a ades\u00e3o aos projetos.<\/p>\n<p style=\"text-align: justify;\">\u201cPrecisamos da ades\u00e3o dos secret\u00e1rios, e a partir da\u00ed desenvolvemos com os respectivos contatos que s\u00e3o os pontos focais\u201d, explica. Segundo Cristiano, as parcerias t\u00eam sido extremamente importantes. \u201cA Fiocruz j\u00e1 trabalha h\u00e1 muito tempo em parcerias com o Cosems-AM e outras institui\u00e7\u00f5es p\u00fablicas e tem sido extremamente importantes essas experi\u00eancias de projetos de pesquisa e tenho certeza que temos contribu\u00eddo bastante, assim como a Fiocruz tem contribu\u00eddo nos projetos do Cosems\u201d.<\/p>\n<p style=\"text-align: justify;\"><strong>SOBRE OS PARCEIROS\u00a0<\/strong><\/p>\n<p style=\"text-align: justify;\"><em>No Brasil, a USAID, a NPI EXPAND e a SITAWI Finan\u00e7as do Bem se uniram para criar uma parceria para apoiar a Resposta \u00e0 COVID-19 na Amaz\u00f4nia. Entre 2020 e 2021, a primeira fase do projeto do NPI EXPAND Resposta \u00e0 COVID-19 na Amaz\u00f4nia distribuiu mais de 23 mil cestas b\u00e1sicas e kits de higiene, capacitou mais de 500 agentes comunit\u00e1rios de sa\u00fade, doou mais de 1,4 milh\u00e3o de m\u00e1scaras feitas por costureiras locais e divulgou mensagens educativas de preven\u00e7\u00e3o para mais de 875 mil pessoas na regi\u00e3o. A Fase 2 est\u00e1 promovendo maior resili\u00eancia das comunidades amaz\u00f4nicas atrav\u00e9s do apoio amplo a vacina\u00e7\u00e3o contra a COVID-19, campanhas de informa\u00e7\u00e3o e combate \u00e0 fake News, e apoiando os sistemas locais de sa\u00fade na regi\u00e3o com equipamentos e insumos para detectar, prevenir e controlar a transmiss\u00e3o de Covid-19, bem como realizar o acompanhamento de casos agudos de COVID-19 e tratar as sequelas de s\u00edndrome p\u00f3s-COVID-19.<\/em><\/p>\n<\/div><\/section>\n","protected":false},"excerpt":{"rendered":"<p>O treinamento dos apoiadores abordou os caminhos a serem percorridos pelos facilitadores em cada um dos territ\u00f3rios selecionados<\/p>\n","protected":false},"author":20,"featured_media":38409,"comment_status":"closed","ping_status":"closed","sticky":true,"template":"","format":"image","meta":{"footnotes":""},"categories":[15],"tags":[136,120,119,131,125,1135],"class_list":["post-38408","post","type-post","status-publish","format-image","has-post-thumbnail","hentry","category-noticias","tag-fiocruz","tag-fiocruz-amazonia","tag-ilmd","tag-ilmdfiocruz-amazonia","tag-pesquisa","tag-usaid","post_format-post-format-image"],"_links":{"self":[{"href":"https:\/\/amazonia.fiocruz.br\/index.php?rest_route=\/wp\/v2\/posts\/38408","targetHints":{"allow":["GET"]}}],"collection":[{"href":"https:\/\/amazonia.fiocruz.br\/index.php?rest_route=\/wp\/v2\/posts"}],"about":[{"href":"https:\/\/amazonia.fiocruz.br\/index.php?rest_route=\/wp\/v2\/types\/post"}],"author":[{"embeddable":true,"href":"https:\/\/amazonia.fiocruz.br\/index.php?rest_route=\/wp\/v2\/users\/20"}],"replies":[{"embeddable":true,"href":"https:\/\/amazonia.fiocruz.br\/index.php?rest_route=%2Fwp%2Fv2%2Fcomments&post=38408"}],"version-history":[{"count":1,"href":"https:\/\/amazonia.fiocruz.br\/index.php?rest_route=\/wp\/v2\/posts\/38408\/revisions"}],"predecessor-version":[{"id":38412,"href":"https:\/\/amazonia.fiocruz.br\/index.php?rest_route=\/wp\/v2\/posts\/38408\/revisions\/38412"}],"wp:featuredmedia":[{"embeddable":true,"href":"https:\/\/amazonia.fiocruz.br\/index.php?rest_route=\/wp\/v2\/media\/38409"}],"wp:attachment":[{"href":"https:\/\/amazonia.fiocruz.br\/index.php?rest_route=%2Fwp%2Fv2%2Fmedia&parent=38408"}],"wp:term":[{"taxonomy":"category","embeddable":true,"href":"https:\/\/amazonia.fiocruz.br\/index.php?rest_route=%2Fwp%2Fv2%2Fcategories&post=38408"},{"taxonomy":"post_tag","embeddable":true,"href":"https:\/\/amazonia.fiocruz.br\/index.php?rest_route=%2Fwp%2Fv2%2Ftags&post=38408"}],"curies":[{"name":"wp","href":"https:\/\/api.w.org\/{rel}","templated":true}]}}