{"id":38324,"date":"2023-03-01T11:41:19","date_gmt":"2023-03-01T15:41:19","guid":{"rendered":"https:\/\/amazonia.fiocruz.br\/?p=38324"},"modified":"2023-03-02T12:31:58","modified_gmt":"2023-03-02T16:31:58","slug":"fiocruz-amazonia-lanca-projeto-que-visa-formar-agentes-populares-de-saude-no-interior-do-amazonas","status":"publish","type":"post","link":"https:\/\/amazonia.fiocruz.br\/?p=38324","title":{"rendered":"Fiocruz Amaz\u00f4nia lan\u00e7a projeto que visa formar agentes populares de sa\u00fade no interior do Amazonas"},"content":{"rendered":"<section class=\"av_textblock_section \"  itemscope=\"itemscope\" itemtype=\"https:\/\/schema.org\/BlogPosting\" itemprop=\"blogPost\" ><div class='avia_textblock  '   itemprop=\"text\" ><p style=\"text-align: justify;\">O Instituto Le\u00f4nidas &amp; Maria Deane (ILMD\/Fiocruz Amaz\u00f4nia), em parceria com organiza\u00e7\u00f5es da sociedade civil e a Universidade do Estado do Amazonas (UEA), lan\u00e7a no pr\u00f3ximo dia 6\/03, em Manaus, o Projeto Agentes Populares de Sa\u00fade \u2013 Solidariedade para Combater a Covid-19 e a Fome em munic\u00edpios do interior do Amazonas. O projeto tem como objetivo ampliar a capacidade de resposta \u00e0s doen\u00e7as e agravos, a partir das experi\u00eancias e da repercuss\u00e3o decorrente da pandemia da Covid-19, levando lideran\u00e7as comunit\u00e1rias, grupos religiosos e moradores locais a participar do processo de dissemina\u00e7\u00e3o de valores, conceitos e pr\u00e1ticas emancipat\u00f3rias da solidariedade ativa, controle social e defesa dos direitos fundamentais dos cidad\u00e3os, como sa\u00fade, alimenta\u00e7\u00e3o e seguran\u00e7a. O projeto iniciar\u00e1 pelos munic\u00edpios de Manaus, Fonte Boa, Juta\u00ed e Uarini e \u00e9 viabilizado por meio de emenda parlamentar do deputado Jos\u00e9 Ricardo.<\/p>\n<p style=\"text-align: justify;\">\u201cO p\u00fablico preferencial s\u00e3o pessoas que exer\u00e7am um papel social na comunidade, como l\u00edderes comunit\u00e1rios, de organiza\u00e7\u00f5es da sociedade civil ou religiosas\u201d, explica o pesquisador em Sa\u00fade P\u00fablica da Fiocruz Amaz\u00f4nia, Marc\u00edlio Medeiros, coordenador do projeto. Ser\u00e3o oferecidos cursos de forma\u00e7\u00e3o, com carga hor\u00e1ria de 45 horas\/aula, compostos por tr\u00eas m\u00f3dulos tem\u00e1ticos \u2013 Vacina\u00e7\u00e3o, Inseguran\u00e7a Alimentar e Viol\u00eancia Dom\u00e9stica, com parte presencial e dispersiva. Ele explica que, para participar, o interessado deve ser maior de idade, pertencer ao territ\u00f3rio em quest\u00e3o e encaminhar proposta de ades\u00e3o, por escrito, \u00e0 coordena\u00e7\u00e3o do projeto, atrav\u00e9s do email marcilio.medeiros@fiocruz.br . \u201c\u00c9 importante que o participante seja alfabetizado e esteja disposto a construir uma rede de solidariedade ativa em defesa do bem-estar das popula\u00e7\u00f5es\u201d, afirma Medeiros.<\/p>\n<p style=\"text-align: justify;\">\u00c0 medida em que forem sendo formadas turmas de agentes populares de sa\u00fade, outros munic\u00edpios poder\u00e3o ser incorporados ao projeto, bem como poder\u00e1 ser feita a inser\u00e7\u00e3o de outras doen\u00e7as e agravos, que apresentaram recrudescimento no contexto da pandemia. A inten\u00e7\u00e3o do projeto \u00e9 formar at\u00e9 100 agentes populares de sa\u00fade nessa primeira etapa. \u201cAs atividades compreender\u00e3o o enfrentamento da baixa cobertura vacinal, com a\u00e7\u00f5es voltadas sobretudo para os indiv\u00edduos n\u00e3o vacinados contra as quatro doses da vacina contra a Covid-19 e as fam\u00edlias em situa\u00e7\u00e3o de inseguran\u00e7a alimentar\u201d. A execu\u00e7\u00e3o do projeto compreendeu a elabora\u00e7\u00e3o de material did\u00e1tico em formato impresso e digital, caderno de cadastro e acompanhamento das fam\u00edlias, e, ao final, a realiza\u00e7\u00e3o de oficina participativa de avalia\u00e7\u00e3o da situa\u00e7\u00e3o da sa\u00fade da comunidade.<\/p>\n<p style=\"text-align: justify;\">Os interessados dever\u00e3o participar da \u00edntegra da forma\u00e7\u00e3o (45 horas\/aula) e da oficina de avalia\u00e7\u00e3o, apresentando documento s\u00edntese de encaminhamento das situa\u00e7\u00f5es deficit\u00e1rias para as atividades municipais. Haver\u00e1 certifica\u00e7\u00e3o de todos os participantes, bem como entrega dos kits composto por uniforme (bon\u00e9 e camisa), material did\u00e1tico, caderno de anota\u00e7\u00f5es no formato impresso e em v\u00eddeo (DVD ou pendrive).<\/p>\n<p style=\"text-align: justify;\">O registro e o fluxo dos dados dos casos de pessoas ou fam\u00edlias n\u00e3o vacinadas contra a Covid-19 ou n\u00e3o outras vacinas por outras doses do calend\u00e1rio do Programa Nacional de Imuniza\u00e7\u00e3o, assim como em situa\u00e7\u00e3o de inseguran\u00e7a alimentar (fome), ser\u00e3o documentados no Caderno de Cadastro e de Acompanhamento das Fam\u00edlias em formato impresso (cartilha) e\/ou digital (Aplicativo para Smartphone) Posteriormente, ap\u00f3s consolida\u00e7\u00e3o dos dados pelos coordenadores do projeto, substanciadas pelos relatos qualitativos dos Agentes Populares de Sa\u00fade das situa\u00e7\u00f5es registradas, ser\u00e3o encaminhadas para a Secretaria de Sa\u00fade e para a Secretaria de A\u00e7\u00e3o Social dos munic\u00edpios. Ambas as Secretarias agendar\u00e3o visitas domiciliares e busca ativa nos territ\u00f3rios para as interven\u00e7\u00f5es e a\u00e7\u00f5es necess\u00e1rias.<\/p>\n<\/div><\/section>\n","protected":false},"excerpt":{"rendered":"<p>O projeto tem como objetivo ampliar a capacidade de resposta \u00e0s doen\u00e7as e agravos, a partir das experi\u00eancias e da repercuss\u00e3o decorrente da pandemia da Covid-19<\/p>\n","protected":false},"author":20,"featured_media":38325,"comment_status":"closed","ping_status":"closed","sticky":true,"template":"","format":"image","meta":{"footnotes":""},"categories":[8,15],"tags":[136,120,119,131],"class_list":["post-38324","post","type-post","status-publish","format-image","has-post-thumbnail","hentry","category-imagens","category-noticias","tag-fiocruz","tag-fiocruz-amazonia","tag-ilmd","tag-ilmdfiocruz-amazonia","post_format-post-format-image"],"_links":{"self":[{"href":"https:\/\/amazonia.fiocruz.br\/index.php?rest_route=\/wp\/v2\/posts\/38324","targetHints":{"allow":["GET"]}}],"collection":[{"href":"https:\/\/amazonia.fiocruz.br\/index.php?rest_route=\/wp\/v2\/posts"}],"about":[{"href":"https:\/\/amazonia.fiocruz.br\/index.php?rest_route=\/wp\/v2\/types\/post"}],"author":[{"embeddable":true,"href":"https:\/\/amazonia.fiocruz.br\/index.php?rest_route=\/wp\/v2\/users\/20"}],"replies":[{"embeddable":true,"href":"https:\/\/amazonia.fiocruz.br\/index.php?rest_route=%2Fwp%2Fv2%2Fcomments&post=38324"}],"version-history":[{"count":1,"href":"https:\/\/amazonia.fiocruz.br\/index.php?rest_route=\/wp\/v2\/posts\/38324\/revisions"}],"predecessor-version":[{"id":38326,"href":"https:\/\/amazonia.fiocruz.br\/index.php?rest_route=\/wp\/v2\/posts\/38324\/revisions\/38326"}],"wp:featuredmedia":[{"embeddable":true,"href":"https:\/\/amazonia.fiocruz.br\/index.php?rest_route=\/wp\/v2\/media\/38325"}],"wp:attachment":[{"href":"https:\/\/amazonia.fiocruz.br\/index.php?rest_route=%2Fwp%2Fv2%2Fmedia&parent=38324"}],"wp:term":[{"taxonomy":"category","embeddable":true,"href":"https:\/\/amazonia.fiocruz.br\/index.php?rest_route=%2Fwp%2Fv2%2Fcategories&post=38324"},{"taxonomy":"post_tag","embeddable":true,"href":"https:\/\/amazonia.fiocruz.br\/index.php?rest_route=%2Fwp%2Fv2%2Ftags&post=38324"}],"curies":[{"name":"wp","href":"https:\/\/api.w.org\/{rel}","templated":true}]}}