{"id":38283,"date":"2023-02-16T12:52:11","date_gmt":"2023-02-16T16:52:11","guid":{"rendered":"https:\/\/amazonia.fiocruz.br\/?p=38283"},"modified":"2024-03-13T10:06:35","modified_gmt":"2024-03-13T14:06:35","slug":"fiocruz-amazonia-e-ibama-alinham-atividades-de-investigacao-de-patogenos-em-animais-silvestres-para-2023","status":"publish","type":"post","link":"https:\/\/amazonia.fiocruz.br\/?p=38283","title":{"rendered":"Fiocruz Amaz\u00f4nia e Ibama alinham atividades de investiga\u00e7\u00e3o de pat\u00f3genos em animais silvestres para 2023"},"content":{"rendered":"<section class=\"av_textblock_section \"  itemscope=\"itemscope\" itemtype=\"https:\/\/schema.org\/BlogPosting\" itemprop=\"blogPost\" ><div class='avia_textblock  '   itemprop=\"text\" ><p style=\"text-align: justify;\">O Instituto Le\u00f4nidas &amp; Maria Deane (ILMD\/Fiocruz Amaz\u00f4nia) e o Instituto Brasileiro do Meio Ambiente e Recursos Naturais Renov\u00e1veis (Ibama) dar\u00e3o continuidade em 2023 \u00e0s atividades desenvolvidas pelo projeto de investiga\u00e7\u00e3o de pat\u00f3genos causadores de doen\u00e7as de origem animal, a\u00e7\u00e3o que integra o Programa Sa\u00fade \u00danica da Fiocruz Amaz\u00f4nia. O objetivo do programa \u00e9 promover um alinhamento de protocolos e informa\u00e7\u00f5es sobre os resultados das an\u00e1lises de amostras de material biol\u00f3gico coletados de esp\u00e9cimes da fauna amaz\u00f4nica recebidos pelo Centro de Triagem de Animais Silvestres (Cetas) do Ibama, em Manaus, e a partir deles permitir o mapeamento da ocorr\u00eancia de poss\u00edveis surtos de novas doen\u00e7as infectocontagiosas e o ressurgimento de outras. O projeto, financiado pela Funda\u00e7\u00e3o de Amparo \u00e0 Pesquisa do Estado do Amazonas (Fapeam), conta ainda com a parceria do Instituto Chico Mendes de Biodiversidade (ICMBio) e o Projeto Sauim de Coleira, da Universidade Federal do Amazonas (Ufam).<\/p>\n<p style=\"text-align: justify;\">No \u00faltimo dia 2\/02, representantes das institui\u00e7\u00f5es parceiras se reuniram na sede do Cetas-Ibama, em Manaus, para a primeira reuni\u00e3o de alinhamento e planejamento de atividades para 2023. A pesquisadora da Fiocruz Amaz\u00f4nia Alessandra Nava, que coordena o programa, afirma que o acordo de coopera\u00e7\u00e3o prev\u00ea ainda, entre outras atividades, o aux\u00edlio ao Cetas-Ibama em rela\u00e7\u00e3o \u00e0 sanidade dos animais recebidos e a conserva\u00e7\u00e3o da biodiversidade. A Fiocruz Amaz\u00f4nia possui um biobanco da vida silvestre com amostras de mais de 200 animais, entre morcegos, primatas e roedores, coletados na floresta (Cetas, \u00e1reas da Ufam, florestas preservadas, al\u00e9m do assentamento Rio Pardo, na BR-174 (Manaus-Boa Vista), no munic\u00edpio de Presidente Figueiredo. Participaram da reuniao a analista ambiental Nat\u00e1lia Lima, chefe do N\u00facleo de Apoio ao Cetas\/Ibama\/AM, e a t\u00e9cnica ambiental C\u00e9lia Alice Peron Castro.<\/p>\n<p style=\"text-align: justify;\">Alessandra Nava explica que o projeto investiga aspectos sanit\u00e1rios e epidemiol\u00f3gicos dos animais recebidos pelo Cetas. \u201cAcessamos o material biol\u00f3gico para poder entender a preval\u00eancia de algumas doen\u00e7as virais, parasit\u00e1rias que acometem a popula\u00e7\u00e3o silvestre. S\u00e3o animais que v\u00eam de v\u00e1rias partes do Estado, sobretudo em fun\u00e7\u00e3o do desmatamento, o que nos permite um mapeamento das preval\u00eancias\u201d, explica ela, lembrando que a unidade recebe tanto animais mantidos em cativeiro quanto de vida livre que sofreram algum tipo de trauma (v\u00edtimas de atropelamento, choque el\u00e9trico, entre outros). O conceito de Sa\u00fade \u00danica, difundido mundialmente, associa sa\u00fade humana, animal e ambiental, como fatores que interagem entre si de forma indissoci\u00e1vel.<\/p>\n<p style=\"text-align: justify;\">A pesquisadora ressalta que este ano pretende estender a parceria da Fiocruz Amaz\u00f4nia com outros \u00f3rg\u00e3os que lidam diretamente com a quest\u00e3o da conserva\u00e7\u00e3o da fauna no Estado. \u201cNossa inten\u00e7\u00e3o \u00e9 reunir os v\u00e1rios parceiros para interc\u00e2mbio de experi\u00eancias e dissemina\u00e7\u00e3o de informa\u00e7\u00f5es. O intuito \u00e9 convidarmos \u00f3rg\u00e3os envolvidos com o resgate de fauna e a sa\u00fade do Estado, a exemplo do Instituto de Prote\u00e7\u00e3o Ambiental do Amazonas (Ipaam), Batalh\u00e3o Ambiental da Pol\u00edtica Militar e Secretaria de Estado de Meio Ambiente (Sema) e Funda\u00e7\u00e3o de Vigil\u00e2ncia em Sa\u00fade (FVS) para compor essa rede de monitoramento ativo\u201d, destacou.<\/p>\n<p><em><strong>ILMD\/Fiocruz Amaz\u00f4nia, por J\u00falio Pedrosa<\/strong><\/em><\/p>\n<p><em><strong>Foto: Divulga\u00e7\u00e3o \/ ILMD<\/strong><\/em><\/p>\n<\/div><\/section>\n","protected":false},"excerpt":{"rendered":"<p>o projeto investiga aspectos sanit\u00e1rios e epidemiol\u00f3gicos dos animais recebidos pelo Cetas. <\/p>\n","protected":false},"author":20,"featured_media":38284,"comment_status":"closed","ping_status":"closed","sticky":true,"template":"","format":"image","meta":{"footnotes":""},"categories":[15],"tags":[136,120,119,131],"class_list":["post-38283","post","type-post","status-publish","format-image","has-post-thumbnail","hentry","category-noticias","tag-fiocruz","tag-fiocruz-amazonia","tag-ilmd","tag-ilmdfiocruz-amazonia","post_format-post-format-image"],"_links":{"self":[{"href":"https:\/\/amazonia.fiocruz.br\/index.php?rest_route=\/wp\/v2\/posts\/38283","targetHints":{"allow":["GET"]}}],"collection":[{"href":"https:\/\/amazonia.fiocruz.br\/index.php?rest_route=\/wp\/v2\/posts"}],"about":[{"href":"https:\/\/amazonia.fiocruz.br\/index.php?rest_route=\/wp\/v2\/types\/post"}],"author":[{"embeddable":true,"href":"https:\/\/amazonia.fiocruz.br\/index.php?rest_route=\/wp\/v2\/users\/20"}],"replies":[{"embeddable":true,"href":"https:\/\/amazonia.fiocruz.br\/index.php?rest_route=%2Fwp%2Fv2%2Fcomments&post=38283"}],"version-history":[{"count":2,"href":"https:\/\/amazonia.fiocruz.br\/index.php?rest_route=\/wp\/v2\/posts\/38283\/revisions"}],"predecessor-version":[{"id":42471,"href":"https:\/\/amazonia.fiocruz.br\/index.php?rest_route=\/wp\/v2\/posts\/38283\/revisions\/42471"}],"wp:featuredmedia":[{"embeddable":true,"href":"https:\/\/amazonia.fiocruz.br\/index.php?rest_route=\/wp\/v2\/media\/38284"}],"wp:attachment":[{"href":"https:\/\/amazonia.fiocruz.br\/index.php?rest_route=%2Fwp%2Fv2%2Fmedia&parent=38283"}],"wp:term":[{"taxonomy":"category","embeddable":true,"href":"https:\/\/amazonia.fiocruz.br\/index.php?rest_route=%2Fwp%2Fv2%2Fcategories&post=38283"},{"taxonomy":"post_tag","embeddable":true,"href":"https:\/\/amazonia.fiocruz.br\/index.php?rest_route=%2Fwp%2Fv2%2Ftags&post=38283"}],"curies":[{"name":"wp","href":"https:\/\/api.w.org\/{rel}","templated":true}]}}