{"id":38261,"date":"2023-02-14T16:30:23","date_gmt":"2023-02-14T20:30:23","guid":{"rendered":"https:\/\/amazonia.fiocruz.br\/?p=38261"},"modified":"2023-02-14T16:30:24","modified_gmt":"2023-02-14T20:30:24","slug":"professor-da-usp-ministra-aula-do-doutorado-em-saude-publica-da-fiocruz-amazonia","status":"publish","type":"post","link":"https:\/\/amazonia.fiocruz.br\/?p=38261","title":{"rendered":"Professor da USP ministra aula do Doutorado em Sa\u00fade P\u00fablica da Fiocruz Amaz\u00f4nia"},"content":{"rendered":"<section class=\"av_textblock_section \"  itemscope=\"itemscope\" itemtype=\"https:\/\/schema.org\/BlogPosting\" itemprop=\"blogPost\" ><div class='avia_textblock  '   itemprop=\"text\" ><p style=\"text-align: justify;\">A convite do Instituto Le\u00f4nidas &amp; Maria Deane (ILMD\/Fiocruz Amaz\u00f4nia), o m\u00e9dico epidemiologista Fredi Alexander Diaz Quijano, professor do Departamento de Epidemiologia da Faculdade de Sa\u00fade P\u00fablica da Universidade de S\u00e3o Paulo (USP) veio a Manaus para ministrar disciplina de Infer\u00eancia Causal em Epidemiologia para os discentes do Doutorado em Sa\u00fade P\u00fablica na Amaz\u00f4nia (DASPAM). O programa \u00e9 oferecido por meio de cons\u00f3rcio entre a Fiocruz Amaz\u00f4nia, Universidade do Estado do Amazonas (UEA) e Universidade Federal do Amazonas (Ufam). Doutor em Sa\u00fade P\u00fablica pela Universidade de S\u00e3o Paulo, Fredi realiza pesquisas sobre fatores de risco, ferramentas de diagn\u00f3stico, progn\u00f3stico e tratamento de eventos de interesse em sa\u00fade p\u00fablica, especialmente na \u00e1rea de doen\u00e7as infecciosas, sendo coordenador do Programa de P\u00f3s-Gradua\u00e7\u00e3o em Epidemiologia da USP.<\/p>\n<p style=\"text-align: justify;\">O DASPAM tem como objetivos capacitar pesquisadores para exercitar an\u00e1lises cr\u00edticas, utilizando, de forma integrada, conceitos e recursos metodol\u00f3gicos da sa\u00fade coletiva, biologia parasit\u00e1ria, epidemiologia, ci\u00eancias sociais aplicadas \u00e0 sa\u00fade, e de outras \u00e1reas conexas; desenvolver modelos anal\u00edticos de processos de sa\u00fade\/doen\u00e7a\/cuidados, tomando como refer\u00eancia o quadro epidemiol\u00f3gico, econ\u00f4mico, socioantropol\u00f3gico, hist\u00f3rico, biol\u00f3gico e ambiental no cen\u00e1rio regional e suas interfaces com os contextos nacional e internacional de globaliza\u00e7\u00e3o da Amaz\u00f4nia;\u00a0 e contribuir, te\u00f3rica e tecnicamente, para a formula\u00e7\u00e3o, implementa\u00e7\u00e3o e gest\u00e3o de pol\u00edticas setoriais, bem como atuar, neste campo, na doc\u00eancia e na pesquisa.<\/p>\n<p><img decoding=\"async\" class=\"aligncenter size-large wp-image-38263\" src=\"https:\/\/amazonia.fiocruz.br\/wp-content\/uploads\/2023\/02\/Professor-da-USP_Foto-Ingrid-Anne_Fiocruz-Amazonia-2-1030x687.jpg\" alt=\"\" width=\"1030\" height=\"687\" srcset=\"https:\/\/amazonia.fiocruz.br\/wp-content\/uploads\/2023\/02\/Professor-da-USP_Foto-Ingrid-Anne_Fiocruz-Amazonia-2-1030x687.jpg 1030w, https:\/\/amazonia.fiocruz.br\/wp-content\/uploads\/2023\/02\/Professor-da-USP_Foto-Ingrid-Anne_Fiocruz-Amazonia-2-300x200.jpg 300w, https:\/\/amazonia.fiocruz.br\/wp-content\/uploads\/2023\/02\/Professor-da-USP_Foto-Ingrid-Anne_Fiocruz-Amazonia-2-768x512.jpg 768w, https:\/\/amazonia.fiocruz.br\/wp-content\/uploads\/2023\/02\/Professor-da-USP_Foto-Ingrid-Anne_Fiocruz-Amazonia-2-1536x1024.jpg 1536w, https:\/\/amazonia.fiocruz.br\/wp-content\/uploads\/2023\/02\/Professor-da-USP_Foto-Ingrid-Anne_Fiocruz-Amazonia-2-2048x1365.jpg 2048w, https:\/\/amazonia.fiocruz.br\/wp-content\/uploads\/2023\/02\/Professor-da-USP_Foto-Ingrid-Anne_Fiocruz-Amazonia-2-1500x1000.jpg 1500w, https:\/\/amazonia.fiocruz.br\/wp-content\/uploads\/2023\/02\/Professor-da-USP_Foto-Ingrid-Anne_Fiocruz-Amazonia-2-705x470.jpg 705w\" sizes=\"(max-width: 1030px) 100vw, 1030px\" \/><\/p>\n<p style=\"text-align: justify;\">S\u00e3o duas as linhas de pesquisa do curso de Doutorado em Sa\u00fade P\u00fablica na Amaz\u00f4nia: \u201cDin\u00e2mica, Diagn\u00f3stico, Cuidado Cl\u00ednico e Controle de Doen\u00e7as Infecciosas End\u00eamicas na Amaz\u00f4nia\u201d e \u201cVulnerabilidade, Situa\u00e7\u00f5es de Sa\u00fade, Gest\u00e3o, Organiza\u00e7\u00e3o e Avalia\u00e7\u00e3o de Servi\u00e7os e Cuidados de APS na Amaz\u00f4nia\u201d. O egresso deve estar habilitado a planejar e desenvolver estudos em doen\u00e7as end\u00eamicas utilizando, de forma integrada, conceitos e recursos metodol\u00f3gicos da epidemiologia, biologia parasit\u00e1ria e vetorial, ci\u00eancias sociais e geografias aplicadas \u00e0 sa\u00fade e outras \u00e1reas conexas; produzir conhecimentos e informa\u00e7\u00f5es sobre organiza\u00e7\u00e3o, produ\u00e7\u00e3o e consumo de servi\u00e7os de sa\u00fade, com \u00eanfase em estudos de acessibilidade por popula\u00e7\u00f5es vulner\u00e1veis e\/ou residentes em regi\u00f5es remotas e suas interfaces com especificidades regionais e com os modelos de prote\u00e7\u00e3o social; contribuir em processos participativos voltados para planejamento, implanta\u00e7\u00e3o e avalia\u00e7\u00e3o de planos, programas e pr\u00e1ticas de sa\u00fade, oriundas dos diversos n\u00edveis do Sistema \u00danico de Sa\u00fade (SUS), bem como de organiza\u00e7\u00f5es representativas da sociedade civil regional.<\/p>\n<\/div><\/section>\n","protected":false},"excerpt":{"rendered":"<p>O pesquisador realiza estudos sobre fatores de risco, ferramentas de diagn\u00f3stico, progn\u00f3stico e tratamento de eventos de interesse em sa\u00fade p\u00fablica, <\/p>\n","protected":false},"author":20,"featured_media":38262,"comment_status":"closed","ping_status":"closed","sticky":true,"template":"","format":"image","meta":{"footnotes":""},"categories":[15],"tags":[136,120,119,131],"class_list":["post-38261","post","type-post","status-publish","format-image","has-post-thumbnail","hentry","category-noticias","tag-fiocruz","tag-fiocruz-amazonia","tag-ilmd","tag-ilmdfiocruz-amazonia","post_format-post-format-image"],"_links":{"self":[{"href":"https:\/\/amazonia.fiocruz.br\/index.php?rest_route=\/wp\/v2\/posts\/38261","targetHints":{"allow":["GET"]}}],"collection":[{"href":"https:\/\/amazonia.fiocruz.br\/index.php?rest_route=\/wp\/v2\/posts"}],"about":[{"href":"https:\/\/amazonia.fiocruz.br\/index.php?rest_route=\/wp\/v2\/types\/post"}],"author":[{"embeddable":true,"href":"https:\/\/amazonia.fiocruz.br\/index.php?rest_route=\/wp\/v2\/users\/20"}],"replies":[{"embeddable":true,"href":"https:\/\/amazonia.fiocruz.br\/index.php?rest_route=%2Fwp%2Fv2%2Fcomments&post=38261"}],"version-history":[{"count":1,"href":"https:\/\/amazonia.fiocruz.br\/index.php?rest_route=\/wp\/v2\/posts\/38261\/revisions"}],"predecessor-version":[{"id":38264,"href":"https:\/\/amazonia.fiocruz.br\/index.php?rest_route=\/wp\/v2\/posts\/38261\/revisions\/38264"}],"wp:featuredmedia":[{"embeddable":true,"href":"https:\/\/amazonia.fiocruz.br\/index.php?rest_route=\/wp\/v2\/media\/38262"}],"wp:attachment":[{"href":"https:\/\/amazonia.fiocruz.br\/index.php?rest_route=%2Fwp%2Fv2%2Fmedia&parent=38261"}],"wp:term":[{"taxonomy":"category","embeddable":true,"href":"https:\/\/amazonia.fiocruz.br\/index.php?rest_route=%2Fwp%2Fv2%2Fcategories&post=38261"},{"taxonomy":"post_tag","embeddable":true,"href":"https:\/\/amazonia.fiocruz.br\/index.php?rest_route=%2Fwp%2Fv2%2Ftags&post=38261"}],"curies":[{"name":"wp","href":"https:\/\/api.w.org\/{rel}","templated":true}]}}